{"id":19634,"date":"2023-11-06T08:11:24","date_gmt":"2023-11-06T11:11:24","guid":{"rendered":"https:\/\/radiobitacora.com.ar\/web\/?p=19634"},"modified":"2023-11-06T08:11:24","modified_gmt":"2023-11-06T11:11:24","slug":"convenio-con-la-universidad-de-la-cuenca-del-plata","status":"publish","type":"post","link":"https:\/\/radiobitacora.com.ar\/web\/2023\/11\/06\/convenio-con-la-universidad-de-la-cuenca-del-plata\/","title":{"rendered":"CONVENIO CON LA UNIVERSIDAD DE LA CUENCA DEL PLATA"},"content":{"rendered":"<h3><strong>Pr\u00e1cticas Profesionalizantes de los estudiantes de la carrera de Psicolog\u00eda.<\/strong><\/h3>\n<p>La Directora de Prevenci\u00f3n en Adicciones Vanesa Morales, coment\u00f3 sobre la firma de un convenio con esta casa de estudios superiores.<\/p>\n<p>La funcionaria, explic\u00f3: \u201cHemos firmado un Convenio desde la Municipalidad de Goya con la Universidad de la Cuenca del Plata, del mencionado acuerdo participamos el Secretario de Desarrollo Humano Julio Canteros; la Directora del DTC Karina Ram\u00edrez; el Delegado de la Sede Goya Jorge Masera, la directora de la Carrera de Psicolog\u00eda Joaquina Pedrozo, y yo, para facilitar la pasant\u00eda a los estudiantes de esa carrera, su pr\u00e1ctica profesionalizantes en la direcci\u00f3n en el \u00e1mbito del Dispositivo Territorial Comunitario.\u201d<\/p>\n<p><strong>PRIMERA COHORTE DE PSIC\u00d3LOGOS EN GOYA<\/strong><\/p>\n<p>Vanesa Morales, se\u00f1alo: \u201cEsta es la primera cohorte que se graduara en esa profesi\u00f3n, psic\u00f3logos, analizando la posibilidad de formarse para ejercer su profesi\u00f3n en \u00e1mbitos espec\u00edficos, porque no es lo mismo el ejercicio con ni\u00f1os, adultos, o consumos problem\u00e1ticos y entendemos que este \u00e1mbito de pr\u00e1ctica contribuir\u00e1 a la decisi\u00f3n de la rama de la carrera que buscaran perfeccionarse.\u201d<\/p>\n","protected":false},"excerpt":{"rendered":"<p>Pr\u00e1cticas Profesionalizantes de los estudiantes de la carrera de Psicolog\u00eda. La Directora de Prevenci\u00f3n en Adicciones Vanesa Morales, coment\u00f3 sobre la firma de un convenio con esta casa de estudios superiores. La funcionaria, explic\u00f3: \u201cHemos firmado un Convenio desde la Municipalidad de Goya con la Universidad de la Cuenca del Plata, del mencionado acuerdo participamos [&hellip;]<\/p>\n","protected":false},"author":2,"featured_media":19635,"comment_status":"closed","ping_status":"closed","sticky":false,"template":"","format":"standard","meta":{"footnotes":""},"categories":[56],"tags":[],"class_list":{"0":"post-19634","1":"post","2":"type-post","3":"status-publish","4":"format-standard","5":"has-post-thumbnail","7":"category-locales"},"_links":{"self":[{"href":"https:\/\/radiobitacora.com.ar\/web\/wp-json\/wp\/v2\/posts\/19634","targetHints":{"allow":["GET"]}}],"collection":[{"href":"https:\/\/radiobitacora.com.ar\/web\/wp-json\/wp\/v2\/posts"}],"about":[{"href":"https:\/\/radiobitacora.com.ar\/web\/wp-json\/wp\/v2\/types\/post"}],"author":[{"embeddable":true,"href":"https:\/\/radiobitacora.com.ar\/web\/wp-json\/wp\/v2\/users\/2"}],"replies":[{"embeddable":true,"href":"https:\/\/radiobitacora.com.ar\/web\/wp-json\/wp\/v2\/comments?post=19634"}],"version-history":[{"count":0,"href":"https:\/\/radiobitacora.com.ar\/web\/wp-json\/wp\/v2\/posts\/19634\/revisions"}],"wp:featuredmedia":[{"embeddable":true,"href":"https:\/\/radiobitacora.com.ar\/web\/wp-json\/wp\/v2\/media\/19635"}],"wp:attachment":[{"href":"https:\/\/radiobitacora.com.ar\/web\/wp-json\/wp\/v2\/media?parent=19634"}],"wp:term":[{"taxonomy":"category","embeddable":true,"href":"https:\/\/radiobitacora.com.ar\/web\/wp-json\/wp\/v2\/categories?post=19634"},{"taxonomy":"post_tag","embeddable":true,"href":"https:\/\/radiobitacora.com.ar\/web\/wp-json\/wp\/v2\/tags?post=19634"}],"curies":[{"name":"wp","href":"https:\/\/api.w.org\/{rel}","templated":true}]}}