{"id":19649,"date":"2023-11-06T08:29:26","date_gmt":"2023-11-06T11:29:26","guid":{"rendered":"https:\/\/radiobitacora.com.ar\/web\/?p=19649"},"modified":"2023-11-06T08:29:26","modified_gmt":"2023-11-06T11:29:26","slug":"roy-nikisch-es-el-intendente-electo-de-resistencia","status":"publish","type":"post","link":"https:\/\/radiobitacora.com.ar\/web\/2023\/11\/06\/roy-nikisch-es-el-intendente-electo-de-resistencia\/","title":{"rendered":"Roy Nikisch es el intendente electo de Resistencia"},"content":{"rendered":"<p>El radical Roy Nikisch se impuso por un c\u00f3modo margen y Juntos por el Cambio se alz\u00f3 con la intendencia de Resistencia, completando, as\u00ed, un a\u00f1o electoral en el que la coalici\u00f3n opositora logr\u00f3 arrebatarle la provincia al kirchnerista Jorge Capitanich con el triunfo en primera vuelta Leandro Zdero en los comicios de septiembre.<\/p>\n<p>&nbsp;<\/p>\n<p>Nikisch, que tiene 72 a\u00f1os y que fue gobernador de la provincia entre 2003 y 2007, se impuso como nuevo jefe comunal de la capital chaque\u00f1a con m\u00e1s del 43% de los votos, superando a Elida Cuesta, esposa del actual jefe comunal, el peronista Gustavo Mart\u00ednez (Corriente de Expresi\u00f3n Renovada), que obtuvo el 27% de los sufragios.<\/p>\n<p>&nbsp;<\/p>\n<p>Lejos de la disputa por la intendencia, con el 17,7% de los votos, qued\u00f3 el postulante del Frente Chaque\u00f1o, Diego Ar\u00e9valo, que representa al oficialismo provincial liderado por Capitanich, quien en diciembre deber\u00e1 abandonar interrumpiendo 16 a\u00f1os de gobierno peronistas en la provincia norte\u00f1a.<\/p>\n<p>&nbsp;<\/p>\n<p>Nikisch fue, precisamente, el \u00faltimo gobernador radical que tuvo la provincia. Ahora, el centenario partido volver\u00e1 al poder en Chaco de la mano de Leandro Zdero. Capitanich y el intendente Mart\u00ednez est\u00e1n enfrentados, al punto que Mart\u00ednez se postul\u00f3 a la gobernaci\u00f3n y dividi\u00f3 votos peronistas en los comicios que perdi\u00f3 el mandatario.<\/p>\n<p>&nbsp;<\/p>\n<p>l reconocimiento del triunfo de Juntos por el Cambio se produjo pocos minutos despu\u00e9s de las 20, tras lo cual Nikisch sali\u00f3 a festejar con sus seguidores en la sede del radicalismo en la capital provincial.<\/p>\n<p>&nbsp;<\/p>\n<p>En Qutilipi y como resultado de una elecci\u00f3n polarizada se impuso el candidato de Juntos por el Cambio, el radical Ariel &#8220;Quitito&#8221; Lovey, quien logr\u00f3, as\u00ed, su reelecci\u00f3n al frente de la comuna con m\u00e1s del 53% de los votos. En sgundo lugar y sin chances qued\u00f3 el peronista Emiliano Arce (Frente Chaque\u00f1o), con poco m\u00e1s del 40%.<\/p>\n<p>&nbsp;<\/p>\n<p>En Makall\u00e9, el radical Marcelo Angione logr\u00f3 retener la intendencia con su Nuevo Espacio de Participaci\u00f3n, fuerza local que cre\u00f3 luego de escindirse del Frente Chaco Somos Todos, nombre que adopt\u00f3 Juntos por el Cambio en la elecci\u00f3n de 2015 y sello con el lleg\u00f3 a la jefatura comunal.<\/p>\n<p>&nbsp;<\/p>\n<p>Angione alcanzaba el 40,5% de los votos, relegando al candidato de Juntos por el cambio, Marcelo Cabrera, que sumaba el 31,4%. Lejos de la pelea qued\u00f3, con poco m\u00e1s del 16%, el peronista Claudio Svirz, postulante del Frente Chaque\u00f1o que lidera Capitanich.<\/p>\n<p>&nbsp;<\/p>\n<p>Seg\u00fan informaci\u00f3n suministrada por el gobierno provincial, se registr\u00f3 una participaci\u00f3n del 62% del padr\u00f3n electoral, similar a la que concurri\u00f3 a la urnas en las elecciones primarias de junio \u00faltimo.<\/p>\n","protected":false},"excerpt":{"rendered":"<p>El radical Roy Nikisch se impuso por un c\u00f3modo margen y Juntos por el Cambio se alz\u00f3 con la intendencia de Resistencia, completando, as\u00ed, un a\u00f1o electoral en el que la coalici\u00f3n opositora logr\u00f3 arrebatarle la provincia al kirchnerista Jorge Capitanich con el triunfo en primera vuelta Leandro Zdero en los comicios de septiembre. &nbsp; [&hellip;]<\/p>\n","protected":false},"author":2,"featured_media":19650,"comment_status":"closed","ping_status":"closed","sticky":false,"template":"","format":"standard","meta":{"footnotes":""},"categories":[72],"tags":[],"class_list":{"0":"post-19649","1":"post","2":"type-post","3":"status-publish","4":"format-standard","5":"has-post-thumbnail","7":"category-provinciales"},"_links":{"self":[{"href":"https:\/\/radiobitacora.com.ar\/web\/wp-json\/wp\/v2\/posts\/19649","targetHints":{"allow":["GET"]}}],"collection":[{"href":"https:\/\/radiobitacora.com.ar\/web\/wp-json\/wp\/v2\/posts"}],"about":[{"href":"https:\/\/radiobitacora.com.ar\/web\/wp-json\/wp\/v2\/types\/post"}],"author":[{"embeddable":true,"href":"https:\/\/radiobitacora.com.ar\/web\/wp-json\/wp\/v2\/users\/2"}],"replies":[{"embeddable":true,"href":"https:\/\/radiobitacora.com.ar\/web\/wp-json\/wp\/v2\/comments?post=19649"}],"version-history":[{"count":0,"href":"https:\/\/radiobitacora.com.ar\/web\/wp-json\/wp\/v2\/posts\/19649\/revisions"}],"wp:featuredmedia":[{"embeddable":true,"href":"https:\/\/radiobitacora.com.ar\/web\/wp-json\/wp\/v2\/media\/19650"}],"wp:attachment":[{"href":"https:\/\/radiobitacora.com.ar\/web\/wp-json\/wp\/v2\/media?parent=19649"}],"wp:term":[{"taxonomy":"category","embeddable":true,"href":"https:\/\/radiobitacora.com.ar\/web\/wp-json\/wp\/v2\/categories?post=19649"},{"taxonomy":"post_tag","embeddable":true,"href":"https:\/\/radiobitacora.com.ar\/web\/wp-json\/wp\/v2\/tags?post=19649"}],"curies":[{"name":"wp","href":"https:\/\/api.w.org\/{rel}","templated":true}]}}