{"id":19667,"date":"2023-11-07T07:43:03","date_gmt":"2023-11-07T10:43:03","guid":{"rendered":"https:\/\/radiobitacora.com.ar\/web\/?p=19667"},"modified":"2023-11-07T07:43:03","modified_gmt":"2023-11-07T10:43:03","slug":"jefe-de-prefectura-dijo-que-goya-entra-en-estado-de-alerta","status":"publish","type":"post","link":"https:\/\/radiobitacora.com.ar\/web\/2023\/11\/07\/jefe-de-prefectura-dijo-que-goya-entra-en-estado-de-alerta\/","title":{"rendered":"JEFE DE PREFECTURA DIJO QUE GOYA ENTRA EN ESTADO DE ALERTA"},"content":{"rendered":"<h3><strong>El prefecto Walter Rodr\u00edguez dijo que el rio a 5,29 metros implica la entrada en alerta pero que no hay se\u00f1ales para la alama y que las Municipalidades de Goya y otros de la zona trabajan en forma coordinada con la Prefectura para responder eficazmente a los problemas que puede suscitar la crecida del rio.<\/strong><\/h3>\n<p>El jefe de la Prefectura Goya, Walter Rodr\u00edguez inform\u00f3 acerca del estado del rio en la costa de Goya.<\/p>\n<p>En un contacto con Radio Ciudad, el jefe prefecturiano dijo que \u201cel rio est\u00e1 en 5,29 metros en el puerto local, entramos en alerta\u201d.<\/p>\n<p>\u201cLa tendencia es la de seguir creciendo, seg\u00fan estad\u00edsticas, estoy leyendo que este martes 7 se espera algo de 5,80 metros\u201d, precis\u00f3.<\/p>\n<p>&nbsp;<\/p>\n<p><strong>TENER TRANQUILIDAD<img loading=\"lazy\" decoding=\"async\" class=\"size-medium wp-image-49288 alignright entered lazyloaded\" src=\"https:\/\/883radiociudad.gob.ar\/wp-content\/uploads\/2023\/11\/situacion-actual-hidrica-de-goya-prefecto-rodriguez-300x161.jpg.webp\" sizes=\"auto, (max-width: 300px) 100vw, 300px\" srcset=\"https:\/\/883radiociudad.gob.ar\/wp-content\/uploads\/2023\/11\/situacion-actual-hidrica-de-goya-prefecto-rodriguez-300x161.jpg.webp 300w, https:\/\/883radiociudad.gob.ar\/wp-content\/uploads\/2023\/11\/situacion-actual-hidrica-de-goya-prefecto-rodriguez.jpg.webp 637w\" alt=\"\" width=\"300\" height=\"161\" data-lazy-srcset=\"https:\/\/883radiociudad.gob.ar\/wp-content\/uploads\/2023\/11\/situacion-actual-hidrica-de-goya-prefecto-rodriguez-300x161.jpg.webp 300w, https:\/\/883radiociudad.gob.ar\/wp-content\/uploads\/2023\/11\/situacion-actual-hidrica-de-goya-prefecto-rodriguez.jpg.webp 637w\" data-lazy-sizes=\"(max-width: 300px) 100vw, 300px\" data-lazy-src=\"https:\/\/883radiociudad.gob.ar\/wp-content\/uploads\/2023\/11\/situacion-actual-hidrica-de-goya-prefecto-rodriguez-300x161.jpg.webp\" data-lazy-src-webp=\"https:\/\/883radiociudad.gob.ar\/wp-content\/uploads\/2023\/11\/situacion-actual-hidrica-de-goya-prefecto-rodriguez-300x161.jpg.webp\" data-lazy-srcset-webp=\"https:\/\/883radiociudad.gob.ar\/wp-content\/uploads\/2023\/11\/situacion-actual-hidrica-de-goya-prefecto-rodriguez-300x161.jpg.webp 300w, https:\/\/883radiociudad.gob.ar\/wp-content\/uploads\/2023\/11\/situacion-actual-hidrica-de-goya-prefecto-rodriguez.jpg.webp 637w\" data-ll-status=\"loaded\" \/><\/strong><\/p>\n<p>\u201cHay que tener tranquilidad. Todo el que vive en la zona de Costas y tiene mucha m\u00e1s experiencia. F\u00edjense que esta es la primera experiencia que tengo yo, en una crecida extraordinaria. Cuando yo llego el rio estaba a 0,50 metro y me toc\u00f3 la seca m\u00e1s grande que tuvo Goya y hoy me toca estar en esta etapa\u201d, coment\u00f3 el prefecto Rodr\u00edguez.<\/p>\n<p>&nbsp;<\/p>\n<p><strong>TRABAJO CON MUNICIPIOS<\/strong><\/p>\n<p>El jefe de la Prefectura dijo: \u201cQuiero llevarles tranquilidad, estamos trabajando con los tres municipios que tenemos nosotros con cercan\u00eda al rio que son Lavalle Goya y San Isidro. Hay que entender que hay comunicaci\u00f3n fluida: con el Ej\u00e9rcito, con la polic\u00eda de la provincia y con la Polic\u00eda Federal con quien nos hemos reunido y tratar de alertar si detectan alg\u00fan inconveniente, alertar lo m\u00e1s r\u00e1pido posible a las autoridades competentes\u201d, dijo<\/p>\n<p>&nbsp;<\/p>\n<p><strong>SIN INCONVENIENTES<\/strong><\/p>\n<p>\u201cPero esto es un d\u00eda a d\u00eda. Venimos trabajando y sabemos que si esto sigue tendremos que trabajar con el poblador ribere\u00f1o. Pero por el momento no hay ninguna se\u00f1al de alerta.<\/p>\n<p>Despu\u00e9s de los 6 metros reci\u00e9n vamos a poder ver si alguna persona tiene alg\u00fan problema particular. Pero con esta altura, por el momento no hay mayores inconvenientes registrados en la zona. M\u00e1s all\u00e1 de lo que todo el mundo sabe: lo que se da en la navegaci\u00f3n en la zona de El Remanso y las recomendaciones que hemos hecho a los navegantes\u201d.<\/p>\n<p>&nbsp;<\/p>\n<p><strong>VIDEOS CIRCULANDO Y CONSEJOS<\/strong><\/p>\n<p>\u201cEntiendo que hay algunos videos que andan circulando. Hemos citado a los due\u00f1os de la embarcaci\u00f3n y hemos tenido charlas a los efectos de recomendaciones, \u00fanicamente. Un video no implica ninguna prueba de nada, pero s\u00ed como para que ellos est\u00e9n enterados de la situaci\u00f3n y de que tomen los recaudos necesarios\u201d, dijo.<\/p>\n<p>&nbsp;<\/p>\n<p><strong>BUQUES GANADEROS<\/strong><\/p>\n<p>\u201cHay buques ganaderos. Hicimos las inscripciones correspondientes y esos buques est\u00e1n habilitados por la Prefectura. Han hecho las inspecciones t\u00e9cnicas y pidieron permisos para hacer todo lo que tiene que ver con esta navegaci\u00f3n y la extracci\u00f3n de ganado de la zona de islas. Entendemos que ya han tomado con tiempo a esa tarea, si bien yo no tengo un n\u00famero porque no le compete a la Prefectura sobre cuanto ganado hay en la isla. S\u00e9 que est\u00e1n trabajando en forma prolija en todo lo que tiene que ver con la reglamentaci\u00f3n vigente y en lo que incumbe a la Prefectura que es la seguridad de la navegaci\u00f3n\u201d, dijo.<\/p>\n<p>&nbsp;<\/p>\n<p><strong>OTRAS TAREAS<\/strong><\/p>\n<p>El jefe de la Prefectura coment\u00f3: \u201cTuvimos un fin de semana muy atareado. Estuvimos en la pesca de Bella Vista, con el trabajo de b\u00fasqueda de una persona desaparecida, que luego de cinco d\u00edas la pudimos localizar\u201d.<\/p>\n<p>\u201cFue una persona que se dio vuelta con una embarcaci\u00f3n con un cano bote a la altura del kil\u00f3metro 898 del rio Paran\u00e1, cerca de la localidad de Romang y Alejandra en la zona de Santa Fe. La prefectura solamente colabora en la b\u00fasqueda\u201d, detall\u00f3 Rodr\u00edguez<\/p>\n","protected":false},"excerpt":{"rendered":"<p>El prefecto Walter Rodr\u00edguez dijo que el rio a 5,29 metros implica la entrada en alerta pero que no hay se\u00f1ales para la alama y que las Municipalidades de Goya y otros de la zona trabajan en forma coordinada con la Prefectura para responder eficazmente a los problemas que puede suscitar la crecida del rio. [&hellip;]<\/p>\n","protected":false},"author":2,"featured_media":19668,"comment_status":"closed","ping_status":"closed","sticky":false,"template":"","format":"standard","meta":{"footnotes":""},"categories":[56],"tags":[],"class_list":{"0":"post-19667","1":"post","2":"type-post","3":"status-publish","4":"format-standard","5":"has-post-thumbnail","7":"category-locales"},"_links":{"self":[{"href":"https:\/\/radiobitacora.com.ar\/web\/wp-json\/wp\/v2\/posts\/19667","targetHints":{"allow":["GET"]}}],"collection":[{"href":"https:\/\/radiobitacora.com.ar\/web\/wp-json\/wp\/v2\/posts"}],"about":[{"href":"https:\/\/radiobitacora.com.ar\/web\/wp-json\/wp\/v2\/types\/post"}],"author":[{"embeddable":true,"href":"https:\/\/radiobitacora.com.ar\/web\/wp-json\/wp\/v2\/users\/2"}],"replies":[{"embeddable":true,"href":"https:\/\/radiobitacora.com.ar\/web\/wp-json\/wp\/v2\/comments?post=19667"}],"version-history":[{"count":0,"href":"https:\/\/radiobitacora.com.ar\/web\/wp-json\/wp\/v2\/posts\/19667\/revisions"}],"wp:featuredmedia":[{"embeddable":true,"href":"https:\/\/radiobitacora.com.ar\/web\/wp-json\/wp\/v2\/media\/19668"}],"wp:attachment":[{"href":"https:\/\/radiobitacora.com.ar\/web\/wp-json\/wp\/v2\/media?parent=19667"}],"wp:term":[{"taxonomy":"category","embeddable":true,"href":"https:\/\/radiobitacora.com.ar\/web\/wp-json\/wp\/v2\/categories?post=19667"},{"taxonomy":"post_tag","embeddable":true,"href":"https:\/\/radiobitacora.com.ar\/web\/wp-json\/wp\/v2\/tags?post=19667"}],"curies":[{"name":"wp","href":"https:\/\/api.w.org\/{rel}","templated":true}]}}