{"id":19679,"date":"2023-11-07T08:00:58","date_gmt":"2023-11-07T11:00:58","guid":{"rendered":"https:\/\/radiobitacora.com.ar\/web\/?p=19679"},"modified":"2023-11-07T08:00:58","modified_gmt":"2023-11-07T11:00:58","slug":"en-cordoba-massa-sumo-el-apoyo-de-urtubey-y-anuncio-un-tiempo-nuevo","status":"publish","type":"post","link":"https:\/\/radiobitacora.com.ar\/web\/2023\/11\/07\/en-cordoba-massa-sumo-el-apoyo-de-urtubey-y-anuncio-un-tiempo-nuevo\/","title":{"rendered":"En C\u00f3rdoba, Massa sum\u00f3 el apoyo de Urtubey y anunci\u00f3 un tiempo nuevo"},"content":{"rendered":"<p>A poco menos de 15 d\u00edas del balotaje, el ministro de Econom\u00eda y candidato a Presidente de Uni\u00f3n por la Patria, Sergio Massa, sum\u00f3 el respaldo del exgobernador de Salta, Juan Manuel Urtubey, a quien agradeci\u00f3 &#8220;la vocaci\u00f3n de construir desde el centro con una mirada federal&#8221;.<\/p>\n<p>&nbsp;<\/p>\n<p>La reuni\u00f3n fue para presentar la implementaci\u00f3n de la tarjeta SUBE al sistema de transporte de la provincia mediterr\u00e1nea.<\/p>\n<p>&nbsp;<\/p>\n<p>En el acto desarrollado en la ciudad cordobesa de R\u00edo Cuarto, el aspirante a suceder a Alberto Fern\u00e1ndez tambi\u00e9n asever\u00f3 que le &#8220;da miedo escuchar a un candidato que dice que va a eliminar el subsidio al transporte, porque es llevar a 722 pesos el boleto del colectivo de cada uno de los cordobeses. Me asusta y me da miedo un candidato que dice que va a liberar el precio de los combustibles, porque es llevar el litro de nafta a 800 pesos; es condenar a la PYME y a la producci\u00f3n a perder competitividad&#8221;.<\/p>\n<p>&nbsp;<\/p>\n<p>Sumar adhesiones es la moda de ambos candidatos a Presidente y en ese tono, Massa expres\u00f3: &#8220;Quer\u00eda agradecerle a alguien que ha decidido acompa\u00f1ar, el exgobernador de Salta y querido, Juan Manuel Urtubey. Con esa vocaci\u00f3n de construir desde el centro y con mirada federal, viene a ayudarme a transmitirles a los argentinos que empieza un tiempo nuevo&#8221;.<\/p>\n<p>&nbsp;<\/p>\n<p>Tras esas definiciones, consider\u00f3 &#8220;fundamental cuidar el ingreso de los argentinos&#8221; y advirti\u00f3 que algunas de las propuestas de su adversario de La Libertad Avanza, Javier Milei, significar\u00e1n &#8220;condenar a la PYME y a la producci\u00f3n a perder competitividad&#8221;.<\/p>\n<p>&nbsp;<\/p>\n<p>Al asistir en esa ciudad a la ampliaci\u00f3n del sistema SUBE para siete localidades de esa provincia, el Ministro de Econom\u00eda declar\u00f3 que, &#8220;a lo largo de los \u00faltimos a\u00f1os, C\u00f3rdoba pele\u00f3 por su desarrollo y su crecimiento muchas veces sinti\u00e9ndose sola, sintiendo que desde el poder central se le dio la espalda y que era injusta la distribuci\u00f3n de ingreso respecto del aporte que hac\u00eda a la Naci\u00f3n&#8221;.<\/p>\n<p>&nbsp;<\/p>\n<p>&#8220;Por la parte que me toque, mis disculpas a los cordobeses. Por la parte que me corresponde, desde el 10 de diciembre, mi compromiso en memoria de Jos\u00e9 Manuel de la Sota que C\u00f3rdoba, como coraz\u00f3n de nuestro pa\u00eds, sea parte del crecimiento, del desarrollo y nunca m\u00e1s le tenga que hacer juicio a la Naci\u00f3n para ser parte de una justa distribuci\u00f3n de ingresos&#8221;, prometi\u00f3.<\/p>\n<div class=\"center medium m_image\">\n<figure><picture><source srcset=\"https:\/\/www.diarioepoca.com\/content\/bucket\/6\/1329936w380h133c.jpg.webp\" type=\"image\/webp\" media=\"(min-width: 640px)\" \/><source srcset=\"https:\/\/www.diarioepoca.com\/content\/bucket\/6\/1329936w440h154c.jpg.webp\" type=\"image\/webp\" media=\"(min-width: 300px)\" \/><source srcset=\"https:\/\/www.diarioepoca.com\/content\/bucket\/6\/1329936w380h133c.jpg\" media=\"(min-width: 300px)\" \/><img loading=\"lazy\" decoding=\"async\" class=\"pic\" src=\"https:\/\/www.diarioepoca.com\/content\/bucket\/6\/1329936w380h133c.jpg.webp\" alt=\"\" width=\"380\" height=\"133\" \/><\/picture><\/figure>\n<\/div>\n<p>&nbsp;<\/p>\n<p>&#8220;Si me dan la responsabilidad de gobernar, quiero desde el 10 de diciembre empezar una nueva etapa en la que C\u00f3rdoba nunca m\u00e1s tenga que hacer juicio para que le den lo que le corresponde. Creo en el di\u00e1logo y en el consenso&#8221;, se\u00f1al\u00f3 Massa.<\/p>\n<p>&nbsp;<\/p>\n<p>&#8220;C\u00f3rdoba estuvo mucho tiempo sintiendo que desde el poder central se le dio la espalda, con distribuci\u00f3n injusta de los ingresos respecto al aporte que hac\u00edan. Les pido disculpas, mi compromiso en memoria de Jos\u00e9 Manuel de la Sota es que C\u00f3rdoba sea parte del crecimiento y desarrollo de Argentina, y que la uni\u00f3n nacional abrace a todos los cordobeses&#8221;, insisti\u00f3 el Ministro de Econom\u00eda.<\/p>\n<p>&nbsp;<\/p>\n<h2>Unidad<\/h2>\n<p>&nbsp;<\/p>\n<p>La incorporaci\u00f3n de Juan Manuel Urtubey a la campa\u00f1a es una muestra de la unidad que predica el candidato presidencial oficialista. Cabe recordar que el exgobernador salte\u00f1o fue uno de los primeros jefes territoriales que expres\u00f3 su disidencia con la administraci\u00f3n de Cristina kirchner y siempre apoy\u00f3 candidaturas que cuestionaban ese liderazgo. La llegada del Urtubey muestra un candidato que suma adhesiones de los disidentes a la Vicepresidente.<\/p>\n","protected":false},"excerpt":{"rendered":"<p>A poco menos de 15 d\u00edas del balotaje, el ministro de Econom\u00eda y candidato a Presidente de Uni\u00f3n por la Patria, Sergio Massa, sum\u00f3 el respaldo del exgobernador de Salta, Juan Manuel Urtubey, a quien agradeci\u00f3 &#8220;la vocaci\u00f3n de construir desde el centro con una mirada federal&#8221;. &nbsp; La reuni\u00f3n fue para presentar la implementaci\u00f3n [&hellip;]<\/p>\n","protected":false},"author":2,"featured_media":19680,"comment_status":"closed","ping_status":"closed","sticky":false,"template":"","format":"standard","meta":{"footnotes":""},"categories":[79],"tags":[],"class_list":{"0":"post-19679","1":"post","2":"type-post","3":"status-publish","4":"format-standard","5":"has-post-thumbnail","7":"category-politica"},"_links":{"self":[{"href":"https:\/\/radiobitacora.com.ar\/web\/wp-json\/wp\/v2\/posts\/19679","targetHints":{"allow":["GET"]}}],"collection":[{"href":"https:\/\/radiobitacora.com.ar\/web\/wp-json\/wp\/v2\/posts"}],"about":[{"href":"https:\/\/radiobitacora.com.ar\/web\/wp-json\/wp\/v2\/types\/post"}],"author":[{"embeddable":true,"href":"https:\/\/radiobitacora.com.ar\/web\/wp-json\/wp\/v2\/users\/2"}],"replies":[{"embeddable":true,"href":"https:\/\/radiobitacora.com.ar\/web\/wp-json\/wp\/v2\/comments?post=19679"}],"version-history":[{"count":0,"href":"https:\/\/radiobitacora.com.ar\/web\/wp-json\/wp\/v2\/posts\/19679\/revisions"}],"wp:featuredmedia":[{"embeddable":true,"href":"https:\/\/radiobitacora.com.ar\/web\/wp-json\/wp\/v2\/media\/19680"}],"wp:attachment":[{"href":"https:\/\/radiobitacora.com.ar\/web\/wp-json\/wp\/v2\/media?parent=19679"}],"wp:term":[{"taxonomy":"category","embeddable":true,"href":"https:\/\/radiobitacora.com.ar\/web\/wp-json\/wp\/v2\/categories?post=19679"},{"taxonomy":"post_tag","embeddable":true,"href":"https:\/\/radiobitacora.com.ar\/web\/wp-json\/wp\/v2\/tags?post=19679"}],"curies":[{"name":"wp","href":"https:\/\/api.w.org\/{rel}","templated":true}]}}