{"id":19727,"date":"2023-11-30T08:17:41","date_gmt":"2023-11-30T11:17:41","guid":{"rendered":"https:\/\/radiobitacora.com.ar\/web\/?p=19727"},"modified":"2023-11-30T08:17:41","modified_gmt":"2023-11-30T11:17:41","slug":"fns-2024-reunion-organizativa-de-comupe-junto-al-intendente-hormaechea","status":"publish","type":"post","link":"https:\/\/radiobitacora.com.ar\/web\/2023\/11\/30\/fns-2024-reunion-organizativa-de-comupe-junto-al-intendente-hormaechea\/","title":{"rendered":"FNS 2024: Reuni\u00f3n Organizativa de COMUPE junto al Intendente Hormaechea"},"content":{"rendered":"<div class=\"panel-pane pane-token pane-node-body\">\n<div class=\"pane-content\">\n<p class=\"rtejustify\">La Comisi\u00f3n Municipal de Pesca se reuni\u00f3 este martes en el Predio Costa Surub\u00ed en donde recibi\u00f3 al Presidente Honorario Mariano Hormaechea para consensuar aspectos centrales de cara a la pr\u00f3xima edici\u00f3n del &#8220;Mundial de Pesca&#8221; con fecha establecida del 29 de abril al 5 de mayo 2024.<\/p>\n<p class=\"rtejustify\">\n<p class=\"rtejustify\">Comenz\u00f3 a gestarse la 47\u00b0 Fiesta Nacional del Surub\u00ed en la ciudad de Goya. Este martes 28 el presidente de COMUPE Pedro Sa quien fue reelecto para llevar adelante la organizaci\u00f3n del &#8220;Mundial de Pesca&#8221; reuni\u00f3 a su equipo compuesto por las diferentes \u00e1reas, para establecer bases y afinar los compromisos para la pr\u00f3xima edici\u00f3n, con nuevos desaf\u00edos pero trabajando con la convicci\u00f3n de que siempre \u201cLa mejor fiesta es la que est\u00e1 por venir&#8221;.<\/p>\n<p class=\"rtejustify\">Resaltando los m\u00e1s de 700 equipos registrados a trav\u00e9s del sitio web oficial\u00a0<a href=\"http:\/\/www.goyasurubi.com.ar\/\" target=\"_blank\" rel=\"noopener\" data-saferedirecturl=\"https:\/\/www.google.com\/url?q=http:\/\/www.goyasurubi.com.ar&amp;source=gmail&amp;ust=1701394821356000&amp;usg=AOvVaw0h92zrapPH0CC88dVT8bap\">www.goyasurubi.com.ar<\/a>\u00a0para ser parte y vivir la experiencia \u00fanica del Concurso de Pesca con devoluci\u00f3n denominado como el \u201cMundial de Pesca\u201d.<\/p>\n<p class=\"rtejustify\">\n<p class=\"rtejustify\">Por su parte el Intendente de Goya Mariano Hormaechea acentu\u00f3 el compromiso desde la Municipalidad de Goya para el desarrollo de la Fiesta Nacional del Surub\u00ed, felicitando a todos por la 46 edici\u00f3n y animando a redoblar los esfuerzos para la pr\u00f3xima fiesta teniendo en cuenta la delicada situaci\u00f3n econ\u00f3mica que atraviesa el pa\u00eds.<\/p>\n<\/div>\n<\/div>\n<div class=\"panel-separator\"><\/div>\n<div class=\"panel-pane pane-separador-linea\">\n<div class=\"pane-content\"><\/div>\n<\/div>\n","protected":false},"excerpt":{"rendered":"<p>La Comisi\u00f3n Municipal de Pesca se reuni\u00f3 este martes en el Predio Costa Surub\u00ed en donde recibi\u00f3 al Presidente Honorario Mariano Hormaechea para consensuar aspectos centrales de cara a la pr\u00f3xima edici\u00f3n del &#8220;Mundial de Pesca&#8221; con fecha establecida del 29 de abril al 5 de mayo 2024. Comenz\u00f3 a gestarse la 47\u00b0 Fiesta Nacional [&hellip;]<\/p>\n","protected":false},"author":2,"featured_media":19728,"comment_status":"closed","ping_status":"closed","sticky":false,"template":"","format":"standard","meta":{"footnotes":""},"categories":[56],"tags":[],"class_list":{"0":"post-19727","1":"post","2":"type-post","3":"status-publish","4":"format-standard","5":"has-post-thumbnail","7":"category-locales"},"_links":{"self":[{"href":"https:\/\/radiobitacora.com.ar\/web\/wp-json\/wp\/v2\/posts\/19727","targetHints":{"allow":["GET"]}}],"collection":[{"href":"https:\/\/radiobitacora.com.ar\/web\/wp-json\/wp\/v2\/posts"}],"about":[{"href":"https:\/\/radiobitacora.com.ar\/web\/wp-json\/wp\/v2\/types\/post"}],"author":[{"embeddable":true,"href":"https:\/\/radiobitacora.com.ar\/web\/wp-json\/wp\/v2\/users\/2"}],"replies":[{"embeddable":true,"href":"https:\/\/radiobitacora.com.ar\/web\/wp-json\/wp\/v2\/comments?post=19727"}],"version-history":[{"count":0,"href":"https:\/\/radiobitacora.com.ar\/web\/wp-json\/wp\/v2\/posts\/19727\/revisions"}],"wp:featuredmedia":[{"embeddable":true,"href":"https:\/\/radiobitacora.com.ar\/web\/wp-json\/wp\/v2\/media\/19728"}],"wp:attachment":[{"href":"https:\/\/radiobitacora.com.ar\/web\/wp-json\/wp\/v2\/media?parent=19727"}],"wp:term":[{"taxonomy":"category","embeddable":true,"href":"https:\/\/radiobitacora.com.ar\/web\/wp-json\/wp\/v2\/categories?post=19727"},{"taxonomy":"post_tag","embeddable":true,"href":"https:\/\/radiobitacora.com.ar\/web\/wp-json\/wp\/v2\/tags?post=19727"}],"curies":[{"name":"wp","href":"https:\/\/api.w.org\/{rel}","templated":true}]}}