{"id":19733,"date":"2023-11-30T08:24:09","date_gmt":"2023-11-30T11:24:09","guid":{"rendered":"https:\/\/radiobitacora.com.ar\/web\/?p=19733"},"modified":"2023-11-30T08:24:09","modified_gmt":"2023-11-30T11:24:09","slug":"intendente-mariano-hormaechea-anuncio-pago-de-sueldos-con-aumentos-salariales-para-totalidad-de-empleados-municipales","status":"publish","type":"post","link":"https:\/\/radiobitacora.com.ar\/web\/2023\/11\/30\/intendente-mariano-hormaechea-anuncio-pago-de-sueldos-con-aumentos-salariales-para-totalidad-de-empleados-municipales\/","title":{"rendered":"INTENDENTE MARIANO HORMAECHEA ANUNCI\u00d3 PAGO DE SUELDOS CON AUMENTOS SALARIALES PARA TOTALIDAD DE EMPLEADOS MUNICIPALES"},"content":{"rendered":"<h3><strong>El Intendente Municipal de Goya, el doctor Mariano Hormaechea, comunic\u00f3 a trav\u00e9s de sus redes sociales importantes novedades relacionadas con el salario del personal municipal. El mandatario inform\u00f3 que el jueves 30 de noviembre se realizar\u00e1 el pago correspondiente al mes de noviembre, para personal de planta y contratados, incorporando un incremento del 18% sobre el salario b\u00e1sico.<\/strong><\/h3>\n<p>Este aumento salarial comprende a los empleados de Planta Permanente, Contratados, por Expedientes y Personal por d\u00eda, que prestan sus servicios bajo la \u00f3rbita del Municipio de Goya.<img loading=\"lazy\" decoding=\"async\" class=\"size-medium wp-image-50669 alignright entered lazyloaded\" src=\"https:\/\/883radiociudad.gob.ar\/wp-content\/uploads\/2023\/11\/PAGO-DE-SUELDOS-1-284x300.jpeg.webp\" sizes=\"auto, (max-width: 284px) 100vw, 284px\" srcset=\"https:\/\/883radiociudad.gob.ar\/wp-content\/uploads\/2023\/11\/PAGO-DE-SUELDOS-1-284x300.jpeg.webp 284w, https:\/\/883radiociudad.gob.ar\/wp-content\/uploads\/2023\/11\/PAGO-DE-SUELDOS-1-971x1024.jpeg.webp 971w, https:\/\/883radiociudad.gob.ar\/wp-content\/uploads\/2023\/11\/PAGO-DE-SUELDOS-1-768x810.jpeg.webp 768w, https:\/\/883radiociudad.gob.ar\/wp-content\/uploads\/2023\/11\/PAGO-DE-SUELDOS-1-1024x1080.jpeg.webp 1024w, https:\/\/883radiociudad.gob.ar\/wp-content\/uploads\/2023\/11\/PAGO-DE-SUELDOS-1.jpeg.webp 1080w\" alt=\"\" width=\"284\" height=\"300\" data-lazy-srcset=\"https:\/\/883radiociudad.gob.ar\/wp-content\/uploads\/2023\/11\/PAGO-DE-SUELDOS-1-284x300.jpeg.webp 284w, https:\/\/883radiociudad.gob.ar\/wp-content\/uploads\/2023\/11\/PAGO-DE-SUELDOS-1-971x1024.jpeg.webp 971w, https:\/\/883radiociudad.gob.ar\/wp-content\/uploads\/2023\/11\/PAGO-DE-SUELDOS-1-768x810.jpeg.webp 768w, https:\/\/883radiociudad.gob.ar\/wp-content\/uploads\/2023\/11\/PAGO-DE-SUELDOS-1-1024x1080.jpeg.webp 1024w, https:\/\/883radiociudad.gob.ar\/wp-content\/uploads\/2023\/11\/PAGO-DE-SUELDOS-1.jpeg.webp 1080w\" data-lazy-sizes=\"(max-width: 284px) 100vw, 284px\" data-lazy-src=\"https:\/\/883radiociudad.gob.ar\/wp-content\/uploads\/2023\/11\/PAGO-DE-SUELDOS-1-284x300.jpeg.webp\" data-lazy-src-webp=\"https:\/\/883radiociudad.gob.ar\/wp-content\/uploads\/2023\/11\/PAGO-DE-SUELDOS-1-284x300.jpeg.webp\" data-lazy-srcset-webp=\"https:\/\/883radiociudad.gob.ar\/wp-content\/uploads\/2023\/11\/PAGO-DE-SUELDOS-1-284x300.jpeg.webp 284w, https:\/\/883radiociudad.gob.ar\/wp-content\/uploads\/2023\/11\/PAGO-DE-SUELDOS-1-971x1024.jpeg.webp 971w, https:\/\/883radiociudad.gob.ar\/wp-content\/uploads\/2023\/11\/PAGO-DE-SUELDOS-1-768x810.jpeg.webp 768w, https:\/\/883radiociudad.gob.ar\/wp-content\/uploads\/2023\/11\/PAGO-DE-SUELDOS-1-1024x1080.jpeg.webp 1024w, https:\/\/883radiociudad.gob.ar\/wp-content\/uploads\/2023\/11\/PAGO-DE-SUELDOS-1.jpeg.webp 1080w\" data-ll-status=\"loaded\" \/><\/p>\n<p>Adem\u00e1s, el intendente Hormaechea anunci\u00f3 un incremento salarial para el personal que percibe su remuneraci\u00f3n de forma diaria. A partir del jueves 7 de diciembre, este grupo recibir\u00e1 un incremento del 18 % en sus retribuciones y en el caso del personal que cobra por expediente, el aumento del 18% tambi\u00e9n se reflejar\u00e1 en la retribuci\u00f3n correspondiente al mes de noviembre.<\/p>\n<p>Los medios habituales de pago se utilizar\u00e1n para canalizar estas mejoras salariales, garantizando una transacci\u00f3n eficiente para todos los beneficiarios.<\/p>\n","protected":false},"excerpt":{"rendered":"<p>El Intendente Municipal de Goya, el doctor Mariano Hormaechea, comunic\u00f3 a trav\u00e9s de sus redes sociales importantes novedades relacionadas con el salario del personal municipal. El mandatario inform\u00f3 que el jueves 30 de noviembre se realizar\u00e1 el pago correspondiente al mes de noviembre, para personal de planta y contratados, incorporando un incremento del 18% sobre [&hellip;]<\/p>\n","protected":false},"author":2,"featured_media":19734,"comment_status":"closed","ping_status":"closed","sticky":false,"template":"","format":"standard","meta":{"footnotes":""},"categories":[1],"tags":[],"class_list":{"0":"post-19733","1":"post","2":"type-post","3":"status-publish","4":"format-standard","5":"has-post-thumbnail","7":"category-sin-categoria"},"_links":{"self":[{"href":"https:\/\/radiobitacora.com.ar\/web\/wp-json\/wp\/v2\/posts\/19733","targetHints":{"allow":["GET"]}}],"collection":[{"href":"https:\/\/radiobitacora.com.ar\/web\/wp-json\/wp\/v2\/posts"}],"about":[{"href":"https:\/\/radiobitacora.com.ar\/web\/wp-json\/wp\/v2\/types\/post"}],"author":[{"embeddable":true,"href":"https:\/\/radiobitacora.com.ar\/web\/wp-json\/wp\/v2\/users\/2"}],"replies":[{"embeddable":true,"href":"https:\/\/radiobitacora.com.ar\/web\/wp-json\/wp\/v2\/comments?post=19733"}],"version-history":[{"count":0,"href":"https:\/\/radiobitacora.com.ar\/web\/wp-json\/wp\/v2\/posts\/19733\/revisions"}],"wp:featuredmedia":[{"embeddable":true,"href":"https:\/\/radiobitacora.com.ar\/web\/wp-json\/wp\/v2\/media\/19734"}],"wp:attachment":[{"href":"https:\/\/radiobitacora.com.ar\/web\/wp-json\/wp\/v2\/media?parent=19733"}],"wp:term":[{"taxonomy":"category","embeddable":true,"href":"https:\/\/radiobitacora.com.ar\/web\/wp-json\/wp\/v2\/categories?post=19733"},{"taxonomy":"post_tag","embeddable":true,"href":"https:\/\/radiobitacora.com.ar\/web\/wp-json\/wp\/v2\/tags?post=19733"}],"curies":[{"name":"wp","href":"https:\/\/api.w.org\/{rel}","templated":true}]}}