{"id":19736,"date":"2023-11-30T08:26:51","date_gmt":"2023-11-30T11:26:51","guid":{"rendered":"https:\/\/radiobitacora.com.ar\/web\/?p=19736"},"modified":"2023-11-30T08:26:51","modified_gmt":"2023-11-30T11:26:51","slug":"frente-a-la-invasion-de-mosquitos-fumigaran-en-espacios-verdes-de-goya","status":"publish","type":"post","link":"https:\/\/radiobitacora.com.ar\/web\/2023\/11\/30\/frente-a-la-invasion-de-mosquitos-fumigaran-en-espacios-verdes-de-goya\/","title":{"rendered":"FRENTE A LA INVASI\u00d3N DE MOSQUITOS, FUMIGAR\u00c1N EN ESPACIOS VERDES DE GOYA"},"content":{"rendered":"<h3><strong>Este jueves a la madrugada comienzan a fumigar en plazas, paseos y otros espacios verdes de Goya. Los trabajos tienen por objetivo controlar la presencia de poblaciones de mosquitos y prevenir enfermedades, especialmente el dengue.<\/strong><\/h3>\n<p>El Director de Bromatolog\u00eda, Pedro Depiaggio comunic\u00f3 a la comunidad que se inician fumigaciones en espacios verdes.<\/p>\n<p>En un contacto con Radio Ciudad dijo: \u201cEl viernes a partir de la 1 de la ma\u00f1ana. En el horario de madrugada es ideal para hacerlo.\u00a0 Empezamos de 1 en adelante, horario en el que hay menos gente en las plazas\u201d.<\/p>\n<p>\u201cEstas tareas las haremos entre la gente de Zoonosis que est\u00e1 en Bromatolog\u00eda y la Direcci\u00f3n de Servicios.<\/p>\n<p><strong>INVASION DE MOSQUITOS<\/strong><\/p>\n<p>El funcionario explic\u00f3 la in\u00e9dita invasi\u00f3n de mosquitos que se constata en las \u00faltimas semanas: \u201cOcurre que con la seca intensa que hubo,\u00a0 el mosquito estaba aletargado y ahora con las lluvias eclosionaron vinieron con todo\u201d.<\/p>\n<p><strong>PROLIFERACI\u00d3N INCESANTE<\/strong><\/p>\n<p>El Director de Bromatolog\u00eda aclar\u00f3 que la fumigaci\u00f3n es un paliativo. La proliferaci\u00f3n del mosquito es incesante. Coment\u00f3: \u201cEn Costa Surub\u00ed hicimos fumigaciones dos veces. El otro d\u00eda se hizo en La Rotonda. Tambi\u00e9n en la plaza de Los Ni\u00f1os. Hacemos esto y a los dos d\u00edas hay mosquitos de nuevo\u201d.<\/p>\n<p><strong>RECOMENDACIONES FRENTE AL MOSQUITO<\/strong><\/p>\n<p>Pedro Depiaggio dio recomendaciones frente a la proliferaci\u00f3n de mosquitos que pueden propagar el dengue: \u201cLes decimos a la gente que est\u00e9 dentro de sus hogares en el horario donde aparecen los mosquitos. Sobre todo a la ma\u00f1ana temprano y a la tardecita. Las casas tienen que tener telas mosquiteras y en las reuniones que se hagan lleven repelentes para evitar riesgos. Y en las casas usar el espiral y usar ropa gruesa en lo posible\u201d.<\/p>\n<p><strong>ENFERMEDAD EQUINA<\/strong><\/p>\n<p>Pedro Depiaggio confirm\u00f3 que se denunci\u00f3 un brote de encefalomielitis equina en Goya, Lavalle y su zona y en el Norte de Santa Fe. El Senasa confirm\u00f3 casos mientras que existen sospechosos en otras provincias.<\/p>\n<p>Los s\u00edntomas: los caballos empiezan a tener fiebre alta, falta de apetito, somnolencia o hiperactividad. El caballo enfermo pierde el control muscular y sufre descoordinaci\u00f3n.<\/p>\n<p>Pedro Depiaggio precis\u00f3: \u201cHubo pocas denuncias. Se confirm\u00f3 un caso reci\u00e9n el s\u00e1bado. Pero no se sab\u00eda. Est\u00e1bamos en el aire sin saber de la enfermedad que afecta a los caballos\u201d.<\/p>\n<p>\u201cEs una enfermedad que antes era de vacunaci\u00f3n obligatoria. En el 2017 se dej\u00f3 de vacunar\u201d, manifest\u00f3.<\/p>\n<p>\u201cEs una enfermedad transmitida por el mosquito\u201d.<\/p>\n<p>\u201cHay una demanda importante de vacunas. Hay preocupaci\u00f3n. Cuando hay escasez sube el precio de la vacuna\u201d.<\/p>\n<p>\u201cLas veterinarias no tienen vacunas. Las farmac\u00e9uticas las tendr\u00e1n dentro de 15 d\u00edas. Por eso fuimos con la doctora Erro al Senasa para interiorizarnos. Y por supuesto. Todos esperamos que se permita la importaci\u00f3n de vacunas que est\u00e1n en Brasil. Eso, seguramente, nos dar\u00e1 un alivio. La enfermedad se manifest\u00f3 en esta zona de Goya; Lavalle y zona norte de Santa Fe\u201d, finaliz\u00f3 Depiaggio.<\/p>\n","protected":false},"excerpt":{"rendered":"<p>Este jueves a la madrugada comienzan a fumigar en plazas, paseos y otros espacios verdes de Goya. Los trabajos tienen por objetivo controlar la presencia de poblaciones de mosquitos y prevenir enfermedades, especialmente el dengue. El Director de Bromatolog\u00eda, Pedro Depiaggio comunic\u00f3 a la comunidad que se inician fumigaciones en espacios verdes. En un contacto [&hellip;]<\/p>\n","protected":false},"author":2,"featured_media":19737,"comment_status":"closed","ping_status":"closed","sticky":false,"template":"","format":"standard","meta":{"footnotes":""},"categories":[56],"tags":[],"class_list":{"0":"post-19736","1":"post","2":"type-post","3":"status-publish","4":"format-standard","5":"has-post-thumbnail","7":"category-locales"},"_links":{"self":[{"href":"https:\/\/radiobitacora.com.ar\/web\/wp-json\/wp\/v2\/posts\/19736","targetHints":{"allow":["GET"]}}],"collection":[{"href":"https:\/\/radiobitacora.com.ar\/web\/wp-json\/wp\/v2\/posts"}],"about":[{"href":"https:\/\/radiobitacora.com.ar\/web\/wp-json\/wp\/v2\/types\/post"}],"author":[{"embeddable":true,"href":"https:\/\/radiobitacora.com.ar\/web\/wp-json\/wp\/v2\/users\/2"}],"replies":[{"embeddable":true,"href":"https:\/\/radiobitacora.com.ar\/web\/wp-json\/wp\/v2\/comments?post=19736"}],"version-history":[{"count":0,"href":"https:\/\/radiobitacora.com.ar\/web\/wp-json\/wp\/v2\/posts\/19736\/revisions"}],"wp:featuredmedia":[{"embeddable":true,"href":"https:\/\/radiobitacora.com.ar\/web\/wp-json\/wp\/v2\/media\/19737"}],"wp:attachment":[{"href":"https:\/\/radiobitacora.com.ar\/web\/wp-json\/wp\/v2\/media?parent=19736"}],"wp:term":[{"taxonomy":"category","embeddable":true,"href":"https:\/\/radiobitacora.com.ar\/web\/wp-json\/wp\/v2\/categories?post=19736"},{"taxonomy":"post_tag","embeddable":true,"href":"https:\/\/radiobitacora.com.ar\/web\/wp-json\/wp\/v2\/tags?post=19736"}],"curies":[{"name":"wp","href":"https:\/\/api.w.org\/{rel}","templated":true}]}}