{"id":19757,"date":"2023-12-04T10:47:33","date_gmt":"2023-12-04T13:47:33","guid":{"rendered":"https:\/\/radiobitacora.com.ar\/web\/?p=19757"},"modified":"2023-12-04T10:47:33","modified_gmt":"2023-12-04T13:47:33","slug":"en-julio-nos-anotamos-y-hoy-somos-mamas-de-seis-pequenos-hermosos","status":"publish","type":"post","link":"https:\/\/radiobitacora.com.ar\/web\/2023\/12\/04\/en-julio-nos-anotamos-y-hoy-somos-mamas-de-seis-pequenos-hermosos\/","title":{"rendered":"&#8220;En julio nos anotamos y hoy somos mam\u00e1s de seis peque\u00f1os hermosos&#8221;"},"content":{"rendered":"<p>La convocatoria p\u00fablica para los seis hermanitos que no quisieron separarse sali\u00f3 en julio, el \u00faltimo d\u00eda antes de la Feria Judicial. Al retomar la actividad, hab\u00eda m\u00e1s de 35 familias dispuestas a compartir un hogar con Juliana, Alejandra, Noelia, Cristian, Jerem\u00edas y Camila.<\/p>\n<p>&nbsp;<\/p>\n<p>Esto se debi\u00f3 a la repercusi\u00f3n de la Convocatoria en medios locales y nacionales. En este marco, desde la Oficina de Prensa del Poder Judicial se agradece a todos los que hicieron posible que hoy estos peque\u00f1os sue\u00f1en, dibujen, imaginen y experimenten una nueva vida.<\/p>\n<p>&nbsp;<\/p>\n<p>Una nueva vida juntos, sin separarse, tomados de la mano y del coraz\u00f3n, como lo desearon.<\/p>\n<p>&nbsp;<\/p>\n<p>Animarse a adoptar, porque el tan ansiado d\u00eda llega<\/p>\n<p>&nbsp;<\/p>\n<p>Eliana y Elisa comentaron que desde que se plantearon la idea de adoptar, surgieron dudas y miedos.<\/p>\n<p>&nbsp;<\/p>\n<p>Pero sobre todo pensaron que iba a ser un proceso largo, lento, burocr\u00e1tico y que el tan ansiado d\u00eda no llegar\u00eda nunca.<\/p>\n<p>&nbsp;<\/p>\n<p>&#8220;Me anot\u00e9 una madrugada a las 2 de la ma\u00f1ana y al otro d\u00eda nos llamaron. El juzgado me acuerdo que estaba cerrado. Y en la conversaci\u00f3n con la secretaria me dijo: \u00bfPor qu\u00e9 no se anotaron antes?&#8221;explic\u00f3 Eliana.<\/p>\n<p>&nbsp;<\/p>\n<p>&#8220;Uno a veces piensa que es todo burocracia, que se tarda mucho en llamar. Y por ah\u00ed hac\u00e9s caso a informaciones que no son reales&#8221;<\/p>\n<p>&nbsp;<\/p>\n<p>&#8220;Uno piensa que no te van a llamar nunca y que no va a suceder. Y yo te puedo decir que esto fue en julio y hoy estamos a casi diciembre a punto de ser mam\u00e1s de esos peque\u00f1os hermosos&#8221;, sostuvo Eliana.<\/p>\n<p>&nbsp;<\/p>\n<p>&#8220;Yo le recomiendo a todo el mundo que adopte porque lo necesitan. Son muchos chicos que est\u00e1n esperando. Dos mil y pico de ni\u00f1os . Y nosotras tambi\u00e9n necesitamos de ellos pare formar una familia&#8221;, concluy\u00f3.<\/p>\n<p>&nbsp;<\/p>\n<p><strong>&#8220;Ya los amamos, ya son parte nuestra&#8221;<\/strong><\/p>\n<p>&nbsp;<\/p>\n<p>Cuando Eliana y Elisa vieron la Convocatoria P\u00fablica, les pareci\u00f3 que seis hermanitos tan peque\u00f1os y con tan poca diferencia de edad, era un gran desaf\u00edo que enfrentar pero siempre creyeron que lo iban a poder hacer.<\/p>\n<p>&nbsp;<\/p>\n<p>Adem\u00e1s tienen una casa grande y la posibilidad econ\u00f3mica para afrontar los gastos que implica una familia numerosa.<\/p>\n<p>&nbsp;<\/p>\n<p>&#8220;Siempre le ped\u00ed a Dios que nos marque el camino. Que si pod\u00edamos, que sigui\u00e9ramos. Y si no, bueno que a lo mejor hab\u00eda otra familia mejor para ellos&#8221;, narr\u00f3 Elisa entre l\u00e1grimas.<\/p>\n<p>&nbsp;<\/p>\n<p>&#8220;Esta semanita cuando estuvimos con ellos, cuando te abrasan, cuando te dicen; &#8220;Me quiero ir a tu casa, es una sensaci\u00f3n inexplicable&#8221;, coment\u00f3 Eliana.<\/p>\n<p>&nbsp;<\/p>\n<p>&#8220;Ayer por ejemplo Jere (por Jerem\u00edas de 4 a\u00f1os) le dijo a sus hermanos; &#8220;Ella es Mami, no es Eli&#8221;, y cuando escuch\u00e9 eso mi coraz\u00f3n lati\u00f3 m\u00e1s fuerte porque en tan poco tiempo lograr esta conexi\u00f3n es m\u00e1gico&#8221;, subray\u00f3 Eliana.<\/p>\n<p>&nbsp;<\/p>\n<p>Si bien esta historia reci\u00e9n comienza y hay miles de hojas en blanco por escribir a partir del viernes la vida de los seis hermanitos que cumplieron su deseo de no separarse y este matrimonio cambi\u00f3 por completo. A partir del viernes la esperanza de estar siempre unidos y caminar la vida juntos ser\u00e1 el deseo que los mueva para enfrentar los desaf\u00edos que vendr\u00e1n.<\/p>\n<p>&nbsp;<\/p>\n<p>&#8220;Los conocimos esta semana, fue hermoso. Renegamos como toda madre desde entrada. Pero los amamos. Ya los amamos. Ya son nuestros. Son parte de nuestra vida&#8221;, finaliz\u00f3 Elisa.<\/p>\n","protected":false},"excerpt":{"rendered":"<p>La convocatoria p\u00fablica para los seis hermanitos que no quisieron separarse sali\u00f3 en julio, el \u00faltimo d\u00eda antes de la Feria Judicial. Al retomar la actividad, hab\u00eda m\u00e1s de 35 familias dispuestas a compartir un hogar con Juliana, Alejandra, Noelia, Cristian, Jerem\u00edas y Camila. &nbsp; Esto se debi\u00f3 a la repercusi\u00f3n de la Convocatoria en [&hellip;]<\/p>\n","protected":false},"author":2,"featured_media":19758,"comment_status":"closed","ping_status":"closed","sticky":false,"template":"","format":"standard","meta":{"footnotes":""},"categories":[72],"tags":[],"class_list":{"0":"post-19757","1":"post","2":"type-post","3":"status-publish","4":"format-standard","5":"has-post-thumbnail","7":"category-provinciales"},"_links":{"self":[{"href":"https:\/\/radiobitacora.com.ar\/web\/wp-json\/wp\/v2\/posts\/19757","targetHints":{"allow":["GET"]}}],"collection":[{"href":"https:\/\/radiobitacora.com.ar\/web\/wp-json\/wp\/v2\/posts"}],"about":[{"href":"https:\/\/radiobitacora.com.ar\/web\/wp-json\/wp\/v2\/types\/post"}],"author":[{"embeddable":true,"href":"https:\/\/radiobitacora.com.ar\/web\/wp-json\/wp\/v2\/users\/2"}],"replies":[{"embeddable":true,"href":"https:\/\/radiobitacora.com.ar\/web\/wp-json\/wp\/v2\/comments?post=19757"}],"version-history":[{"count":0,"href":"https:\/\/radiobitacora.com.ar\/web\/wp-json\/wp\/v2\/posts\/19757\/revisions"}],"wp:featuredmedia":[{"embeddable":true,"href":"https:\/\/radiobitacora.com.ar\/web\/wp-json\/wp\/v2\/media\/19758"}],"wp:attachment":[{"href":"https:\/\/radiobitacora.com.ar\/web\/wp-json\/wp\/v2\/media?parent=19757"}],"wp:term":[{"taxonomy":"category","embeddable":true,"href":"https:\/\/radiobitacora.com.ar\/web\/wp-json\/wp\/v2\/categories?post=19757"},{"taxonomy":"post_tag","embeddable":true,"href":"https:\/\/radiobitacora.com.ar\/web\/wp-json\/wp\/v2\/tags?post=19757"}],"curies":[{"name":"wp","href":"https:\/\/api.w.org\/{rel}","templated":true}]}}