{"id":19802,"date":"2023-12-07T08:20:49","date_gmt":"2023-12-07T11:20:49","guid":{"rendered":"https:\/\/radiobitacora.com.ar\/web\/?p=19802"},"modified":"2023-12-07T08:20:49","modified_gmt":"2023-12-07T11:20:49","slug":"ips-apertura-delegacion-goya","status":"publish","type":"post","link":"https:\/\/radiobitacora.com.ar\/web\/2023\/12\/07\/ips-apertura-delegacion-goya\/","title":{"rendered":"IPS APERTURA DELEGACI\u00d3N GOYA"},"content":{"rendered":"<h3><strong>El Intendente Mariano Hormaechea considero un paso fundamental en el camino de la modernizaci\u00f3n la apertura de la Delegaci\u00f3n Goya del IPS.<\/strong><\/h3>\n<p>\u201cLa apertura de la Delegaci\u00f3n permitir\u00e1 facilitar los tr\u00e1mites iniciales para el beneficio de la jubilaci\u00f3n, con el personal capacitado.\u201d Asegur\u00f3 Hormaechea.<\/p>\n<p><strong>FACILITAR LOS TR\u00c1MITES INICIALES DE LA JUBILACI\u00d3N<\/strong><\/p>\n<p>En la apertura de la Delegaci\u00f3n Goya del IPS, el Intendente se\u00f1al\u00f3: \u201cEstamos contentos, con el Secretario de Gobierno con el Interventor del IPS Marcos Amarilla, ven\u00edamos trabajando para tener una Delegaci\u00f3n del Instituto de Previsi\u00f3n, en la ciudad, me ha tocado como Delegado de Desarrollo Social de la provincia, tener la presencia de las Oficinas M\u00f3viles mensualmente, incluso desde ma\u00f1ana estar\u00e1n en el Club Uni\u00f3n, para facilitar a aquellos que inician el tr\u00e1mite de jubilaci\u00f3n la oportunidad de realizar las consultas de sus expedientes sin necesidad de trasladarse a las oficinas centrales, con esos datos ve\u00edamos la posibilidad de una oficina que funcione de forma permanente todos los d\u00edas, es por eso la importancia de la apertura de esta Delegaci\u00f3n con personal capacitado para la atenci\u00f3n al p\u00fablico.\u201d<\/p>\n<p><strong>DESCENTRALIZAR LOS ORGANISMOS DEL ESTADO PROVINCIAL<\/strong><\/p>\n<p>Para indicar: \u201cLa mirada del Gobernador de la provincia es poder descentralizar los organismos del estado provincial, la mayor\u00eda de los tr\u00e1mites se deben realizar en la capital, en ese sentido en nuestra ciudad contamos con la Delegaci\u00f3n de Desarrollo Social, del\u00a0<a href=\"http:\/\/in.vi.co\/\" data-saferedirecturl=\"https:\/\/www.google.com\/url?q=http:\/\/IN.VI.CO&amp;source=gmail&amp;ust=1701952794948000&amp;usg=AOvVaw2IZZfGK1kPRq0WkUSOj_iH\">IN.VI.CO<\/a>, ahora tenemos la Delegaci\u00f3n del IPS ese es el camino trazado por el Gobernador, trabajando en equipo nosotros haciendo un esfuerzo desde la Municipalidad, porque esto es una acci\u00f3n conjunta entre los aportes de la provincia y el municipio.\u201d<\/p>\n<p><strong>MODERNIZACI\u00d3N Y DIGITALIZACI\u00d3N<\/strong><\/p>\n<p>El Jefe Comunal en contacto con la prensa sostuvo: \u201cEste camino va de la mano de la modernizaci\u00f3n, la apertura de la Delegaci\u00f3n, la tecnolog\u00eda permite que se agilicen los tr\u00e1mites con el uso de las plataformas, internet, como se hace en las oficinas m\u00f3viles, ahora ser\u00e1 m\u00e1s pr\u00e1ctico para los beneficiarios estando en nuestra ciudad.<\/p>\n<p><strong>AGILIDAD DE LOS TR\u00c1MITES<\/strong><\/p>\n<p>Para a\u00f1adir: \u201cTodos los tr\u00e1mites jubilatorios, generan la dificultad de las cuestiones burocr\u00e1ticas, cada uno viene de distintos organismos p\u00fablicos, esto servir\u00e1 para agilizar ante la oficina central, ac\u00e1 se tendr\u00e1 toda la informaci\u00f3n relacionada al inicio del tr\u00e1mite jubilatorio, con el personal capacitado para esta tarea.\u201d<\/p>\n<p><strong>PERSONAL CAPACITADO<\/strong><\/p>\n<p>En la parte final de su di\u00e1logo con la prensa, Mariano Hormaechea, afirm\u00f3: \u201cEl vecino podr\u00e1 identificar con esta oficina, la Delegaci\u00f3n del IPS, contar\u00e1 con la idoneidad y capacidad del personal para atender estas consultas, dentro de este esquema estar\u00e1 quien viene trabajando en esta \u00e1rea Karina Calvi junto a dos personas m\u00e1s, iremos evaluando para ver si es necesario la incorporaci\u00f3n de m\u00e1s personal para la correspondiente atenci\u00f3n a los jubilados y para aquellos que comienzan con este tr\u00e1mite.\u201d<\/p>\n","protected":false},"excerpt":{"rendered":"<p>El Intendente Mariano Hormaechea considero un paso fundamental en el camino de la modernizaci\u00f3n la apertura de la Delegaci\u00f3n Goya del IPS. \u201cLa apertura de la Delegaci\u00f3n permitir\u00e1 facilitar los tr\u00e1mites iniciales para el beneficio de la jubilaci\u00f3n, con el personal capacitado.\u201d Asegur\u00f3 Hormaechea. FACILITAR LOS TR\u00c1MITES INICIALES DE LA JUBILACI\u00d3N En la apertura de [&hellip;]<\/p>\n","protected":false},"author":2,"featured_media":19803,"comment_status":"closed","ping_status":"closed","sticky":false,"template":"","format":"standard","meta":{"footnotes":""},"categories":[56],"tags":[],"class_list":{"0":"post-19802","1":"post","2":"type-post","3":"status-publish","4":"format-standard","5":"has-post-thumbnail","7":"category-locales"},"_links":{"self":[{"href":"https:\/\/radiobitacora.com.ar\/web\/wp-json\/wp\/v2\/posts\/19802","targetHints":{"allow":["GET"]}}],"collection":[{"href":"https:\/\/radiobitacora.com.ar\/web\/wp-json\/wp\/v2\/posts"}],"about":[{"href":"https:\/\/radiobitacora.com.ar\/web\/wp-json\/wp\/v2\/types\/post"}],"author":[{"embeddable":true,"href":"https:\/\/radiobitacora.com.ar\/web\/wp-json\/wp\/v2\/users\/2"}],"replies":[{"embeddable":true,"href":"https:\/\/radiobitacora.com.ar\/web\/wp-json\/wp\/v2\/comments?post=19802"}],"version-history":[{"count":0,"href":"https:\/\/radiobitacora.com.ar\/web\/wp-json\/wp\/v2\/posts\/19802\/revisions"}],"wp:featuredmedia":[{"embeddable":true,"href":"https:\/\/radiobitacora.com.ar\/web\/wp-json\/wp\/v2\/media\/19803"}],"wp:attachment":[{"href":"https:\/\/radiobitacora.com.ar\/web\/wp-json\/wp\/v2\/media?parent=19802"}],"wp:term":[{"taxonomy":"category","embeddable":true,"href":"https:\/\/radiobitacora.com.ar\/web\/wp-json\/wp\/v2\/categories?post=19802"},{"taxonomy":"post_tag","embeddable":true,"href":"https:\/\/radiobitacora.com.ar\/web\/wp-json\/wp\/v2\/tags?post=19802"}],"curies":[{"name":"wp","href":"https:\/\/api.w.org\/{rel}","templated":true}]}}