{"id":19823,"date":"2023-12-07T09:40:52","date_gmt":"2023-12-07T12:40:52","guid":{"rendered":"https:\/\/radiobitacora.com.ar\/web\/?p=19823"},"modified":"2023-12-07T09:40:52","modified_gmt":"2023-12-07T12:40:52","slug":"la-increible-historia-de-las-carteras-argentinas-hechas-con-cenizas-de-asado-y-residuos-que-fascinaron-a-maxima-zorreguieta","status":"publish","type":"post","link":"https:\/\/radiobitacora.com.ar\/web\/2023\/12\/07\/la-increible-historia-de-las-carteras-argentinas-hechas-con-cenizas-de-asado-y-residuos-que-fascinaron-a-maxima-zorreguieta\/","title":{"rendered":"La incre\u00edble historia de las carteras argentinas hechas con cenizas de asado y residuos que fascinaron a M\u00e1xima Zorreguieta"},"content":{"rendered":"<p>Las carteras sustentables que deslumbraron a\u00a0<strong><a href=\"https:\/\/www.revistagente.com\/?s=m%C3%A1xima+zorreguieta\">M\u00e1xima Zorreguieta<\/a><\/strong>\u00a0(52) a mitad de a\u00f1o en la Semana del Dise\u00f1o en Mil\u00e1n llevan la firma de una marplatentense que tiene un supermercado y empez\u00f3 en la moda por puro hobby. Odette,\u00a0<strong>la marca que transform\u00f3 el desperdicio en piezas circulares de lujo sostenible<\/strong>, surge de la curiosidad de\u00a0<strong>Cecilia Scarrone<\/strong>.<\/p>\n<p>&#8220;<strong>Siempre me gustaron las manualidades y aprender cosas nuevas<\/strong>, as\u00ed que empec\u00e9 con corte y confecci\u00f3n. Pero como soy un poco ansiosa y quer\u00eda ver el producto terminado en el momento, prefer\u00ed la marroquiner\u00eda&#8221;. De ese modo cuenta sus inicios la creativa autodidacta que empez\u00f3 haciendo portacosm\u00e9ticos y termin\u00f3 estudiando en el Milan Fashion Campus, donde coincidi\u00f3 con \u00c1ngelo Russica, quien trabaj\u00f3 muchos a\u00f1os para<strong>\u00a0Versace<\/strong>.<\/p>\n<p>El paso clave en su camino a pura acci\u00f3n fue cuando, en la Semana del Dise\u00f1o en Mil\u00e1n, su colecci\u00f3n c\u00e1psula en colaboraci\u00f3n con la dise\u00f1adora textil\u00a0<strong>Roc\u00edo Errecaborde<\/strong>\u00a0(propietaria y directora creativa de M\u00e1s Uso) consigui\u00f3 llamar la atenci\u00f3n de la reina de los Pa\u00edses Bajos. As\u00ed sus\u00a0<strong>carteras fabricadas con c\u00e1scara de naranja, pl\u00e1tano y carb\u00f3n<\/strong>\u00a0(todos materiales compostables a partir de descartes de la industria del gin en La Feliz) le dio visibilidad como referente de la moda circular.<\/p>\n<figure class=\"wp-block-image size-full is-resized\"><img loading=\"lazy\" decoding=\"async\" class=\"wp-image-473578\" src=\"https:\/\/www.revistagente.com\/wp-content\/uploads\/2023\/12\/Las-disenadoras-Cecilia-Scarrone-y-Rocio-Errecaborde-scaled.jpg.webp\" alt=\"Las dise\u00f1adoras Cecilia Scarrone y Roc\u00edo Errecaborde\" width=\"1707\" height=\"2560\" \/><figcaption class=\"wp-element-caption\">La creadora Cecilia Scarrone y Roc\u00edo Errecaborde, dise\u00f1adora textil: juntas hicieron Odette + Masuso, la colecci\u00f3n c\u00e1psula que presentaron en la Semana del Dise\u00f1o en Mil\u00e1n. Con sus dise\u00f1os, revolucionaron la moda circular hecha en el pa\u00eds.<\/figcaption><\/figure>\n<p>Para darle esa identidad a su firma, Scarrone se fue aliando a distintas empresas que le donan materiales para reciclar. Sin dudas, el uso real de los biomateriales en reemplazo del cuero y pl\u00e1stico, lleg\u00f3 muy lejos. Incluso cre\u00f3 portacuentas de restaurantes en presentaciones reciclables, y hasta el Municipio de Mar del Plata, con la aspiraci\u00f3n de convertirse en una &#8220;ciudad verde&#8221;, la convoc\u00f3 para dise\u00f1ar portacelulares para un congreso.<\/p>\n<h2 class=\"wp-block-heading\">La estrategia con la que Cecilia Scarrone consigui\u00f3 la atenci\u00f3n de M\u00e1xima, al punto de romper el protocolo<\/h2>\n<p>&#8220;La experiencia con M\u00e1xima fue incre\u00edble&#8221;, rememora Scarrone, quien considera que su &#8220;lado de bruja&#8221; nunca le falla. Enseguida lo pone as\u00ed, sin vueltas ni maquillaje: &#8220;Cuando me enfoco en algo s\u00e9 que lo voy a conseguir. Yo sab\u00eda que iba a estar M\u00e1xima en el lugar e intentamos hacer contacto con la embajada de Holanda y la de Argentina y enviamos mails&#8221;.<\/p>\n<p>La idea de generar un contacto para avisar que &#8220;hab\u00eda dos argentinas mostrando dise\u00f1os sustentables&#8221; donde iba a estar la reina nacida en Argentina le quit\u00f3 el sue\u00f1o. &#8220;Quer\u00edamos generar ese encuentro. Sab\u00edamos que era importante y que iba a ser de gran visibilidad para nosotras&#8221;, analiza revisitando su estrategia para llamar la atenci\u00f3n de la royal m\u00e1s chic.<\/p>\n<figure class=\"wp-block-image size-full is-resized\"><img loading=\"lazy\" decoding=\"async\" class=\"wp-image-473553\" src=\"https:\/\/www.revistagente.com\/wp-content\/uploads\/2023\/12\/Odette-las-carteras-sustentables-hechas-en-Argentina-que-fascinaron-a-Maxima-Zorreguieta.jpg.webp\" alt=\"Odette, las carteras sustentables hechas en Argentina que fascinaron a M\u00e1xima Zorreguieta\" width=\"609\" height=\"1039\" \/><figcaption class=\"wp-element-caption\">M\u00e1xima sustentabilidad. Odette + Masuso, la c\u00e1psula de carteras hechas en Argentina que fascinaron a M\u00e1xima Zorreguieta. En el stand, la dupla creativa integrada por Cecilia Scarrone y Roc\u00edo Errecaborde (dise\u00f1adora e investigadora de materiales) exhibi\u00f3 algunos de sus productos, como tarjeteros y minibags, y materiales estrella de sus productos, como c\u00e1scara de naranja y biocueros.<\/figcaption><\/figure>\n<h2 class=\"wp-block-heading\">La fuerza de la argentinidad: perservera y triunfar\u00e1s<\/h2>\n<p>Pareciera ser que el argentino no triunfa si no sufre un poco hasta el final. Algo de esa \u00e9pica hubo en los movimientos de Scarrone. Posicionar una marca a puro pulm\u00f3n ya sabemos que no es cosa f\u00e1cil. Como era de esperarse, esos mails nunca fueron contestados: &#8220;No nos dieron bolilla&#8221;. Pero lejos de resignarse, la dise\u00f1adora fue por m\u00e1s.<\/p>\n<p>&#8220;Como Roc\u00edo lleg\u00f3 m\u00e1s tarde a Mil\u00e1n, le dije: &#8216;Tra\u00e9 una cinta argentina porque M\u00e1xima va a venir a nuestro stand&#8217;. Ella, un poco m\u00e1s incr\u00e9dula me dec\u00eda: &#8216;Mir\u00e1 que va a pasar&#8217;. Y yo le replicaba: &#8216;Vos tra\u00e9 la cinta argentina, porque como que me llamo Cecilia, yo voy a lograr ese encuentro&#8217;. \u00bfC\u00f3mo consigui\u00f3 llamar la atenci\u00f3n de M\u00e1xima? &#8220;Cuando llega la reina al predio me acerqu\u00e9 lo m\u00e1s que pude y empec\u00e9 a sacudir una de las carteras con la bandera argentina, indicando que est\u00e1bamos ah\u00ed&#8221;, relata Cecilia.<\/p>\n<p>A pura emoci\u00f3n por haber cumplido la misi\u00f3n, agrega: &#8220;Le dije que \u00e9ramos dise\u00f1adoras argentinas y que est\u00e1bamos mostrando nuestro producto. Entonces se acerca un seguridad de ella y me pregunta si \u00e9ramos argentinas. Cuando vuelve a nosotras nos dice: &#8216;Qu\u00e9dense tranquilas que la reina va a ir a su stand'&#8221;.<\/p>\n<p>Lo que sucedi\u00f3 fue tal como lo manifest\u00f3 Scarrone. &#8220;La desviaron del protocolo porque, como vos dec\u00eds, es considerada la reina del reciclaje. Y ella estaba apadrinando a dise\u00f1adores emergentes de su pa\u00eds. Ella s\u00f3lo ten\u00eda estipulado conocer el trabajo de dise\u00f1adores holandeses (por eso visit\u00f3 la exposici\u00f3n\u00a0<em>This is Denmark<\/em>), as\u00ed que fue un gesto hermoso ir a vernos a nosotras&#8221;.<\/p>\n<figure class=\"wp-block-image size-full is-resized\"><img decoding=\"async\" class=\"wp-image-473554\" src=\"https:\/\/www.revistagente.com\/wp-content\/uploads\/2023\/12\/Rocio-Errecaborde-y-Cecilia-Scarrone-junto-a-Maxima-Zorreguieta-en-julio-pasado-en-la-Semana-del-Diseno-en-Milan.jpg.webp\" alt=\"Cecilia Scarrone y Roc\u00edo Errecaborde junto a M\u00e1xima Zorreguieta en julio pasado, en la Semana del Dise\u00f1o en Mil\u00e1n\" data-tapa-url=\"https:\/\/www.revistagente.com\/wp-content\/uploads\/2023\/12\/Rocio-Errecaborde-y-Cecilia-Scarrone-junto-a-Maxima-Zorreguieta-en-julio-pasado-en-la-Semana-del-Diseno-en-Milan.jpg.webp\" data-loaded=\"true\" data-cargado=\"true\" \/><figcaption class=\"wp-element-caption\">Cecilia Scarrone y Roc\u00edo Errecaborde junto a M\u00e1xima Zorreguieta en abril pasado, en la Semana del Dise\u00f1o en Mil\u00e1n. Sus piezas circulares de lujo sostenible captaron la atenci\u00f3n de la royal, que rompi\u00f3 el protocolo para ir a conocer las innovadoras ideas con las que las argentinas contribuyen a minimizar el da\u00f1o al medioambiente.<\/figcaption><\/figure>\n<p>Acerca de su encuentro con la royal, a quien su equipo de seguridad hizo desviarse hacia el stand de las argentinas, Scarrone cuenta: &#8220;Es muy amorosa. Si bien banalmente\u00a0<strong><a href=\"https:\/\/www.revistagente.com\/estilos\/maxima-zorreguieta-reinvento-el-trench-y-dio-catedra-de-como-lucir-la-prenda-aliada-del-otono\/\">en las noticias se hablaba de su trench divino<\/a><\/strong>, porque tenerlo en vivo en persona era una cosa majestuosa, charlamos sobre reciclaje, se habl\u00f3 de c\u00f3mo estaban Holanda y Argentina parados en porcentajes de sostenibilidad. Fue muy enriquecedor desde ese lugar&#8221;.<\/p>\n<h2 class=\"wp-block-heading\">C\u00f3mo son y por qu\u00e9 le fascinaron las carteras &#8220;hechas con basura&#8221; a la reina de los Pa\u00edses Bajos<\/h2>\n<p>A M\u00e1xima la cautiv\u00f3 saber que estaban fabricadas con biomateriales y residuos. &#8220;Le llam\u00f3 mucho la atenci\u00f3n cuando le mostramos la cartera de carb\u00f3n y le contamos que estaba hecha con las cenizas del asado. Eso le caus\u00f3 mucha gracia y le sorprendi\u00f3 que fueran accesorios cien por ciento compostables&#8221;, cuenta Cecilia sobre la royal a quien el reciclaje la interpela de toda la vida.<\/p>\n<div id=\"botr_okUnf61D_Oscw874o_div\" class=\"jwplayer jw-reset jw-state-paused jw-stretch-uniform jw-flag-aspect-mode jw-breakpoint-4 jw-floating-dismissible jw-flag-play-rejected jw-flag-user-inactive\" tabindex=\"0\" role=\"application\" aria-label=\"Reproductor de Video\" aria-describedby=\"jw-botr_okUnf61D_Oscw874o_div-shortcuts-tooltip-explanation\">\n<div class=\"jw-wrapper jw-reset\">\n<div class=\"jw-controls jw-reset\">\n<div class=\"jw-nextup-container jw-reset\">\n<div class=\"jw-nextup jw-background-color jw-reset jw-nextup-thumbnail-visible\"><\/div>\n<\/div>\n<\/div>\n<\/div>\n<\/div>\n<p>Claro que la atenci\u00f3n de monarca tuvo como corolario una gran repercusi\u00f3n para Odette, la firma de Cecilia, como para Masuso, la de su socia en los textiles. &#8220;Impact\u00f3 m\u00e1s que positivamente e increment\u00f3 la necesidad de saber qu\u00e9 est\u00e1bamos haciendo. Empezaron a interesarse m\u00e1s en lo que es el biocuero y pudimos llevar conciencia al consumidor&#8221;, explica Scarrone, quien se define como una devota de la moda. &#8220;La amo, y me encanta poder impactar de modo positivo en el planeta\u201d, enfatiza.<\/p>\n<figure class=\"wp-block-image size-full is-resized\"><img decoding=\"async\" class=\"wp-image-473562\" src=\"https:\/\/www.revistagente.com\/wp-content\/uploads\/2023\/12\/share_59082117.jpg.webp\" alt=\"\" data-tapa-url=\"https:\/\/www.revistagente.com\/wp-content\/uploads\/2023\/12\/share_59082117.jpg.webp\" data-loaded=\"true\" data-cargado=\"true\" \/><figcaption class=\"wp-element-caption\">Odette, las carteras sustentables argentinas favoritas de M\u00e1xima Zorreguieta: dise\u00f1o, funcionalidad y extrema originalidad. Detalle de la pieza creada con cenizas de asado. La marca naci\u00f3 en 2020 con &#8220;el firme deseo de emprender un camino de incre\u00edble superaci\u00f3n&#8221;.<\/figcaption><\/figure>\n<p>Sobre la importancia de que la moda revea sus m\u00e9todos de producci\u00f3n, la dise\u00f1adora apunta: &#8220;Tenemos que tomar conciencia, porque a nivel ambiental est\u00e1 haciendo un desastre. Desde mi lugar lo que quiero es llevar la sostenibilidad a un dise\u00f1o que cualquier persona quiera comprar para llevarlo a una fiesta, para salir a cenar, para su d\u00eda a d\u00eda\u201d.<\/p>\n<p>Y analiza las paradojas de la supuesta moda sustentable: \u201cLo que nos encontramos en Mil\u00e1n, en este sector de nuevos materiales, es que todav\u00eda hay mucho en fase de experimentaci\u00f3n. A\u00fan no se animan a llevarlos a un producto, y para m\u00ed es fundamental empezar a usarlo ayer, no ma\u00f1ana, porque vamos tarde&#8221;.<\/p>\n<figure class=\"wp-block-image size-large is-resized\"><img decoding=\"async\" class=\"wp-image-418967\" src=\"https:\/\/www.revistagente.com\/wp-content\/uploads\/2023\/04\/maxima-zorreguieta-trench-look-1-720x539.png.webp\" alt=\"M\u00e1xima Zorreguieta luci\u00f3 un cancher\u00edsimo trench en la Semana del Dise\u00f1o de Mil\u00e1n\" data-tapa-url=\"https:\/\/www.revistagente.com\/wp-content\/uploads\/2023\/04\/maxima-zorreguieta-trench-look-1-720x539.png.webp\" data-loaded=\"true\" data-cargado=\"true\" \/><figcaption class=\"wp-element-caption\">En abril pasado, M\u00e1xima Zorreguieta luci\u00f3 un trench firmado por el\u00a0dise\u00f1ador dan\u00e9s Claes Iversen<strong>\u00a0<\/strong>en la Semana del Dise\u00f1o de Mil\u00e1n. All\u00ed dio con los dise\u00f1os sustentables craneados por Cecilia Scarrone. La prenda con la que la royal rompi\u00f3 el protocolo, hizo que su emprendimiento de carteras consiguiera mayor visibilidad.<\/figcaption><\/figure>\n<h2 class=\"wp-block-heading\">La dise\u00f1adora argentina Cecilia Scarrone analiza el estilo de M\u00e1xima Zorreguieta<\/h2>\n<p>Cecilia Scarrone se anima tambi\u00e9n a analizar el estilo de la reina que no le teme al low cost. &#8220;Sigo hace much\u00edsimo a M\u00e1xima y me encanta c\u00f3mo se viste. Me gust\u00f3 mucho m\u00e1s lo que llevaba puesto ese d\u00eda: estaba fresca, con el pelo suelto, maquillada divina; es alt\u00edsima, imponente. Y trench, ya te digo, era una cosa fabulosa. Quien dijo que era una cortina de ba\u00f1o, realmente no entiende nada. M\u00e1xima viste dise\u00f1adores holandeses y da mucho lugar a creativos emergentes, que eso es muy importante&#8221;.<\/p>\n<figure class=\"wp-block-image size-large\"><img decoding=\"async\" class=\"wp-image-418964\" src=\"https:\/\/www.revistagente.com\/wp-content\/uploads\/2023\/04\/maxima-zorreguieta-trench-720x539.png.webp\" alt=\"El trench con agujeros que luci\u00f3 M\u00e1xima Zorreguieta y convirti\u00f3 en tendencia\" data-tapa-url=\"https:\/\/www.revistagente.com\/wp-content\/uploads\/2023\/04\/maxima-zorreguieta-trench-720x539.png.webp\" data-loaded=\"true\" data-cargado=\"true\" \/><figcaption class=\"wp-element-caption\">El trench con agujeros que luci\u00f3 M\u00e1xima Zorreguieta y convirti\u00f3 en tendencia a nivel global.<\/figcaption><\/figure>\n<p>&#8220;Me gusta mucho su estilo y cualquier cosa que lleve puesta, pero ese d\u00eda estaba vestida fuera de protocolo y fue especial\u201d, agrega la dise\u00f1adora.<\/p>\n<p>A la hora de elegir un estilismo reciente de la royal que logr\u00f3 impactarla, Scarrone no duda: \u201cEl Iris Van Herpen que luci\u00f3 en Par\u00eds. Alucinante. Como dise\u00f1adora, avalo su sentido de la moda. Me encanta\u201d.<\/p>\n<figure class=\"wp-block-image size-full\"><img decoding=\"async\" class=\"wp-image-473105\" src=\"https:\/\/www.revistagente.com\/wp-content\/uploads\/2023\/11\/maxima-zorreguieta-gente-1-720x540.png.webp\" alt=\"M\u00e1xima Zorreguieta impact\u00f3 con un modelo de novias firmado por Iris Van Herpen\" data-tapa-url=\"https:\/\/www.revistagente.com\/wp-content\/uploads\/2023\/11\/maxima-zorreguieta-gente-1-720x540.png.webp\" data-loaded=\"true\" data-cargado=\"true\" \/><figcaption class=\"wp-element-caption\">Recientemente M\u00e1xima Zorreguieta impact\u00f3 en Par\u00eds con un modelo de estilo nupcial firmado por Iris Van Herpen.<\/figcaption><\/figure>\n<h2 class=\"wp-block-heading\">C\u00f3mo naci\u00f3 la idea de crear carteras con todo tipo de materiales: residuos, biocueros y hasta cenizas de asado<\/h2>\n<p>\u201cRoc\u00edo (Errecaborde) utiliza c\u00e1scaras de naranja y de banana, carb\u00f3n, desechos de los bot\u00e1nicos del gin, en este caso es la destiler\u00eda Calmar de Mar del Plata. Y lo \u00faltimo que incorpor\u00f3 es celulosa bacteriana de la marca de Kombucha Brav\u00eda, que se fabrica en Sierra de los Padres\u201d, explica la creadora sobre los innovadores materiales estrella de sus dise\u00f1os.<\/p>\n<p>Y detalla c\u00f3mo es el proceso con su socia e investigadora textil: \u201cA la hora de que desarrollo producto le voy planteando mis necesidades. Y ella est\u00e1 siempre atenta a mejorar el material para ofrecer lo m\u00e1s parecido a un cuero. Que tenga todas las cualidades, que resista la humedad y la temperatura\u201d.<\/p>\n<figure class=\"wp-block-image size-full is-resized\"><img decoding=\"async\" class=\"wp-image-473561\" src=\"https:\/\/www.revistagente.com\/wp-content\/uploads\/2023\/12\/share_-711504708.jpg.webp\" alt=\"\" data-tapa-url=\"https:\/\/www.revistagente.com\/wp-content\/uploads\/2023\/12\/share_-711504708.jpg.webp\" data-loaded=\"true\" data-cargado=\"true\" \/><figcaption class=\"wp-element-caption\">Las carteras fabricadas con basura y distintos materiales compostables, como c\u00e1scara de naranja. En la foto, la que m\u00e1s le llam\u00f3 la atenci\u00f3n a M\u00e1xima, fabricada con cenizas de asado. Hoy, la marca marplatense Odette se convirti\u00f3 en una referente en el sector de la moda circular.<\/figcaption><\/figure>\n<h2 class=\"wp-block-heading\">El proceso de realizaci\u00f3n de las carteras sustentables que ador\u00f3 M\u00e1xima: hechas en el living de una casa<\/h2>\n<p>&#8220;Respecto a cu\u00e1l es el proceso de la fabricaci\u00f3n en el living de casa, la realidad es que yo soy autodidacta y siempre me interes\u00f3 estar reciclando cosas o d\u00e1ndole una utilidad\u201d, detalla la dise\u00f1adora que tej\u00eda de muy ni\u00f1a y se anim\u00f3 a la costura \u201cmirando tutoriales\u201d.<\/p>\n<p>El gran paso fue cuando despu\u00e9s de fabricar monederos y portacosm\u00e9ticos (gracias a una amiga que le regal\u00f3 rollos y rollos de tela que no usaba) \u201cun d\u00eda quise desarrollar un producto mucho m\u00e1s grande como era un bolso&#8221;.<\/p>\n<figure class=\"wp-block-image size-large is-resized\"><img decoding=\"async\" class=\"wp-image-473603\" src=\"https:\/\/www.revistagente.com\/wp-content\/uploads\/2023\/12\/3U1A1650-720x1080.jpg.webp\" alt=\"\" data-tapa-url=\"https:\/\/www.revistagente.com\/wp-content\/uploads\/2023\/12\/3U1A1650-720x1080.jpg.webp\" data-loaded=\"true\" data-cargado=\"true\" \/><figcaption class=\"wp-element-caption\">Cecilia Scarrone, la dise\u00f1adora marplatense que con su marca Odette transform\u00f3 el desperdicio en carteras. A la par, explica: &#8220;Transformamos el simple concepto de compra en una experiencia de pertenencia y responsabilidad social para el cliente&#8221;.<\/figcaption><\/figure>\n<p>&#8220;Como hago mucho deporte, quer\u00eda un bolso para nataci\u00f3n. Me acostaba pensando c\u00f3mo ten\u00eda que hacerlo y me despertaba y me pon\u00eda a dibujar la molder\u00eda. Hasta que me di cuenta de que necesitaba capacitarme y ah\u00ed empec\u00e9 a estudiar\u201d, comparte Cecilia, quien despu\u00e9s de hacer varios workshops este a\u00f1o estudi\u00f3 tres meses en Mil\u00e1n.<\/p>\n<p>All\u00ed le ense\u00f1aron a poder volcar sus ideas en un papel, a lograr un boceto y a desarrollar una idea y un proceso creativo. \u201cAs\u00ed es como fui desarrollando lo que es hoy Odette\u201d, apunta.<\/p>\n<p>\u201cHoy gracias a Dios puedo dedicarme a pensar un dise\u00f1o, a hacer un prototipo y ah\u00ed s\u00ed mandarlo a un taller. Igualmente no me puedo desprender de la m\u00e1quina de coser, porque es algo que amo\u201d, dice esta hacedora que prioriza siempre \u201cmeter mano\u201d e inspira con su historia.<\/p>\n<figure class=\"wp-block-image size-large\"><img decoding=\"async\" class=\"wp-image-473584\" src=\"https:\/\/www.revistagente.com\/wp-content\/uploads\/2023\/12\/Las-carteras-sustentables-a-las-que-Cecilia-Scarrone-considera-verdaderas-hijas-720x464.jpg.webp\" alt=\"\" data-tapa-url=\"https:\/\/www.revistagente.com\/wp-content\/uploads\/2023\/12\/Las-carteras-sustentables-a-las-que-Cecilia-Scarrone-considera-verdaderas-hijas-720x464.jpg.webp\" data-loaded=\"true\" data-cargado=\"true\" \/><figcaption class=\"wp-element-caption\">Las carteras sustentables a las que Cecilia Scarrone considera &#8220;verdaderas hijas&#8221;. Creada en 2020, dos a\u00f1os despu\u00e9s la marca decidi\u00f3 hacer elecciones m\u00e1s sostenibles en t\u00e9rminos de materiales y fabricaci\u00f3n, y se asoci\u00f3 con otras empresas que le donan sus desperdicios de cuero. A partir de all\u00ed, comenz\u00f3 a producir c\u00e1psulas circulares con estos materiales.<\/figcaption><\/figure>\n<h2 class=\"wp-block-heading\">El boom de la moda circular en Argentina y el greenwashing, los falsos mensajes de sostenibilidad<\/h2>\n<p>Sabemos que el camino hacia una verdadera moda circular en el pa\u00eds en algunos casos es m\u00e1s teor\u00eda que pr\u00e1ctica. \u201cCreo que se est\u00e1 moviendo pero hace falta generar conciencia con educaci\u00f3n, sobre todo a los ni\u00f1os\u201d, explica la dise\u00f1adora.<\/p>\n<p>\u201cYo tambi\u00e9n tengo supermercado y en Mar del Plata todav\u00eda no hay una ordenanza para eliminar las bolsas pl\u00e1sticas en los negocios. Me agarra urticaria cuando me piden una bolsa, porque tenemos el mar a dos pasos y el desag\u00fce en la playa hoy es todo basura\u201d, plantea.<\/p>\n<p>Acerca de la otra cara de la supuesta sostenibilidad, Scarrone subraya: \u201cHabr\u00eda que haber m\u00e1s regulaci\u00f3n porque hay mucho greenwashing, no solamente en Argentina, sino a nivel mundial. Hay muchas marcas o empresas vendiendo que ayudan al planeta y por detr\u00e1s sabemos que no es as\u00ed\u201d. Por eso cree que la salida es \u201cpotenciar la moda circular desde un lugar que pueda llegar a todos los sectores, para que todos podamos tomar conciencia&#8221;.<\/p>\n<figure class=\"wp-block-image size-large\"><img decoding=\"async\" class=\"wp-image-473575\" src=\"https:\/\/www.revistagente.com\/wp-content\/uploads\/2023\/12\/Odette-el-emprendimiento-de-Cecilia-Scarrone-comienza-a-producir-en-Europa-el-ano-proximo-720x454.jpg.webp\" alt=\"\" data-tapa-url=\"https:\/\/www.revistagente.com\/wp-content\/uploads\/2023\/12\/Odette-el-emprendimiento-de-Cecilia-Scarrone-comienza-a-producir-en-Europa-el-ano-proximo-720x454.jpg.webp\" data-loaded=\"true\" data-cargado=\"true\" \/><figcaption class=\"wp-element-caption\">El emprendimiento de Cecilia Scarrone comenzar\u00e1 a producir en Europa el a\u00f1o pr\u00f3ximo. A modo de primicia, lo cuenta la original dise\u00f1adora: &#8220;En un taller de Ubrique, en Espa\u00f1a, un pueblo marroquinero muy importante en el que cosen las grandes marcas como Dior, Louis Vuitton, Chanel, ya hice las primeras muestras de mis dise\u00f1os y los lanzar\u00e9 en el pr\u00f3ximo verano europeo&#8221;.<\/figcaption><\/figure>\n<p>Las segundas oportunidades que las empresas textiles podr\u00edan darle a descartes de telas y cueros \u201cpodr\u00edan retardar la manera en la que llegan a la basura\u201d. As\u00ed lo explica la fundadora de Odette, que destaca la labor de la ONG marplatense Palestra: \u201cAll\u00ed se les ense\u00f1a el oficio de costura y emprendedurismo a chicas j\u00f3venes que tienen necesidades. Por eso, todo lo que me sobra a m\u00ed yo se los doy a ellas. De esa manera seguimos generando una econom\u00eda circular\u201d.<\/p>\n<p>Para cerrar, destaca la importancia de que los dise\u00f1adores cambien la cabeza \u201cpara generar moldes a partir de los cuales no se generen desperdicios o, en todo caso, el menor posible\u201d. Cecilia concluye con una sentencia de por m\u00e1s contagiosa: \u201cSiempre hay algo para hacer, siempre.<strong>\u00a0El que te diga que no sirve un retacito es mentira<\/strong>&#8220;.<\/p>\n","protected":false},"excerpt":{"rendered":"<p>Las carteras sustentables que deslumbraron a\u00a0M\u00e1xima Zorreguieta\u00a0(52) a mitad de a\u00f1o en la Semana del Dise\u00f1o en Mil\u00e1n llevan la firma de una marplatentense que tiene un supermercado y empez\u00f3 en la moda por puro hobby. Odette,\u00a0la marca que transform\u00f3 el desperdicio en piezas circulares de lujo sostenible, surge de la curiosidad de\u00a0Cecilia Scarrone. &#8220;Siempre [&hellip;]<\/p>\n","protected":false},"author":2,"featured_media":19824,"comment_status":"closed","ping_status":"closed","sticky":false,"template":"","format":"standard","meta":{"footnotes":""},"categories":[67],"tags":[],"class_list":{"0":"post-19823","1":"post","2":"type-post","3":"status-publish","4":"format-standard","5":"has-post-thumbnail","7":"category-espectaculo"},"_links":{"self":[{"href":"https:\/\/radiobitacora.com.ar\/web\/wp-json\/wp\/v2\/posts\/19823","targetHints":{"allow":["GET"]}}],"collection":[{"href":"https:\/\/radiobitacora.com.ar\/web\/wp-json\/wp\/v2\/posts"}],"about":[{"href":"https:\/\/radiobitacora.com.ar\/web\/wp-json\/wp\/v2\/types\/post"}],"author":[{"embeddable":true,"href":"https:\/\/radiobitacora.com.ar\/web\/wp-json\/wp\/v2\/users\/2"}],"replies":[{"embeddable":true,"href":"https:\/\/radiobitacora.com.ar\/web\/wp-json\/wp\/v2\/comments?post=19823"}],"version-history":[{"count":0,"href":"https:\/\/radiobitacora.com.ar\/web\/wp-json\/wp\/v2\/posts\/19823\/revisions"}],"wp:featuredmedia":[{"embeddable":true,"href":"https:\/\/radiobitacora.com.ar\/web\/wp-json\/wp\/v2\/media\/19824"}],"wp:attachment":[{"href":"https:\/\/radiobitacora.com.ar\/web\/wp-json\/wp\/v2\/media?parent=19823"}],"wp:term":[{"taxonomy":"category","embeddable":true,"href":"https:\/\/radiobitacora.com.ar\/web\/wp-json\/wp\/v2\/categories?post=19823"},{"taxonomy":"post_tag","embeddable":true,"href":"https:\/\/radiobitacora.com.ar\/web\/wp-json\/wp\/v2\/tags?post=19823"}],"curies":[{"name":"wp","href":"https:\/\/api.w.org\/{rel}","templated":true}]}}