{"id":19826,"date":"2023-12-11T07:48:33","date_gmt":"2023-12-11T10:48:33","guid":{"rendered":"https:\/\/radiobitacora.com.ar\/web\/?p=19826"},"modified":"2023-12-11T07:48:33","modified_gmt":"2023-12-11T10:48:33","slug":"recursos-para-proyecto-de-compensacion-por-sequia-para-tabacaleros","status":"publish","type":"post","link":"https:\/\/radiobitacora.com.ar\/web\/2023\/12\/11\/recursos-para-proyecto-de-compensacion-por-sequia-para-tabacaleros\/","title":{"rendered":"RECURSOS PARA PROYECTO DE COMPENSACI\u00d3N POR SEQU\u00cdA PARA TABACALEROS"},"content":{"rendered":"<h3><strong>El Interventor del IPT comunic\u00f3 que se recibieron fondos para productores afectados por la sequ\u00eda.<img loading=\"lazy\" decoding=\"async\" class=\"size-medium wp-image-51323 alignright entered lazyloaded\" src=\"https:\/\/883radiociudad.gob.ar\/wp-content\/uploads\/2023\/12\/IPT-RECURSOS-2-300x225.jpg.webp\" sizes=\"auto, (max-width: 300px) 100vw, 300px\" srcset=\"https:\/\/883radiociudad.gob.ar\/wp-content\/uploads\/2023\/12\/IPT-RECURSOS-2-300x225.jpg.webp 300w, https:\/\/883radiociudad.gob.ar\/wp-content\/uploads\/2023\/12\/IPT-RECURSOS-2-768x576.jpg.webp 768w, https:\/\/883radiociudad.gob.ar\/wp-content\/uploads\/2023\/12\/IPT-RECURSOS-2.jpg.webp 960w\" alt=\"\" width=\"300\" height=\"225\" data-lazy-srcset=\"https:\/\/883radiociudad.gob.ar\/wp-content\/uploads\/2023\/12\/IPT-RECURSOS-2-300x225.jpg.webp 300w, https:\/\/883radiociudad.gob.ar\/wp-content\/uploads\/2023\/12\/IPT-RECURSOS-2-768x576.jpg.webp 768w, https:\/\/883radiociudad.gob.ar\/wp-content\/uploads\/2023\/12\/IPT-RECURSOS-2.jpg.webp 960w\" data-lazy-sizes=\"(max-width: 300px) 100vw, 300px\" data-lazy-src=\"https:\/\/883radiociudad.gob.ar\/wp-content\/uploads\/2023\/12\/IPT-RECURSOS-2-300x225.jpg.webp\" data-lazy-src-webp=\"https:\/\/883radiociudad.gob.ar\/wp-content\/uploads\/2023\/12\/IPT-RECURSOS-2-300x225.jpg.webp\" data-lazy-srcset-webp=\"https:\/\/883radiociudad.gob.ar\/wp-content\/uploads\/2023\/12\/IPT-RECURSOS-2-300x225.jpg.webp 300w, https:\/\/883radiociudad.gob.ar\/wp-content\/uploads\/2023\/12\/IPT-RECURSOS-2-768x576.jpg.webp 768w, https:\/\/883radiociudad.gob.ar\/wp-content\/uploads\/2023\/12\/IPT-RECURSOS-2.jpg.webp 960w\" data-ll-status=\"loaded\" \/><\/strong><\/h3>\n<p>El Interventor del Instituto Provincial del Tabaco, Ingeniero Alejandro Correa inform\u00f3 que en la ma\u00f1ana del jueves 06 de diciembre se concret\u00f3 el desembolso correspondiente al \u201cProyecto de Compensaci\u00f3n por Sequ\u00eda para los Productores Tabacaleros de la Microrregi\u00f3n R\u00edo Santa Luc\u00eda\u201d, que fueron afectados por la sequ\u00eda. Los fondos recibidos totalizan un monto de pesos $199.847.846,88 que fueron solicitados a la Secretar\u00eda de Agricultura de Naci\u00f3n.<\/p>\n<p>Asimismo, el Ingeniero Correa se\u00f1al\u00f3 que en el transcurso de la semana del 11 al 15 de diciembre se efectuar\u00e1n todos los tr\u00e1mites bancarios para que el dinero est\u00e9 operativo y llegue a cada uno de los productores tabacaleros.<\/p>\n","protected":false},"excerpt":{"rendered":"<p>El Interventor del IPT comunic\u00f3 que se recibieron fondos para productores afectados por la sequ\u00eda. El Interventor del Instituto Provincial del Tabaco, Ingeniero Alejandro Correa inform\u00f3 que en la ma\u00f1ana del jueves 06 de diciembre se concret\u00f3 el desembolso correspondiente al \u201cProyecto de Compensaci\u00f3n por Sequ\u00eda para los Productores Tabacaleros de la Microrregi\u00f3n R\u00edo Santa [&hellip;]<\/p>\n","protected":false},"author":2,"featured_media":19827,"comment_status":"closed","ping_status":"closed","sticky":false,"template":"","format":"standard","meta":{"footnotes":""},"categories":[56],"tags":[],"class_list":{"0":"post-19826","1":"post","2":"type-post","3":"status-publish","4":"format-standard","5":"has-post-thumbnail","7":"category-locales"},"_links":{"self":[{"href":"https:\/\/radiobitacora.com.ar\/web\/wp-json\/wp\/v2\/posts\/19826","targetHints":{"allow":["GET"]}}],"collection":[{"href":"https:\/\/radiobitacora.com.ar\/web\/wp-json\/wp\/v2\/posts"}],"about":[{"href":"https:\/\/radiobitacora.com.ar\/web\/wp-json\/wp\/v2\/types\/post"}],"author":[{"embeddable":true,"href":"https:\/\/radiobitacora.com.ar\/web\/wp-json\/wp\/v2\/users\/2"}],"replies":[{"embeddable":true,"href":"https:\/\/radiobitacora.com.ar\/web\/wp-json\/wp\/v2\/comments?post=19826"}],"version-history":[{"count":0,"href":"https:\/\/radiobitacora.com.ar\/web\/wp-json\/wp\/v2\/posts\/19826\/revisions"}],"wp:featuredmedia":[{"embeddable":true,"href":"https:\/\/radiobitacora.com.ar\/web\/wp-json\/wp\/v2\/media\/19827"}],"wp:attachment":[{"href":"https:\/\/radiobitacora.com.ar\/web\/wp-json\/wp\/v2\/media?parent=19826"}],"wp:term":[{"taxonomy":"category","embeddable":true,"href":"https:\/\/radiobitacora.com.ar\/web\/wp-json\/wp\/v2\/categories?post=19826"},{"taxonomy":"post_tag","embeddable":true,"href":"https:\/\/radiobitacora.com.ar\/web\/wp-json\/wp\/v2\/tags?post=19826"}],"curies":[{"name":"wp","href":"https:\/\/api.w.org\/{rel}","templated":true}]}}