{"id":19850,"date":"2023-12-13T08:20:35","date_gmt":"2023-12-13T11:20:35","guid":{"rendered":"https:\/\/radiobitacora.com.ar\/web\/?p=19850"},"modified":"2023-12-13T08:20:35","modified_gmt":"2023-12-13T11:20:35","slug":"valdes-acompano-a-frigerio-en-su-asuncion-como-gobernador","status":"publish","type":"post","link":"https:\/\/radiobitacora.com.ar\/web\/2023\/12\/13\/valdes-acompano-a-frigerio-en-su-asuncion-como-gobernador\/","title":{"rendered":"Vald\u00e9s acompa\u00f1\u00f3 a Frigerio en su asunci\u00f3n como gobernador"},"content":{"rendered":"<p>El gobernador Gustavo Vald\u00e9s asisti\u00f3 a la asunci\u00f3n de Rogelio Frigerio como gobernador de Entre R\u00edos, en un acto desarrollado en la explanada de la Casa de Gobierno, donde luego de la respectiva jura y toma de posesi\u00f3n del cargo, Frigerio, ante la Asamblea Legislativa, brind\u00f3 su primer discurso como mandatario provincial comprometi\u00e9ndose a trabajar en un gobierno austero, moderno y transparente.<\/p>\n<p>A trav\u00e9s de sus redes sociales, Vald\u00e9s expres\u00f3 sus felicitaciones y les dese\u00f3 \u00e9xitos en la gesti\u00f3n tanto a Frigerio como a Alicia Aluani, que asumi\u00f3 como vicegobernadora.<\/p>\n<p>\u201cEstoy seguro que, trabajando juntos, vamos a potenciar el desarrollo de la regi\u00f3n y a mejorarle la calidad vida a los ciudadanos\u201d, puso de relieve Vald\u00e9s al acompa\u00f1ar a Frigerio en una jornada trascendente para la vida democr\u00e1tica de la provincia de Entre R\u00edos. Vale se\u00f1alar que Vald\u00e9s tambi\u00e9n acompa\u00f1o en el acto de asunci\u00f3n como gobernador de Santa Fe a su correligionario Maximiliano Pullaro.<\/p>\n<p>El Mandatario Provincial el domingo viaj\u00f3 hasta Santa F\u00e9 donde particip\u00f3 del acto oficial de su correligionario. \u201cTras sus juramentos ante la Asamblea Legislativa y frente al pueblo que los eligi\u00f3, Maximiliano Pullaro y Gisela Scaglia asumieron como gobernadora y vicegobernadora de Santa Fe\u201d, mientras que el s\u00e1bado, Vald\u00e9s se traslad\u00f3 a Resistencia y acompa\u00f1\u00f3 a Leandro Zdero en su acto de asunci\u00f3n como gobernador de esa provincia.<\/p>\n","protected":false},"excerpt":{"rendered":"<p>El gobernador Gustavo Vald\u00e9s asisti\u00f3 a la asunci\u00f3n de Rogelio Frigerio como gobernador de Entre R\u00edos, en un acto desarrollado en la explanada de la Casa de Gobierno, donde luego de la respectiva jura y toma de posesi\u00f3n del cargo, Frigerio, ante la Asamblea Legislativa, brind\u00f3 su primer discurso como mandatario provincial comprometi\u00e9ndose a trabajar [&hellip;]<\/p>\n","protected":false},"author":2,"featured_media":19851,"comment_status":"closed","ping_status":"closed","sticky":false,"template":"","format":"standard","meta":{"footnotes":""},"categories":[79],"tags":[],"class_list":{"0":"post-19850","1":"post","2":"type-post","3":"status-publish","4":"format-standard","5":"has-post-thumbnail","7":"category-politica"},"_links":{"self":[{"href":"https:\/\/radiobitacora.com.ar\/web\/wp-json\/wp\/v2\/posts\/19850","targetHints":{"allow":["GET"]}}],"collection":[{"href":"https:\/\/radiobitacora.com.ar\/web\/wp-json\/wp\/v2\/posts"}],"about":[{"href":"https:\/\/radiobitacora.com.ar\/web\/wp-json\/wp\/v2\/types\/post"}],"author":[{"embeddable":true,"href":"https:\/\/radiobitacora.com.ar\/web\/wp-json\/wp\/v2\/users\/2"}],"replies":[{"embeddable":true,"href":"https:\/\/radiobitacora.com.ar\/web\/wp-json\/wp\/v2\/comments?post=19850"}],"version-history":[{"count":0,"href":"https:\/\/radiobitacora.com.ar\/web\/wp-json\/wp\/v2\/posts\/19850\/revisions"}],"wp:featuredmedia":[{"embeddable":true,"href":"https:\/\/radiobitacora.com.ar\/web\/wp-json\/wp\/v2\/media\/19851"}],"wp:attachment":[{"href":"https:\/\/radiobitacora.com.ar\/web\/wp-json\/wp\/v2\/media?parent=19850"}],"wp:term":[{"taxonomy":"category","embeddable":true,"href":"https:\/\/radiobitacora.com.ar\/web\/wp-json\/wp\/v2\/categories?post=19850"},{"taxonomy":"post_tag","embeddable":true,"href":"https:\/\/radiobitacora.com.ar\/web\/wp-json\/wp\/v2\/tags?post=19850"}],"curies":[{"name":"wp","href":"https:\/\/api.w.org\/{rel}","templated":true}]}}