{"id":19871,"date":"2023-12-13T09:03:36","date_gmt":"2023-12-13T12:03:36","guid":{"rendered":"https:\/\/radiobitacora.com.ar\/web\/?p=19871"},"modified":"2023-12-13T09:03:36","modified_gmt":"2023-12-13T12:03:36","slug":"control-de-transito","status":"publish","type":"post","link":"https:\/\/radiobitacora.com.ar\/web\/2023\/12\/13\/control-de-transito\/","title":{"rendered":"CONTROL DE TR\u00c1NSITO"},"content":{"rendered":"<h3><strong>El Director de Tr\u00e1nsito e Inspecci\u00f3n General Fernando Vallejos se refiri\u00f3 a los controles realizados durante el fin de semana, en los cuales se han demorado 6 veh\u00edculos por dar positivo en el control de alcoholemia.<\/strong><\/h3>\n<p>El funcionario coment\u00f3 sobre la incorporaci\u00f3n de los nuevos m\u00f3viles y el utilitario en las recorridas del fin de semana anticipando que se pondr\u00e1 en vigencia la distribuci\u00f3n de las pulseras para los conductores asignados con el fin de evitar siniestros viales.<\/p>\n<p><strong>VEH\u00cdCULOS DEMORADOS<\/strong><\/p>\n<p>El Director de Tr\u00e1nsito, sobre el dispositivo desplegado durante el fin de semana, se\u00f1al\u00f3: \u201cEl viernes y s\u00e1bado se dispuso de las nuevas motocicletas y el utilitario para el control y operativos en diferentes puntos de la ciudad\u201d.<\/p>\n<p>\u201cEn los controles realizados tuvimos varios demorados, 6 veh\u00edculos por el caso de alcoholemia positivo. Es nuestra labor, la movilidad y los nuevos agentes nos permiten mejorar el servicio que desarrollamos\u201d, precis\u00f3.<\/p>\n<p><strong>RESPONSABILIDAD SOCIAL<img loading=\"lazy\" decoding=\"async\" class=\"size-medium wp-image-51548 alignright entered lazyloaded\" src=\"https:\/\/883radiociudad.gob.ar\/wp-content\/uploads\/2023\/12\/transito-fin-de-semana-vallejos-ilustracion-2-300x200.jpg.webp\" sizes=\"auto, (max-width: 300px) 100vw, 300px\" srcset=\"https:\/\/883radiociudad.gob.ar\/wp-content\/uploads\/2023\/12\/transito-fin-de-semana-vallejos-ilustracion-2-300x200.jpg.webp 300w, https:\/\/883radiociudad.gob.ar\/wp-content\/uploads\/2023\/12\/transito-fin-de-semana-vallejos-ilustracion-2-1024x682.jpg.webp 1024w, https:\/\/883radiociudad.gob.ar\/wp-content\/uploads\/2023\/12\/transito-fin-de-semana-vallejos-ilustracion-2-768x512.jpg.webp 768w, https:\/\/883radiociudad.gob.ar\/wp-content\/uploads\/2023\/12\/transito-fin-de-semana-vallejos-ilustracion-2-1536x1023.jpg.webp 1536w, https:\/\/883radiociudad.gob.ar\/wp-content\/uploads\/2023\/12\/transito-fin-de-semana-vallejos-ilustracion-2.jpg.webp 1600w\" alt=\"\" width=\"300\" height=\"200\" data-lazy-srcset=\"https:\/\/883radiociudad.gob.ar\/wp-content\/uploads\/2023\/12\/transito-fin-de-semana-vallejos-ilustracion-2-300x200.jpg.webp 300w, https:\/\/883radiociudad.gob.ar\/wp-content\/uploads\/2023\/12\/transito-fin-de-semana-vallejos-ilustracion-2-1024x682.jpg.webp 1024w, https:\/\/883radiociudad.gob.ar\/wp-content\/uploads\/2023\/12\/transito-fin-de-semana-vallejos-ilustracion-2-768x512.jpg.webp 768w, https:\/\/883radiociudad.gob.ar\/wp-content\/uploads\/2023\/12\/transito-fin-de-semana-vallejos-ilustracion-2-1536x1023.jpg.webp 1536w, https:\/\/883radiociudad.gob.ar\/wp-content\/uploads\/2023\/12\/transito-fin-de-semana-vallejos-ilustracion-2.jpg.webp 1600w\" data-lazy-sizes=\"(max-width: 300px) 100vw, 300px\" data-lazy-src=\"https:\/\/883radiociudad.gob.ar\/wp-content\/uploads\/2023\/12\/transito-fin-de-semana-vallejos-ilustracion-2-300x200.jpg.webp\" data-lazy-src-webp=\"https:\/\/883radiociudad.gob.ar\/wp-content\/uploads\/2023\/12\/transito-fin-de-semana-vallejos-ilustracion-2-300x200.jpg.webp\" data-lazy-srcset-webp=\"https:\/\/883radiociudad.gob.ar\/wp-content\/uploads\/2023\/12\/transito-fin-de-semana-vallejos-ilustracion-2-300x200.jpg.webp 300w, https:\/\/883radiociudad.gob.ar\/wp-content\/uploads\/2023\/12\/transito-fin-de-semana-vallejos-ilustracion-2-1024x682.jpg.webp 1024w, https:\/\/883radiociudad.gob.ar\/wp-content\/uploads\/2023\/12\/transito-fin-de-semana-vallejos-ilustracion-2-768x512.jpg.webp 768w, https:\/\/883radiociudad.gob.ar\/wp-content\/uploads\/2023\/12\/transito-fin-de-semana-vallejos-ilustracion-2-1536x1023.jpg.webp 1536w, https:\/\/883radiociudad.gob.ar\/wp-content\/uploads\/2023\/12\/transito-fin-de-semana-vallejos-ilustracion-2.jpg.webp 1600w\" data-ll-status=\"loaded\" \/><\/strong><\/p>\n<p>El funcionario solicit\u00f3: \u201casumir la cuota de nuestra responsabilidad social, cambiar los h\u00e1bitos de conducta, como ser, el que toma que no conduzca, usar el casco, tener los autos en condiciones, transitar con los documentos personales y del veh\u00edculo. Hay que tomar con responsabilidad la situaci\u00f3n, ejercitar conductas que protejan la seguridad personal y colectiva\u201d.<\/p>\n<p><strong>CONDUCTOR DESIGNADO<\/strong><\/p>\n<p>Vallejos, sobre la receptividad de los organizadores de eventos, remarc\u00f3: \u201cLa buena recepci\u00f3n por parte de los organizadores de fiestas de esta \u00e9poca del a\u00f1o, para la entrega de las pulseras para el conductor asignado. Hemos entregado las pulseras en varios eventos, hemos controlado, y es positivo. Buscamos repetir lo hecho el a\u00f1o pasado, no se registraron siniestros viales, y a eso apuntamos este a\u00f1o\u201d.<\/p>\n<p><strong>CONTROL EN LUGARES ESTRAT\u00c9GICOS<\/strong><\/p>\n<p>El Director de Tr\u00e1nsito adelant\u00f3 sobre los dispositivos de control en lugares concurridos: \u201cSeguiremos con los controles en lugares estrat\u00e9gicos, de mayor convocatoria, como es el caso de la Playa el Inga. Seremos estrictos y severos en los controles. Otro elemento sumado a estos dispositivos son los bastones luminosos que ayudan a alertar a los conductores, tambi\u00e9n se han utilizado durante este fin de semana\u201d.<\/p>\n","protected":false},"excerpt":{"rendered":"<p>El Director de Tr\u00e1nsito e Inspecci\u00f3n General Fernando Vallejos se refiri\u00f3 a los controles realizados durante el fin de semana, en los cuales se han demorado 6 veh\u00edculos por dar positivo en el control de alcoholemia. El funcionario coment\u00f3 sobre la incorporaci\u00f3n de los nuevos m\u00f3viles y el utilitario en las recorridas del fin de [&hellip;]<\/p>\n","protected":false},"author":2,"featured_media":19873,"comment_status":"closed","ping_status":"closed","sticky":false,"template":"","format":"standard","meta":{"footnotes":""},"categories":[56],"tags":[],"class_list":{"0":"post-19871","1":"post","2":"type-post","3":"status-publish","4":"format-standard","5":"has-post-thumbnail","7":"category-locales"},"_links":{"self":[{"href":"https:\/\/radiobitacora.com.ar\/web\/wp-json\/wp\/v2\/posts\/19871","targetHints":{"allow":["GET"]}}],"collection":[{"href":"https:\/\/radiobitacora.com.ar\/web\/wp-json\/wp\/v2\/posts"}],"about":[{"href":"https:\/\/radiobitacora.com.ar\/web\/wp-json\/wp\/v2\/types\/post"}],"author":[{"embeddable":true,"href":"https:\/\/radiobitacora.com.ar\/web\/wp-json\/wp\/v2\/users\/2"}],"replies":[{"embeddable":true,"href":"https:\/\/radiobitacora.com.ar\/web\/wp-json\/wp\/v2\/comments?post=19871"}],"version-history":[{"count":0,"href":"https:\/\/radiobitacora.com.ar\/web\/wp-json\/wp\/v2\/posts\/19871\/revisions"}],"wp:featuredmedia":[{"embeddable":true,"href":"https:\/\/radiobitacora.com.ar\/web\/wp-json\/wp\/v2\/media\/19873"}],"wp:attachment":[{"href":"https:\/\/radiobitacora.com.ar\/web\/wp-json\/wp\/v2\/media?parent=19871"}],"wp:term":[{"taxonomy":"category","embeddable":true,"href":"https:\/\/radiobitacora.com.ar\/web\/wp-json\/wp\/v2\/categories?post=19871"},{"taxonomy":"post_tag","embeddable":true,"href":"https:\/\/radiobitacora.com.ar\/web\/wp-json\/wp\/v2\/tags?post=19871"}],"curies":[{"name":"wp","href":"https:\/\/api.w.org\/{rel}","templated":true}]}}