{"id":19878,"date":"2023-12-15T08:14:31","date_gmt":"2023-12-15T11:14:31","guid":{"rendered":"https:\/\/radiobitacora.com.ar\/web\/?p=19878"},"modified":"2023-12-15T08:14:31","modified_gmt":"2023-12-15T11:14:31","slug":"valdes-vs-lousteau-compiten-hoy-por-la-presidencia-del-comite-nacional-de-la-ucr","status":"publish","type":"post","link":"https:\/\/radiobitacora.com.ar\/web\/2023\/12\/15\/valdes-vs-lousteau-compiten-hoy-por-la-presidencia-del-comite-nacional-de-la-ucr\/","title":{"rendered":"Vald\u00e9s vs Lousteau: compiten hoy por la presidencia del Comit\u00e9 Nacional de la UCR"},"content":{"rendered":"<p>El radicalismo vuelve a poner a prueba su unidad. Despu\u00e9s de la encendida discusi\u00f3n por la presidencia del bloque en la C\u00e1mara de Diputados, se llevar\u00e1 adelante este viernes la votaci\u00f3n que definir\u00e1, entre otros cargos, qui\u00e9nes ocupar\u00e1n la presidencia y vicepresidencia del Comit\u00e9 Nacional. La dirigencia correligionaria acelera la negociaci\u00f3n por el poroteo de delegados que tiene a dos principales contendientes: el senador nacional Mart\u00edn Lousteau y el gobernador de Corrientes, Gustavo Vald\u00e9s. La discusi\u00f3n que subyace a estos dos perfiles es cu\u00e1l ser\u00e1 el v\u00ednculo con el gobierno de Javier Milei y con Pro.<\/p>\n<p>Mientras que Lousteau pica en punta y es apoyado por el exgobernador de Jujuy, Gerardo Morales, Vald\u00e9s funciona en t\u00e1ndem con el mandatario mendocino, Alfredo Cornejo, quien lider\u00f3 el Grupo Malbec. En este espacio se agruparon los dirigentes radicales cercanos a la postulaci\u00f3n de Patricia Bullrich en la pulseada presidencial dentro de Juntos por el Cambio (JxC). Lo hicieron para diferenciarse de la apuesta del juje\u00f1o por Horacio Rodr\u00edguez Larreta, al que acompa\u00f1\u00f3 como su candidato a vicepresidente.<\/p>\n<p>Los Malbec pretenden liderar el grupo de los cinco gobernadores radicales que apuestan a consolidar la liga de diez l\u00edderes provinciales de JxC. Su postura frente al nuevo gobierno libertario es plantarse como una \u201coposici\u00f3n razonable\u201d. Se piensan como un eje de poder que garantice gobernabilidad a cambio de recursos y apuestan a desligarse de las decisiones de las superestructuras partidarias. \u201cNosotros sacamos los votos\u201d, repiten. En la vereda de enfrente, cerca de Morales y Lousteau, hay un radicalismo refractario a las ideas de Milei y hablan de dejar de ser el \u201cfurg\u00f3n de cola\u201d de Pro.<\/p>\n<p>Esta pugna por el perfil del partido centenario se exterioriz\u00f3 la semana pasada con la encendida negociaci\u00f3n para definir al presidente del bloque UCR en la C\u00e1mara de Diputados. Rodrigo de Loredo, de Evoluci\u00f3n Radical, termin\u00f3 imponi\u00e9ndose sobre Facundo Manes, impulsado por Morales. El cordob\u00e9s fue apoyado principalmente por los gobernadores, quienes ven en De Loredo una renovaci\u00f3n as\u00ed como a un hombre de di\u00e1logo con puentes en Pro y, con ello, en La Libertad Avanza (LLA). Lousteau termin\u00f3 acompa\u00f1ando esta decisi\u00f3n a pesar de mantenerse al margen de la pelea: se concentr\u00f3 en ganar la batalla por la presidencia del partido.<\/p>\n<div class=\"container_publi\" data-tipo=\"tipo_desktop \" data-pos=\"AMP_P1_cuerpo\">\n<div class=\"gpt-load\" data-gpt=\"\/22675780113\/nota\/AMP_cuerpo_x\" data-size=\"[750,300]\"><\/div>\n<\/div>\n<p>Los votos<\/p>\n<p>Con diferencias en cuanto a los porcentajes, en ambos bandos coinciden en que la aritm\u00e9tica est\u00e1, por ahora, a favor del senador nacional. De los 106 representantes del Plenario de Delegados, cerca de Morales aseguraron tener un 70% de apoyo. No obstante, en el equipo de Vald\u00e9s desestimaron estos n\u00fameros y subrayaron que las negociaciones continuaban. \u201cEstamos muy bien\u201d, dec\u00edan cerca del correntino y apostaban a conformar una mesa de conducci\u00f3n \u201cequilibrada y modernizada\u201d.<\/p>\n<p>\u201cTiene los votos, pero no la legitimidad\u201d, desliz\u00f3 \u00a0un h\u00e1bil legislador radical. Al t\u00e1ndem Morales-Lousteau se le reprocha la conducci\u00f3n de estos \u00faltimos dos a\u00f1os y el no haber le\u00eddo la demanda de cambio del electorado. \u201cA la dirigencia radical del interior les hicieron perder muchos votos\u201d, agreg\u00f3.<\/p>\n<p>En el equipo del senador nacional se enfocaban ayer en hacer cuentas. \u201cLo central es que C\u00f3rdoba, Santa Fe, Buenos Aires y la Capital Federal, m\u00e1s provincias mas chicas como La Pampa, Neuqu\u00e9n y Jujuy, piden que Lousteau sea presidente\u201d, se\u00f1alaban.<\/p>\n<p>La decisi\u00f3n final sobre qui\u00e9nes integrar\u00e1n la mesa de conducci\u00f3n del Comit\u00e9 Nacional para el per\u00edodo 2023-2025 se conocer\u00e1 este viernes. Est\u00e1 previsto que las elecciones comiencen a las 14 en la sede radical de Alsina 1786, de la ciudad de Buenos Aires.<\/p>\n","protected":false},"excerpt":{"rendered":"<p>El radicalismo vuelve a poner a prueba su unidad. Despu\u00e9s de la encendida discusi\u00f3n por la presidencia del bloque en la C\u00e1mara de Diputados, se llevar\u00e1 adelante este viernes la votaci\u00f3n que definir\u00e1, entre otros cargos, qui\u00e9nes ocupar\u00e1n la presidencia y vicepresidencia del Comit\u00e9 Nacional. La dirigencia correligionaria acelera la negociaci\u00f3n por el poroteo de [&hellip;]<\/p>\n","protected":false},"author":2,"featured_media":19880,"comment_status":"closed","ping_status":"closed","sticky":false,"template":"","format":"standard","meta":{"footnotes":""},"categories":[79],"tags":[],"class_list":{"0":"post-19878","1":"post","2":"type-post","3":"status-publish","4":"format-standard","5":"has-post-thumbnail","7":"category-politica"},"_links":{"self":[{"href":"https:\/\/radiobitacora.com.ar\/web\/wp-json\/wp\/v2\/posts\/19878","targetHints":{"allow":["GET"]}}],"collection":[{"href":"https:\/\/radiobitacora.com.ar\/web\/wp-json\/wp\/v2\/posts"}],"about":[{"href":"https:\/\/radiobitacora.com.ar\/web\/wp-json\/wp\/v2\/types\/post"}],"author":[{"embeddable":true,"href":"https:\/\/radiobitacora.com.ar\/web\/wp-json\/wp\/v2\/users\/2"}],"replies":[{"embeddable":true,"href":"https:\/\/radiobitacora.com.ar\/web\/wp-json\/wp\/v2\/comments?post=19878"}],"version-history":[{"count":0,"href":"https:\/\/radiobitacora.com.ar\/web\/wp-json\/wp\/v2\/posts\/19878\/revisions"}],"wp:featuredmedia":[{"embeddable":true,"href":"https:\/\/radiobitacora.com.ar\/web\/wp-json\/wp\/v2\/media\/19880"}],"wp:attachment":[{"href":"https:\/\/radiobitacora.com.ar\/web\/wp-json\/wp\/v2\/media?parent=19878"}],"wp:term":[{"taxonomy":"category","embeddable":true,"href":"https:\/\/radiobitacora.com.ar\/web\/wp-json\/wp\/v2\/categories?post=19878"},{"taxonomy":"post_tag","embeddable":true,"href":"https:\/\/radiobitacora.com.ar\/web\/wp-json\/wp\/v2\/tags?post=19878"}],"curies":[{"name":"wp","href":"https:\/\/api.w.org\/{rel}","templated":true}]}}