{"id":19882,"date":"2023-12-15T08:19:40","date_gmt":"2023-12-15T11:19:40","guid":{"rendered":"https:\/\/radiobitacora.com.ar\/web\/?p=19882"},"modified":"2023-12-15T08:19:40","modified_gmt":"2023-12-15T11:19:40","slug":"corrientes-el-lunes-18-inicia-el-pago-del-medio-aguinaldo-y-primer-tramo-del-bono-navideno","status":"publish","type":"post","link":"https:\/\/radiobitacora.com.ar\/web\/2023\/12\/15\/corrientes-el-lunes-18-inicia-el-pago-del-medio-aguinaldo-y-primer-tramo-del-bono-navideno\/","title":{"rendered":"Corrientes: el lunes 18 inicia el pago del medio aguinaldo y primer tramo del Bono Navide\u00f1o"},"content":{"rendered":"<p>Desde el lunes 18 de diciembre, se abonar\u00e1 el medio aguinaldo y primer tramo del Bono Navide\u00f1o para trabajadores provinciales activos y jubilados.<\/p>\n<p>&nbsp;<\/p>\n<p>El cronograma indica:<\/p>\n<p>&nbsp;<\/p>\n<p>\u2022Lunes 18: 0 y 1*<\/p>\n<p>&nbsp;<\/p>\n<p>\u2022Martes 19: 2 y 3<\/p>\n<p>&nbsp;<\/p>\n<p>\u2022Mi\u00e9rcoles 20: 4 y 5<\/p>\n<p>&nbsp;<\/p>\n<p>\u2022Jueves 21: 6 y 7<\/p>\n<p>&nbsp;<\/p>\n<p>\u2022Viernes 22: 8 y 9<\/p>\n<p>&nbsp;<\/p>\n<p>&nbsp;<\/p>\n<p>*En cajeros s\u00e1bado 16.<\/p>\n","protected":false},"excerpt":{"rendered":"<p>Desde el lunes 18 de diciembre, se abonar\u00e1 el medio aguinaldo y primer tramo del Bono Navide\u00f1o para trabajadores provinciales activos y jubilados. &nbsp; El cronograma indica: &nbsp; \u2022Lunes 18: 0 y 1* &nbsp; \u2022Martes 19: 2 y 3 &nbsp; \u2022Mi\u00e9rcoles 20: 4 y 5 &nbsp; \u2022Jueves 21: 6 y 7 &nbsp; \u2022Viernes 22: 8 [&hellip;]<\/p>\n","protected":false},"author":2,"featured_media":19883,"comment_status":"closed","ping_status":"closed","sticky":false,"template":"","format":"standard","meta":{"footnotes":""},"categories":[72],"tags":[],"class_list":{"0":"post-19882","1":"post","2":"type-post","3":"status-publish","4":"format-standard","5":"has-post-thumbnail","7":"category-provinciales"},"_links":{"self":[{"href":"https:\/\/radiobitacora.com.ar\/web\/wp-json\/wp\/v2\/posts\/19882","targetHints":{"allow":["GET"]}}],"collection":[{"href":"https:\/\/radiobitacora.com.ar\/web\/wp-json\/wp\/v2\/posts"}],"about":[{"href":"https:\/\/radiobitacora.com.ar\/web\/wp-json\/wp\/v2\/types\/post"}],"author":[{"embeddable":true,"href":"https:\/\/radiobitacora.com.ar\/web\/wp-json\/wp\/v2\/users\/2"}],"replies":[{"embeddable":true,"href":"https:\/\/radiobitacora.com.ar\/web\/wp-json\/wp\/v2\/comments?post=19882"}],"version-history":[{"count":0,"href":"https:\/\/radiobitacora.com.ar\/web\/wp-json\/wp\/v2\/posts\/19882\/revisions"}],"wp:featuredmedia":[{"embeddable":true,"href":"https:\/\/radiobitacora.com.ar\/web\/wp-json\/wp\/v2\/media\/19883"}],"wp:attachment":[{"href":"https:\/\/radiobitacora.com.ar\/web\/wp-json\/wp\/v2\/media?parent=19882"}],"wp:term":[{"taxonomy":"category","embeddable":true,"href":"https:\/\/radiobitacora.com.ar\/web\/wp-json\/wp\/v2\/categories?post=19882"},{"taxonomy":"post_tag","embeddable":true,"href":"https:\/\/radiobitacora.com.ar\/web\/wp-json\/wp\/v2\/tags?post=19882"}],"curies":[{"name":"wp","href":"https:\/\/api.w.org\/{rel}","templated":true}]}}