{"id":19895,"date":"2023-12-18T09:00:17","date_gmt":"2023-12-18T12:00:17","guid":{"rendered":"https:\/\/radiobitacora.com.ar\/web\/?p=19895"},"modified":"2023-12-18T09:00:17","modified_gmt":"2023-12-18T12:00:17","slug":"el-dia-despues-de-la-tragedia-por-el-temporal-el-gobierno-bonaerense-decreto-el-estado-de-emergencia-y-duelo-por-72-horas","status":"publish","type":"post","link":"https:\/\/radiobitacora.com.ar\/web\/2023\/12\/18\/el-dia-despues-de-la-tragedia-por-el-temporal-el-gobierno-bonaerense-decreto-el-estado-de-emergencia-y-duelo-por-72-horas\/","title":{"rendered":"El d\u00eda despu\u00e9s de la tragedia por el temporal: el gobierno bonaerense decret\u00f3 el estado de emergencia y duelo por 72 horas"},"content":{"rendered":"<p class=\"paragraph\" data-mrf-recirculation=\"Links inline\">El gobierno bonaerense dispuso en las \u00faltimas horas decretar el<b>\u00a0estado de emergencia<\/b>\u00a0en toda la provincia y\u00a0<b>duelo\u00a0<\/b>por 72 horas a ra\u00edz del feroz temporal de viento y lluvia que afect\u00f3 a varias localidades, aunque su epicentro fue Bah\u00eda Blanca, en donde\u00a0<a href=\"https:\/\/www.infobae.com\/sociedad\/2023\/12\/17\/identificaron-a-las-13-victimas-de-la-tragedia-por-el-temporal-en-bahia-blanca\/\" target=\"_blank\" rel=\"noopener noreferrer\" data-mrf-link=\"https:\/\/www.infobae.com\/sociedad\/2023\/12\/17\/identificaron-a-las-13-victimas-de-la-tragedia-por-el-temporal-en-bahia-blanca\/\">13 personas murieron al caerse el techo de un club deportivo<\/a> cuando se realizaba una muestra de pat\u00edn art\u00edstico.<\/p>\n<p class=\"paragraph\" data-mrf-recirculation=\"Links inline\">Adem\u00e1s, y seg\u00fan la informaci\u00f3n oficial, se declar\u00f3 asueto administrativo y escolar en los partidos de Bah\u00eda Blanca, Coronel Rosales, Tres Arroyos, Monte Hermoso y las localidades de Juan Coust\u00e9, M\u00e9danos, Chapalco Argerich y Teniente Origone del partido de Villarino para los d\u00edas 18 y 19 de diciembre.<\/p>\n<p class=\"paragraph\" data-mrf-recirculation=\"Links inline\">En la ciudad m\u00e1s afectada, el temporal se desat\u00f3 a las 19 del s\u00e1bado y tuvo su pico m\u00e1ximo entre las 20 y las 21. Fue cerca de las 22 que\u00a0<b>Federico Susbielles<\/b>, el intendente local, comunic\u00f3 a la poblaci\u00f3n el fallecimiento de Juliana Barquero (51), Rub\u00e9n Baldi (45), Benicio Baldi (menor de edad), Adriana Mar\u00eda Contento (63), Norma Gladys Nieto (61), Mar\u00eda Laura Rodr\u00edguez, Federico Luis Duo (44), Diego Carrasco, Luis P\u00e9rez, Juana Graciela Danszyt (67), Rosa Figueroa, Bryan Ortega y Diego Casatti (45), todas personas que estaban en el club Bahiense de Norte.<\/p>\n<p class=\"paragraph\" data-mrf-recirculation=\"Links inline\">La situaci\u00f3n a\u00fan es cr\u00edtica, por un lado, por los desastres viales y el\u00e9ctricos ocasionados a ra\u00edz de la ca\u00edda de 5.000 \u00e1rboles y, por el otro, porque todav\u00eda hay 14 heridos de gravedad. Respecto a ellos, las fuentes informaron que \u201calgunas se encuentran internadas en el Hospital Municipal, Hospital Penna y en el Hospital Privado del Sur\u201d.<\/p>\n<p class=\"paragraph\" data-mrf-recirculation=\"Links inline\">En tanto,\u00a0<a href=\"https:\/\/www.infobae.com\/sociedad\/2023\/12\/17\/una-mujer-murio-aplastada-por-un-arbol-en-moreno-durante-el-temporal\/\" target=\"_blank\" rel=\"noopener noreferrer\" data-mrf-link=\"https:\/\/www.infobae.com\/sociedad\/2023\/12\/17\/una-mujer-murio-aplastada-por-un-arbol-en-moreno-durante-el-temporal\/\">una mujer muri\u00f3 aplastada por un \u00e1rbol en Moreno<\/a>. El cuerpo fue encontrado en el cruce de avenida Monsegur y Unamuno, en la localidad de La Reja. Ten\u00eda 61 a\u00f1os y viv\u00eda a 20 cuadras de all\u00ed<\/p>\n<div class=\"visual__image\"><img loading=\"lazy\" decoding=\"async\" class=\" lazyload\" src=\"https:\/\/www.infobae.com\/new-resizer\/AlUhQweQhpecsn4GSGhENbm7Uls=\/420x236\/filters:format(webp):quality(85)\/cloudfront-us-east-1.images.arcpublishing.com\/infobae\/BI6EL2DP5BDGBGCC36NQWAZXRQ.jpeg%20420w\" sizes=\"auto, (min-width: 1560px) 856px, (min-width: 1000px) calc(74.63vw - 293px), (min-width: 780px) calc(100vw - 376px), (min-width: 580px) calc(100vw - 32px), 100vw\" srcset=\"https:\/\/www.infobae.com\/new-resizer\/AlUhQweQhpecsn4GSGhENbm7Uls=\/420x236\/filters:format(webp):quality(85)\/cloudfront-us-east-1.images.arcpublishing.com\/infobae\/BI6EL2DP5BDGBGCC36NQWAZXRQ.jpeg 420w,https:\/\/www.infobae.com\/new-resizer\/fWXK_QeB-BzcsrkJJYPCjvWEH5E=\/768x432\/filters:format(webp):quality(85)\/cloudfront-us-east-1.images.arcpublishing.com\/infobae\/BI6EL2DP5BDGBGCC36NQWAZXRQ.jpeg 768w,https:\/\/www.infobae.com\/new-resizer\/lO_Qv9WT70iHQjFoYeMGtxdmqiw=\/992x558\/filters:format(webp):quality(85)\/cloudfront-us-east-1.images.arcpublishing.com\/infobae\/BI6EL2DP5BDGBGCC36NQWAZXRQ.jpeg 992w,https:\/\/www.infobae.com\/new-resizer\/1C_wUadYOAEkMgPRAC5GfqDAXXo=\/1200x675\/filters:format(webp):quality(85)\/cloudfront-us-east-1.images.arcpublishing.com\/infobae\/BI6EL2DP5BDGBGCC36NQWAZXRQ.jpeg 1200w,https:\/\/www.infobae.com\/new-resizer\/dv9NOyJtzXmCULlbAg_a2UctDng=\/1440x810\/filters:format(webp):quality(85)\/cloudfront-us-east-1.images.arcpublishing.com\/infobae\/BI6EL2DP5BDGBGCC36NQWAZXRQ.jpeg 1440w\" alt=\"Bah\u00eda Blanca. La tormenta caus\u00f3 varios destrozos luego de que confirmaran que los vientos superaron los 140 km\/h (T\u00e9lam)\" width=\"480\" height=\"270\" data-src=\"https:\/\/www.infobae.com\/new-resizer\/AlUhQweQhpecsn4GSGhENbm7Uls=\/420x236\/filters:format(webp):quality(85)\/cloudfront-us-east-1.images.arcpublishing.com\/infobae\/BI6EL2DP5BDGBGCC36NQWAZXRQ.jpeg 420w\" \/>Bah\u00eda Blanca. La tormenta caus\u00f3 varios destrozos luego de que confirmaran que los vientos superaron los 140 km\/h (T\u00e9lam)<\/div>\n<h2 class=\"header headline-class-h2\">Apoyo de Milei y Kicillof<\/h2>\n<p class=\"paragraph\" data-mrf-recirculation=\"Links inline\">Cuando se enter\u00f3 de los acontecimientos, el presidente\u00a0<b>Javier Milei<\/b>\u00a0instruy\u00f3 que funcionarios de su Gabinete se contacten con las autoridades de Bah\u00eda Blanca, se puso a disposici\u00f3n y viaj\u00f3 para solidarizarse y afrontar personalmente esa vicisitud, junto a varios ministros y al gobernador bonaerense,\u00a0<b>Axel Kicillof.\u00a0<\/b><a href=\"https:\/\/www.infobae.com\/politica\/2023\/12\/18\/el-temporal-tragico-en-bahia-blanca-puso-a-milei-frente-a-una-crisis-inesperada-y-una-obligada-cooperacion-con-axel-kicillof\/\" target=\"_blank\" rel=\"noopener noreferrer\" data-mrf-link=\"https:\/\/www.infobae.com\/politica\/2023\/12\/18\/el-temporal-tragico-en-bahia-blanca-puso-a-milei-frente-a-una-crisis-inesperada-y-una-obligada-cooperacion-con-axel-kicillof\/\">Todos ellos compartieron reuniones del comit\u00e9 de crisis.<\/a><\/p>\n<p class=\"paragraph\" data-mrf-recirculation=\"Links inline\">La ministra de Seguridad,\u00a0<b>Patricia Bullrich<\/b>, quien acompa\u00f1\u00f3 al Presidente hasta Bah\u00eda Blanca, manifest\u00f3 este domingo que lo ocurrido en esa ciudad fue \u201c<b>una terrible cat\u00e1strofe<\/b>\u201d, en una zona que ten\u00eda \u201cun\u00a0<b>alerta normal<\/b>\u201d que deriv\u00f3 en \u201cuna\u00a0<b>cola de tornado inesperada<\/b>\u201d.<\/p>\n<p class=\"paragraph\" data-mrf-recirculation=\"Links inline\">Tambi\u00e9n explic\u00f3 la funcionaria que \u201ctodas las fuerzas federales van a seguir trabajando en conjunto\u201d con la provincia de Buenos Aires en la zona de la tragedia; y que\u00a0<b>el Presidente \u201cpuso todos los medios nacionales\u201d a disposici\u00f3n de la ciudad\u00a0<\/b>Bah\u00eda Blanca.<\/p>\n<h2 class=\"header headline-class-h2\">Uruguay y Paraguay<\/h2>\n<p class=\"paragraph\" data-mrf-recirculation=\"Links inline\">Pero no s\u00f3lo en la Argentina el fuerte temporal provoc\u00f3 una tragedia. Tambi\u00e9n azot\u00f3 a la mayor parte de\u00a0<a href=\"https:\/\/www.infobae.com\/america\/america-latina\/2023\/12\/17\/un-fuerte-temporal-en-uruguay-dejo-dos-muertos-entre-ellos-un-menor-de-edad\/\" rel=\"noopener noreferrer\" data-mrf-link=\"https:\/\/www.infobae.com\/america\/america-latina\/2023\/12\/17\/un-fuerte-temporal-en-uruguay-dejo-dos-muertos-entre-ellos-un-menor-de-edad\/\">Uruguay<\/a>\u00a0en la madrugada de este domingo y\u00a0<b>dej\u00f3 un saldo de dos muertos<\/b>, entre ellas un menor de edad de 8 a\u00f1os, en el departamento (provincia) de Colonia (suroeste).<\/p>\n<p class=\"paragraph\" data-mrf-recirculation=\"Links inline\">A su vez, un ni\u00f1o de 11 a\u00f1os muri\u00f3 y otras 13 personas resultaron heridas este domingo\u00a0<b>al desplomarse en medio de un temporal un polideportivo<\/b>\u00a0al que acudieron numerosos invitados a un acto de premiaci\u00f3n de peque\u00f1os futbolistas en la ciudad paraguaya de Caaguaz\u00fa (suroeste), seg\u00fan informaron fuentes del Gobierno.<\/p>\n<p class=\"paragraph\" data-mrf-recirculation=\"Links inline\"><b>La estructura colaps\u00f3, al parecer, en medio de una fuerte lluvia con r\u00e1fagas de viento<\/b>\u00a0que, seg\u00fan testigos, asol\u00f3 Caaguaz\u00fa, capital del departamento del mismo nombre, ubicada a unos 180 kil\u00f3metros al suroeste de Asunci\u00f3n.<\/p>\n","protected":false},"excerpt":{"rendered":"<p>El gobierno bonaerense dispuso en las \u00faltimas horas decretar el\u00a0estado de emergencia\u00a0en toda la provincia y\u00a0duelo\u00a0por 72 horas a ra\u00edz del feroz temporal de viento y lluvia que afect\u00f3 a varias localidades, aunque su epicentro fue Bah\u00eda Blanca, en donde\u00a013 personas murieron al caerse el techo de un club deportivo cuando se realizaba una muestra [&hellip;]<\/p>\n","protected":false},"author":2,"featured_media":19896,"comment_status":"closed","ping_status":"closed","sticky":false,"template":"","format":"standard","meta":{"footnotes":""},"categories":[79],"tags":[],"class_list":{"0":"post-19895","1":"post","2":"type-post","3":"status-publish","4":"format-standard","5":"has-post-thumbnail","7":"category-politica"},"_links":{"self":[{"href":"https:\/\/radiobitacora.com.ar\/web\/wp-json\/wp\/v2\/posts\/19895","targetHints":{"allow":["GET"]}}],"collection":[{"href":"https:\/\/radiobitacora.com.ar\/web\/wp-json\/wp\/v2\/posts"}],"about":[{"href":"https:\/\/radiobitacora.com.ar\/web\/wp-json\/wp\/v2\/types\/post"}],"author":[{"embeddable":true,"href":"https:\/\/radiobitacora.com.ar\/web\/wp-json\/wp\/v2\/users\/2"}],"replies":[{"embeddable":true,"href":"https:\/\/radiobitacora.com.ar\/web\/wp-json\/wp\/v2\/comments?post=19895"}],"version-history":[{"count":0,"href":"https:\/\/radiobitacora.com.ar\/web\/wp-json\/wp\/v2\/posts\/19895\/revisions"}],"wp:featuredmedia":[{"embeddable":true,"href":"https:\/\/radiobitacora.com.ar\/web\/wp-json\/wp\/v2\/media\/19896"}],"wp:attachment":[{"href":"https:\/\/radiobitacora.com.ar\/web\/wp-json\/wp\/v2\/media?parent=19895"}],"wp:term":[{"taxonomy":"category","embeddable":true,"href":"https:\/\/radiobitacora.com.ar\/web\/wp-json\/wp\/v2\/categories?post=19895"},{"taxonomy":"post_tag","embeddable":true,"href":"https:\/\/radiobitacora.com.ar\/web\/wp-json\/wp\/v2\/tags?post=19895"}],"curies":[{"name":"wp","href":"https:\/\/api.w.org\/{rel}","templated":true}]}}