{"id":19898,"date":"2023-12-18T09:11:17","date_gmt":"2023-12-18T12:11:17","guid":{"rendered":"https:\/\/radiobitacora.com.ar\/web\/?p=19898"},"modified":"2023-12-18T09:11:17","modified_gmt":"2023-12-18T12:11:17","slug":"nueva-alerta-naranja-por-fenomenos-meteorologicos-peligrosos-para-4-provincias-que-podria-ocurrir","status":"publish","type":"post","link":"https:\/\/radiobitacora.com.ar\/web\/2023\/12\/18\/nueva-alerta-naranja-por-fenomenos-meteorologicos-peligrosos-para-4-provincias-que-podria-ocurrir\/","title":{"rendered":"Nueva alerta naranja por fen\u00f3menos meteorol\u00f3gicos peligrosos para 4 provincias: qu\u00e9 podr\u00eda ocurrir"},"content":{"rendered":"<p class=\"paragraph\" data-mrf-recirculation=\"Links inline\">Luego de que una tormenta de gran magnitud afectara parte la\u00a0<b>Ciudad\u00a0<\/b>y la<b>\u00a0provincia de Buenos Aires<\/b>, con el tr\u00e1gico saldo de\u00a0<b>13 muertos en Bah\u00eda Blanca<\/b>, adem\u00e1s de\u00a0<b>una mujer fallecida<\/b>\u00a0en\u00a0<b>Moreno<\/b>; la reciente alerta que emiti\u00f3 el\u00a0<b>Servicio Meteorol\u00f3gico Nacional<\/b>\u00a0fue sobre<b>\u00a04 provincias argentinas<\/b>\u00a0por \u201cfen\u00f3menos meteorol\u00f3gicos peligrosos\u201d.<\/p>\n<p class=\"paragraph\" data-mrf-recirculation=\"Links inline\">Seg\u00fan se desprende de la publicaci\u00f3n realizada en redes sociales por el ente nacional, este fen\u00f3meno afectar\u00eda en las pr\u00f3ximas horas a\u00a0<b>Entre R\u00edos, Santa Fe, C\u00f3rdoba y Santiago del Estero<\/b>.<\/p>\n<p class=\"paragraph\" data-mrf-recirculation=\"Links inline\">Mientras que para las provincias de Buenos Aires, Corrientes, Chaco, Formosa, Salta, Jujuy, Tucum\u00e1n, La Rioja y Catamarca\u00a0<b>la alerta es amarilla<\/b>.<\/p>\n<p class=\"paragraph\" data-mrf-recirculation=\"Links inline\">Asimismo, desde el SMN aclararon que, cuando se trata de una<b>\u00a0alerta naranja<\/b>, \u201cse esperan\u00a0<b>fen\u00f3menos meteorol\u00f3gicos peligrosos<\/b>\u00a0para la sociedad, la vida, los bienes y el medio ambiente\u201d, mientras que al ser\u00a0<b>amarillo\u00a0<\/b>se advierten \u201cposibles fen\u00f3menos meteorol\u00f3gicos<b>\u00a0con capacidad de da\u00f1o<\/b>\u00a0y riesgo de interrupci\u00f3n moment\u00e1nea de actividades cotidianas\u201d.<\/p>\n<div class=\"visual__image\"><img loading=\"lazy\" decoding=\"async\" class=\" lazyload\" src=\"https:\/\/www.infobae.com\/new-resizer\/axAC5kdAu7COVCGF1LirTgDvV5w=\/420x236\/filters:format(webp):quality(85)\/cloudfront-us-east-1.images.arcpublishing.com\/infobae\/RSLMSS25KZDC5B54CB4FUA3DPQ.jfif%20420w\" sizes=\"auto, (min-width: 1560px) 856px, (min-width: 1000px) calc(74.63vw - 293px), (min-width: 780px) calc(100vw - 376px), (min-width: 580px) calc(100vw - 32px), 100vw\" srcset=\"https:\/\/www.infobae.com\/new-resizer\/axAC5kdAu7COVCGF1LirTgDvV5w=\/420x236\/filters:format(webp):quality(85)\/cloudfront-us-east-1.images.arcpublishing.com\/infobae\/RSLMSS25KZDC5B54CB4FUA3DPQ.jfif 420w,https:\/\/www.infobae.com\/new-resizer\/jVksMxA835vdO8ydtxr7sD4cUxc=\/768x432\/filters:format(webp):quality(85)\/cloudfront-us-east-1.images.arcpublishing.com\/infobae\/RSLMSS25KZDC5B54CB4FUA3DPQ.jfif 768w,https:\/\/www.infobae.com\/new-resizer\/Fuqc3Q3crv950ZRUtjR3qedji6A=\/992x558\/filters:format(webp):quality(85)\/cloudfront-us-east-1.images.arcpublishing.com\/infobae\/RSLMSS25KZDC5B54CB4FUA3DPQ.jfif 992w,https:\/\/www.infobae.com\/new-resizer\/-JL-I0fh3JUViXlYtGax48NYYJM=\/1200x675\/filters:format(webp):quality(85)\/cloudfront-us-east-1.images.arcpublishing.com\/infobae\/RSLMSS25KZDC5B54CB4FUA3DPQ.jfif 1200w,https:\/\/www.infobae.com\/new-resizer\/3PKJRgJNMUL1CzAOqgmE99OY6aA=\/1440x810\/filters:format(webp):quality(85)\/cloudfront-us-east-1.images.arcpublishing.com\/infobae\/RSLMSS25KZDC5B54CB4FUA3DPQ.jfif 1440w\" alt=\"El Servicio Meteorol\u00f3gico Nacional emiti\u00f3 una alerta naranja para Entre R\u00edos, Santa Fe, C\u00f3rdoba, Santiago del Estero, Buenos Aires\nFuente: SNM\" width=\"2081\" height=\"1169\" data-src=\"https:\/\/www.infobae.com\/new-resizer\/axAC5kdAu7COVCGF1LirTgDvV5w=\/420x236\/filters:format(webp):quality(85)\/cloudfront-us-east-1.images.arcpublishing.com\/infobae\/RSLMSS25KZDC5B54CB4FUA3DPQ.jfif 420w\" \/>El Servicio Meteorol\u00f3gico Nacional emiti\u00f3 una alerta naranja para Entre R\u00edos, Santa Fe, C\u00f3rdoba, Santiago del Estero, Buenos Aires Fuente: SNM<\/div>\n<p class=\"paragraph\" data-mrf-recirculation=\"Links inline\">El aviso contempla las regiones pr\u00f3ximas a San Fernando del Valle, en Catamarca, a las zonas serranas de Punilla y R\u00edo Primero y Segundo en C\u00f3rdoba, San Jer\u00f3nimo, Belgrano, Las Colonias y ciudad capital, en Santa Fe, y Diamante, Paran\u00e1, Nogoy\u00e1 y Villaguay en la provincia de Entre R\u00edos.<\/p>\n<p class=\"paragraph\" data-mrf-recirculation=\"Links inline\">El organismo meteorol\u00f3gico precis\u00f3 que\u00a0<b>el alerta \u201cnaranja\u201d por tormentas afecta al noreste de Buenos Aires y el sur de Santa Fe y de Entre R\u00edos<\/b>, donde el \u00e1rea ser\u00e1 afectada por tormentas, algunas localmente fuertes o severas.<\/p>\n<p class=\"paragraph\" data-mrf-recirculation=\"Links inline\">Seg\u00fan el parte del SMN\u00a0<b>se esperan r\u00e1fagas muy intensas con velocidades que pueden superar los 100 kil\u00f3metros por hora, ca\u00edda de granizo<\/b>\u00a0que localmente podr\u00eda ser de gran tama\u00f1o,\u00a0<b>muy fuerte actividad el\u00e9ctrica\u00a0<\/b>y abundante ca\u00edda de agua en cortos periodos.<\/p>\n<p class=\"paragraph\" data-mrf-recirculation=\"Links inline\">A su vez, se prev\u00e9n valores de precipitaci\u00f3n acumulada entre 70 y 130 mm, pudiendo ser superados en forma puntual.<\/p>\n<h2 class=\"header headline-class-h2\">Qu\u00e9 ocurri\u00f3 en las \u00faltimas horas y qu\u00e9 estiman los expertos<\/h2>\n<p class=\"paragraph\" data-mrf-recirculation=\"Links inline\">La\u00a0<b>madrugada del domingo\u00a0<\/b>se vio marcada por una\u00a0<a href=\"https:\/\/www.infobae.com\/sociedad\/2023\/12\/17\/temporal-en-buenos-aires-las-consecuencias-de-las-fuertes-rafagas-de-viento-y-lluvia-minuto-a-minuto\/\" target=\"_blank\" rel=\"noopener noreferrer\" data-mrf-link=\"https:\/\/www.infobae.com\/sociedad\/2023\/12\/17\/temporal-en-buenos-aires-las-consecuencias-de-las-fuertes-rafagas-de-viento-y-lluvia-minuto-a-minuto\/\"><b>intensa tormenta<\/b><\/a>\u00a0que azot\u00f3 el\u00a0<b>\u00c1rea Metropolitana de Buenos Aires (AMBA)<\/b>, tras haber causado estragos y v\u00edctimas fatales en\u00a0<b>Bah\u00eda Blanca<\/b>.<\/p>\n<p class=\"paragraph\" data-mrf-recirculation=\"Links inline\">Los<b>\u00a0efectos del temporal\u00a0<\/b>tambi\u00e9n\u00a0<b>fueron palpables en Capital Federal y el Conurbano<\/b>, pues\u00a0<b>la fuerza del viento derrib\u00f3 \u00e1rboles, inund\u00f3 calles y arranc\u00f3 techos.<\/b><\/p>\n<p class=\"paragraph\" data-mrf-recirculation=\"Links inline\"><b>Lo cierto es que e<\/b>l\u00a0<b>Servicio Meteorol\u00f3gico Nacional (SMN)<\/b>\u00a0actu\u00f3 con antelaci\u00f3n y emiti\u00f3 una<b>\u00a0alerta por tormentas severas, la cual\u00a0<\/b>inclu\u00eda\u00a0<b>la posibilidad de lluvias intensas, r\u00e1fagas fuertes y ca\u00edda ocasional de granizo.<\/b>\u00a0Los resultados de este fen\u00f3meno, hacia las 4 de la ma\u00f1ana,<b>\u00a0fueron r\u00e1fagas de viento de hasta 140 kil\u00f3metros por hora.<\/b><\/p>\n<p class=\"paragraph\" data-mrf-recirculation=\"Links inline\">\u201cNos enfrentamos al paso de una l\u00ednea de inestabilidad muy fuerte, debido a que la atm\u00f3sfera estaba inestable desde hace varios d\u00edas, seguida del paso de una zona frontal fr\u00eda. Quiz\u00e1s fue m\u00e1s intenso que en ocasiones anteriores, pero esto suele ocurrir justo antes del verano en nuestra regi\u00f3n y no es extra\u00f1o que haya sucedido. No se trat\u00f3 de un hurac\u00e1n propiamente dicho, sino de una zona frontal t\u00edpica de nuestras latitudes\u201d, hab\u00eda se\u00f1alado a\u00a0<b>Infobae\u00a0<\/b>el meteor\u00f3logo<b>\u00a0Eduardo Piacentini<\/b>,<b>\u00a0<\/b>experto en Qu\u00edmica de la Atm\u00f3sfera y cambio clim\u00e1tico.<\/p>\n<div class=\"visual__image\"><img loading=\"lazy\" decoding=\"async\" class=\" lazyload\" src=\"https:\/\/www.infobae.com\/new-resizer\/GVnet9Cq4y-AzwuOeGS761s5lQk=\/420x236\/filters:format(webp):quality(85)\/cloudfront-us-east-1.images.arcpublishing.com\/infobae\/W7YE2ZMASRDDTC2PX4Z5PKZY4U.jfif%20420w\" sizes=\"auto, (min-width: 1560px) 856px, (min-width: 1000px) calc(74.63vw - 293px), (min-width: 780px) calc(100vw - 376px), (min-width: 580px) calc(100vw - 32px), 100vw\" srcset=\"https:\/\/www.infobae.com\/new-resizer\/GVnet9Cq4y-AzwuOeGS761s5lQk=\/420x236\/filters:format(webp):quality(85)\/cloudfront-us-east-1.images.arcpublishing.com\/infobae\/W7YE2ZMASRDDTC2PX4Z5PKZY4U.jfif 420w,https:\/\/www.infobae.com\/new-resizer\/Lbsv5oAqiItj5YqUu8_hLL0i27Q=\/768x432\/filters:format(webp):quality(85)\/cloudfront-us-east-1.images.arcpublishing.com\/infobae\/W7YE2ZMASRDDTC2PX4Z5PKZY4U.jfif 768w,https:\/\/www.infobae.com\/new-resizer\/S4wE-7iGBZ1PWWvxXQHV6Cs2ACY=\/992x558\/filters:format(webp):quality(85)\/cloudfront-us-east-1.images.arcpublishing.com\/infobae\/W7YE2ZMASRDDTC2PX4Z5PKZY4U.jfif 992w,https:\/\/www.infobae.com\/new-resizer\/qzZMpFiygqeCcY1s6qu4g0SvWok=\/1200x675\/filters:format(webp):quality(85)\/cloudfront-us-east-1.images.arcpublishing.com\/infobae\/W7YE2ZMASRDDTC2PX4Z5PKZY4U.jfif 1200w,https:\/\/www.infobae.com\/new-resizer\/pzcoK3yfgeOj2jjfKUm0RGwJGbk=\/1440x810\/filters:format(webp):quality(85)\/cloudfront-us-east-1.images.arcpublishing.com\/infobae\/W7YE2ZMASRDDTC2PX4Z5PKZY4U.jfif 1440w\" alt=\"Alerta amarilla en Buenos Aires, Corrientes, Chaco, Formosa, Salta, Jujuy, Tucum\u00e1n, La Rioja, Catamarca, posibles fen\u00f3menos meteorol\u00f3gicos da\u00f1inos\nFuente: SNM\" width=\"2081\" height=\"1169\" data-src=\"https:\/\/www.infobae.com\/new-resizer\/GVnet9Cq4y-AzwuOeGS761s5lQk=\/420x236\/filters:format(webp):quality(85)\/cloudfront-us-east-1.images.arcpublishing.com\/infobae\/W7YE2ZMASRDDTC2PX4Z5PKZY4U.jfif 420w\" \/>Alerta amarilla en Buenos Aires, Corrientes, Chaco, Formosa, Salta, Jujuy, Tucum\u00e1n, La Rioja, Catamarca, posibles fen\u00f3menos meteorol\u00f3gicos da\u00f1inos Fuente: SNM<\/div>\n<p class=\"paragraph\" data-mrf-recirculation=\"Links inline\">Quien adelant\u00f3 que, en las pr\u00f3ximas horas,\u00a0<b>\u201cla tormenta sigue su trayectoria desde el sur de la provincia, donde ya ha causado graves da\u00f1os\u201d<\/b>.<\/p>\n<p class=\"paragraph\" data-mrf-recirculation=\"Links inline\">\u201cEl Servicio Meteorol\u00f3gico, desde ayer al mediod\u00eda, emiti\u00f3 diversas alertas, incrementando y advirtiendo sobre la situaci\u00f3n.\u00a0<b>La zona frontal fr\u00eda va a ir pasando poco a poco hacia el litoral, y se espera que las condiciones en el AMBA mejoren hacia la tarde o noche<\/b>\u201d, asegur\u00f3 Piacentini.<\/p>\n<p class=\"paragraph\" data-mrf-recirculation=\"Links inline\">Y sum\u00f3: \u201cEsto ha sucedido otras veces. Han ca\u00eddo vendavales fuertes en el sur del AMBA, y aunque cubren extensiones muy grandes, la zona frontal afecta casi toda la provincia de Buenos Aires\u201d.<\/p>\n<p class=\"paragraph\" data-mrf-recirculation=\"Links inline\">De repetirse el mismo fen\u00f3meno, en palabras del meteor\u00f3logo y licenciado en Ciencias de la Atm\u00f3sfera en la Universidad de Buenos Aires,<b>\u00a0Christian Garavaglia<\/b>, se tratar\u00e1 de \u201cun \u2018<i>bow echo<\/i>\u2019 o \u2018derecho\u2019 (este \u00faltimo es una escala m\u00e1s grande), \u201cuna forma de organizaci\u00f3n de sistemas de tormenta en arco, con ciclos de vida m\u00e1s largos y riesgo principal en la intensidad del viento\u201d.<\/p>\n<div class=\"jwplayer-ctn\">\n<div>\n<div id=\"YOBUTFEYIBBSBMV5NSP4DVEVXY\" class=\"jwplayer jw-reset jw-state-idle jw-stretch-uniform jw-flag-aspect-mode jw-breakpoint-4 jw-floating-dismissible jw-flag-user-inactive\" tabindex=\"0\" role=\"application\" aria-label=\"Reproductor de Video\" aria-describedby=\"jw-YOBUTFEYIBBSBMV5NSP4DVEVXY-shortcuts-tooltip-explanation\" data-compass-listening=\"true\">\n<div class=\"jw-wrapper jw-reset\">\n<div class=\"jw-controls jw-reset\">\n<div class=\"jw-nextup-container jw-reset\">\n<div class=\"jw-nextup jw-background-color jw-reset jw-nextup-thumbnail-visible\"><\/div>\n<\/div>\n<\/div>\n<\/div>\n<\/div>\n<\/div>\n<p>Los videos m\u00e1s impactantes del temporal<\/p><\/div>\n<p class=\"paragraph\" data-mrf-recirculation=\"Links inline\">\u201cNo es un tornado, aunque puede incluir tornados localizados. Ayer, un sistema as\u00ed avanz\u00f3 ordenadamente desde el sur al norte de Buenos Aires, afectando, primero, Bah\u00eda Blanca y, luego, Buenos Aires. Estas tormentas se regeneran y avanzan en arco\u201d, dijo el experto y agreg\u00f3: \u201cEl\u00a0<b>precedente m\u00e1s cercano<\/b>\u00a0fue en\u00a0<b>2012<\/b>, con un sistema de tormentas similar, donde se confirmaron varios tornados en el\u00a0<b>Conurbano<\/b>. Sin embargo, los tornados afectan \u00e1reas limitadas a unas pocas cuadras, mientras que estos sistemas de tormentas tienen un alcance de varios kil\u00f3metros\u201d.<\/p>\n<p class=\"paragraph\" data-mrf-recirculation=\"Links inline\">Por su parte, el meteor\u00f3logo e investigador\u00a0<b>Mauricio Sald\u00edvar<\/b>\u00a0aport\u00f3, con referencia a lo ocurrido, que este s\u00e1bado \u201cse registr\u00f3 una l\u00ednea de turbonada (squall line), una l\u00ednea de n\u00facleos de tormenta activos dispuestos en l\u00ednea recta, a veces en forma de arco, que avanz\u00f3 desde el sudoeste bonaerense en direcci\u00f3n nordeste, barriendo pr\u00e1cticamente todo el centro del pa\u00eds y especialmente la provincia de Buenos Aires\u201d.<\/p>\n<p class=\"paragraph\" data-mrf-recirculation=\"Links inline\">Y agreg\u00f3: \u201cEsta l\u00ednea de tormentas o turbonada gener\u00f3, dentro de las tormentas, violentos movimientos de aire descendente, conocidos como revent\u00f3n o<i>\u00a0downburst<\/i>\u00a0que generan vientos destructivos al bajar \u2018de la nube de tormentas a tierra\u2019. Ah\u00ed se genera un viento horizontal llamado \u2018derecho\u2019, que usualmente est\u00e1 provocado por una serie de reventones sucesivos y persistentes, con vientos que suelen tener intensidades superiores a los 100 kil\u00f3metros por hora\u201d.<\/p>\n<p class=\"paragraph\" data-mrf-recirculation=\"Links inline\">Por \u00faltimo, el meteor\u00f3logo\u00a0<b>Gerardo Barrera<\/b>, en di\u00e1logo con\u00a0<b>Infobae<\/b>, indic\u00f3 que \u201clo de Bah\u00eda Blanca responde a los efectos de una c\u00e9lula de tormenta muy activa energ\u00e9ticamente hablando, generada a partir de la presencia de aire con elevado contenido de humedad y una perturbaci\u00f3n atmosf\u00e9rica proveniente del norte de la patagonia, que hizo activar la formaci\u00f3n de este tipo de nubes. Dichos eventos no solo ocurrieron en Bah\u00eda Blanca sino tambi\u00e9n en diversos sectores de la llanura pampeana de Buenos Aires, a punto tal que, por su desplazamiento, llegaron hasta la misma zona de CABA\u201d.<\/p>\n<p class=\"paragraph\" data-mrf-recirculation=\"Links inline\">\u201cEste fen\u00f3meno queda \u00edntimamente asociado a lo que produce la situaci\u00f3n de<b>\u00a0\u2018El Ni\u00f1o\u2019<\/b>,<b>\u00a0<\/b>que predomina en Sudam\u00e9rica a partir de mediados de este a\u00f1o, que est\u00e1 asociado a una mayor disponibilidad de vapor de agua en la atm\u00f3sfera, lo que se traduce en la posibilidad de ocurrencia de fen\u00f3menos de mayor magnitud de lo habitual. Para esta \u00e9poca del a\u00f1o comienzan a ocurrir situaciones m\u00e1s intensas en lo que es el centro de nuestro pa\u00eds\u201d, concluy\u00f3 el experto.<\/p>\n","protected":false},"excerpt":{"rendered":"<p>Luego de que una tormenta de gran magnitud afectara parte la\u00a0Ciudad\u00a0y la\u00a0provincia de Buenos Aires, con el tr\u00e1gico saldo de\u00a013 muertos en Bah\u00eda Blanca, adem\u00e1s de\u00a0una mujer fallecida\u00a0en\u00a0Moreno; la reciente alerta que emiti\u00f3 el\u00a0Servicio Meteorol\u00f3gico Nacional\u00a0fue sobre\u00a04 provincias argentinas\u00a0por \u201cfen\u00f3menos meteorol\u00f3gicos peligrosos\u201d. Seg\u00fan se desprende de la publicaci\u00f3n realizada en redes sociales por el ente [&hellip;]<\/p>\n","protected":false},"author":2,"featured_media":19899,"comment_status":"closed","ping_status":"closed","sticky":false,"template":"","format":"standard","meta":{"footnotes":""},"categories":[72],"tags":[],"class_list":{"0":"post-19898","1":"post","2":"type-post","3":"status-publish","4":"format-standard","5":"has-post-thumbnail","7":"category-provinciales"},"_links":{"self":[{"href":"https:\/\/radiobitacora.com.ar\/web\/wp-json\/wp\/v2\/posts\/19898","targetHints":{"allow":["GET"]}}],"collection":[{"href":"https:\/\/radiobitacora.com.ar\/web\/wp-json\/wp\/v2\/posts"}],"about":[{"href":"https:\/\/radiobitacora.com.ar\/web\/wp-json\/wp\/v2\/types\/post"}],"author":[{"embeddable":true,"href":"https:\/\/radiobitacora.com.ar\/web\/wp-json\/wp\/v2\/users\/2"}],"replies":[{"embeddable":true,"href":"https:\/\/radiobitacora.com.ar\/web\/wp-json\/wp\/v2\/comments?post=19898"}],"version-history":[{"count":0,"href":"https:\/\/radiobitacora.com.ar\/web\/wp-json\/wp\/v2\/posts\/19898\/revisions"}],"wp:featuredmedia":[{"embeddable":true,"href":"https:\/\/radiobitacora.com.ar\/web\/wp-json\/wp\/v2\/media\/19899"}],"wp:attachment":[{"href":"https:\/\/radiobitacora.com.ar\/web\/wp-json\/wp\/v2\/media?parent=19898"}],"wp:term":[{"taxonomy":"category","embeddable":true,"href":"https:\/\/radiobitacora.com.ar\/web\/wp-json\/wp\/v2\/categories?post=19898"},{"taxonomy":"post_tag","embeddable":true,"href":"https:\/\/radiobitacora.com.ar\/web\/wp-json\/wp\/v2\/tags?post=19898"}],"curies":[{"name":"wp","href":"https:\/\/api.w.org\/{rel}","templated":true}]}}