{"id":19910,"date":"2023-12-19T07:09:50","date_gmt":"2023-12-19T10:09:50","guid":{"rendered":"https:\/\/radiobitacora.com.ar\/web\/?p=19910"},"modified":"2023-12-19T07:09:50","modified_gmt":"2023-12-19T10:09:50","slug":"intendente-y-funcionarios-analizaron-propuestas-para-mejorar-la-gestion-de-residuos","status":"publish","type":"post","link":"https:\/\/radiobitacora.com.ar\/web\/2023\/12\/19\/intendente-y-funcionarios-analizaron-propuestas-para-mejorar-la-gestion-de-residuos\/","title":{"rendered":"INTENDENTE Y FUNCIONARIOS ANALIZARON PROPUESTAS PARA MEJORAR LA GESTI\u00d3N DE RESIDUOS"},"content":{"rendered":"<h3><strong>La Municipalidad trabaja en un plan para mejorar la log\u00edstica en la recolecci\u00f3n de los residuos. Esto se logra mediante la optimizaci\u00f3n del trabajo coordinado de distintas \u00e1reas municipales.<\/strong><\/h3>\n<p>Este lunes, en el Sal\u00f3n de Acuerdos, el intendente Mariano Hormaechea encabez\u00f3 una reuni\u00f3n con funcionarios de distintas \u00e1reas. En la oportunidad, abordaron la gesti\u00f3n integral de residuos domiciliarios y de gran porte que se lleva a cabo en Goya.<\/p>\n<p>La reuni\u00f3n sirvi\u00f3 para continuar diagramando un plan para mejorar la log\u00edstica en la recolecci\u00f3n de los residuos. Esto se logra mediante la articulaci\u00f3n de esfuerzos de las distintas \u00e1reas.<\/p>\n<p>La finalidad del trabajo iniciado es conseguir la utilizaci\u00f3n eficiente de los recursos, entendi\u00e9ndose como tales al equipamiento y al personal.\u00a0 Tambi\u00e9n se busca la optimizaci\u00f3n en t\u00e9rminos econ\u00f3micos y de tiempo en distintos sectores, a trav\u00e9s de cuadr\u00edculas, diagramadas dentro del ejido urbano.<\/p>\n<p>En la reuni\u00f3n se efectu\u00f3 un an\u00e1lisis de la situaci\u00f3n en la que estaba la ciudad de Goya en el 2013. Si bien se han evidenciado enormes avances en la problem\u00e1tica de los residuos s\u00f3lidos urbanos, se mencionaron algunas dificultades que existen en la actualidad en relaci\u00f3n al sistema de recolecci\u00f3n.<\/p>\n<p>El intendente y los funcionarios examinaron la situaci\u00f3n actual del Vertedero Municipal dado que se busca optimizar el servicio que cumple. Este relevamiento fue efectuado por Walter G\u00f3mez Arizaga.<\/p>\n<p>Cabe recordar que cualquier gesti\u00f3n de residuos s\u00f3lidos urbanos (GIRSU) comprende procesos b\u00e1sicos en relaci\u00f3n a los residuos: generaci\u00f3n, separaci\u00f3n en origen, recolecci\u00f3n, tratamiento y disposici\u00f3n final.<\/p>\n<p>&nbsp;<\/p>\n<p><strong>PRESENTES<\/strong><\/p>\n<p>De esta reuni\u00f3n de trabajo\u00a0 participaron: el Secretario de la Producci\u00f3n, Valerio Ram\u00edrez; el secretario de Obras y Servicios P\u00fablicos, Guillermo Peluffo; el administrador del PRODEGO, Gustavo Gabiassi; el director de Servicios, Pedro Zarantonelli; el director de Luminotecnia, Hugo Lorenzini;\u00a0 la directora de Recursos Naturales y Medio Ambiente, Adriana Arizaga; el director de Defensa Civil Walter Ben\u00edtez y el director de obras de PRODEGO, Carlos Castillo; asimismo, el\u00a0 Director de Mantenimiento,\u00a0 Ram\u00f3n Castillo.<\/p>\n","protected":false},"excerpt":{"rendered":"<p>La Municipalidad trabaja en un plan para mejorar la log\u00edstica en la recolecci\u00f3n de los residuos. Esto se logra mediante la optimizaci\u00f3n del trabajo coordinado de distintas \u00e1reas municipales. Este lunes, en el Sal\u00f3n de Acuerdos, el intendente Mariano Hormaechea encabez\u00f3 una reuni\u00f3n con funcionarios de distintas \u00e1reas. En la oportunidad, abordaron la gesti\u00f3n integral [&hellip;]<\/p>\n","protected":false},"author":2,"featured_media":19911,"comment_status":"closed","ping_status":"closed","sticky":false,"template":"","format":"standard","meta":{"footnotes":""},"categories":[56],"tags":[],"class_list":{"0":"post-19910","1":"post","2":"type-post","3":"status-publish","4":"format-standard","5":"has-post-thumbnail","7":"category-locales"},"_links":{"self":[{"href":"https:\/\/radiobitacora.com.ar\/web\/wp-json\/wp\/v2\/posts\/19910","targetHints":{"allow":["GET"]}}],"collection":[{"href":"https:\/\/radiobitacora.com.ar\/web\/wp-json\/wp\/v2\/posts"}],"about":[{"href":"https:\/\/radiobitacora.com.ar\/web\/wp-json\/wp\/v2\/types\/post"}],"author":[{"embeddable":true,"href":"https:\/\/radiobitacora.com.ar\/web\/wp-json\/wp\/v2\/users\/2"}],"replies":[{"embeddable":true,"href":"https:\/\/radiobitacora.com.ar\/web\/wp-json\/wp\/v2\/comments?post=19910"}],"version-history":[{"count":0,"href":"https:\/\/radiobitacora.com.ar\/web\/wp-json\/wp\/v2\/posts\/19910\/revisions"}],"wp:featuredmedia":[{"embeddable":true,"href":"https:\/\/radiobitacora.com.ar\/web\/wp-json\/wp\/v2\/media\/19911"}],"wp:attachment":[{"href":"https:\/\/radiobitacora.com.ar\/web\/wp-json\/wp\/v2\/media?parent=19910"}],"wp:term":[{"taxonomy":"category","embeddable":true,"href":"https:\/\/radiobitacora.com.ar\/web\/wp-json\/wp\/v2\/categories?post=19910"},{"taxonomy":"post_tag","embeddable":true,"href":"https:\/\/radiobitacora.com.ar\/web\/wp-json\/wp\/v2\/tags?post=19910"}],"curies":[{"name":"wp","href":"https:\/\/api.w.org\/{rel}","templated":true}]}}