{"id":19913,"date":"2023-12-19T07:13:24","date_gmt":"2023-12-19T10:13:24","guid":{"rendered":"https:\/\/radiobitacora.com.ar\/web\/?p=19913"},"modified":"2023-12-19T07:13:24","modified_gmt":"2023-12-19T10:13:24","slug":"riquelme-habria-llamado-al-correntino-maxi-meza-para-que-se-sume-a-boca-juniors","status":"publish","type":"post","link":"https:\/\/radiobitacora.com.ar\/web\/2023\/12\/19\/riquelme-habria-llamado-al-correntino-maxi-meza-para-que-se-sume-a-boca-juniors\/","title":{"rendered":"RIQUELME HABR\u00cdA LLAMADO AL CORRENTINO MAXI MEZA PARA QUE SE SUME A BOCA JUNIORS"},"content":{"rendered":"<h3><strong>El correntino Maxi Meza, quien viene de renovar con el Monterrey, de M\u00e9xico, es el nuevo apuntado por el presidente electo en el Xeneize.<\/strong><\/h3>\n<p>El domingo 17 de diciembre quedar\u00e1 en la historia como la jornada en que uno de los m\u00e1ximos \u00eddolos en la historia de Boca Juniors se convirti\u00f3 en presidente del club. Juan Rom\u00e1n Riquelme se convirti\u00f3 en el nuevo titular de la instituci\u00f3n luego de superar en las elecciones al candidato de la oposici\u00f3n Andr\u00e9s Ibarra.<\/p>\n<p>En un acto hist\u00f3rico, ya que fueron m\u00e1s de 46 mil socios los que se acercaron a emitir su sufragio en el campo de juego de la Bombonera, el oficialismo logr\u00f3 ganar con m\u00e1s del 65 por ciento de los votos (m\u00e1s de 30.000) y se asegur\u00f3 continuar al frente de la instituci\u00f3n por el per\u00edodo 2023-2027.<\/p>\n<p>Pero m\u00e1s all\u00e1 de eso, el flamante nuevo titular del Xeneize hab\u00eda comenzado a planificar la temporada 2024 antes del acto eleccionario. Es por eso que, a la espera de la confirmaci\u00f3n de Diego Mart\u00ednez como el nuevo entrenador, quien supo vestir la camiseta n\u00famero 10 habr\u00eda llamado a un jugador que milita en el exterior para que se sume a Boca. Seg\u00fan inform\u00f3 Juan Pablo Marr\u00f3n, periodista y relator de TyC Sports, Riquelme se comunic\u00f3 con Maxi Meza para tentarlo con la idea que se incorpore al primer equipo.<\/p>\n<p>Hay que recordar que el ex volante ofensivo de Independiente, de 31 a\u00f1os, es futbolista del Monterrey, de M\u00e9xico, desde 2019 y hace poco tiempo renov\u00f3 por un a\u00f1o m\u00e1s su v\u00ednculo con el club azteca. El pasado 9 de noviembre, quien disput\u00f3 el Mundial de Rusia 2018 con la selecci\u00f3n argentina de la mano de Jorge Sampaoli, extendi\u00f3 su contrato.<\/p>\n<p>\u201cSalir campe\u00f3n es la principal meta y, como siempre, seguir defendiendo esta camiseta hasta el \u00faltimo d\u00eda que me toque. Esa es mi mayor responsabilidad, siempre con el respeto hacia el Club\u201d, fueron las palabras que utiliz\u00f3 Meza tras confirmar su continuidad y posar con una casaca con el dorsal 2024.<\/p>\n<p>Meza, quien disput\u00f3 205 partidos con los Rayados desde su desembarco hace cuatro a\u00f1os, se consagr\u00f3 campe\u00f3n de una edici\u00f3n de la Liga MX, una Copa MX y dos ediciones de la Liga de Campeones de la Concacaf.<\/p>\n<p>Hay que recordar que esta no es la primera vez que el ex jugador del Rojo de Avellaneda es mencionado para llegar a Boca. Ya en los tiempos de la gesti\u00f3n de Daniel Angelici, cuando Gustavo Alfaro era el DT azul y oro, su nombre son\u00f3 con fuerza para ser refuerzo de la mano de la gesti\u00f3n de Nicol\u00e1s Burdisso como director deportivo. \u201cLo que me hace pensar en volver a la Argentina es que es Boca. No hay mucho m\u00e1s para decir. S\u00f3lo hay cinco equipos que a uno lo hacen pensar as\u00ed y son los grandes\u201d, dijo el mediocampista en di\u00e1logo con Fox Sports hace unos a\u00f1os atr\u00e1s.<\/p>\n<p>M\u00e1s all\u00e1 de Meza, el nuevo titular junto al Consejo de F\u00fatbol deber\u00e1n resolver qui\u00e9nes ser\u00e1n las incorporaciones para el pr\u00f3ximo a\u00f1o. Hay tres nombres que salieron a la luz en las \u00faltimas semanas. Ever Banega, quien tendr\u00eda todo cerrado para desvincularse del Al Shabab de Arabia Saudita, se espera que retorne al club que lo form\u00f3. Otro apellido fuerte que podr\u00eda desembarcar ser\u00eda el de Arturo Vidal: el chileno, que ya termin\u00f3 con relaci\u00f3n con el Atl\u00e9tico Paranaense, hizo varios gui\u00f1os en sus redes sociales con los colores xeneizes y se esperan novedades sobre su futuro. \u00bfRub\u00e9n Botta? Otro de los nombres que son\u00f3 en las \u00faltimas horas. El ex Col\u00f3n de Santa Fe ser\u00eda del gusto de Riquelme, pero habr\u00e1 que ver qu\u00e9 suceder\u00e1 con el arribo del nuevo DT.<\/p>\n","protected":false},"excerpt":{"rendered":"<p>El correntino Maxi Meza, quien viene de renovar con el Monterrey, de M\u00e9xico, es el nuevo apuntado por el presidente electo en el Xeneize. El domingo 17 de diciembre quedar\u00e1 en la historia como la jornada en que uno de los m\u00e1ximos \u00eddolos en la historia de Boca Juniors se convirti\u00f3 en presidente del club. [&hellip;]<\/p>\n","protected":false},"author":2,"featured_media":19914,"comment_status":"closed","ping_status":"closed","sticky":false,"template":"","format":"standard","meta":{"footnotes":""},"categories":[78],"tags":[],"class_list":{"0":"post-19913","1":"post","2":"type-post","3":"status-publish","4":"format-standard","5":"has-post-thumbnail","7":"category-deportes"},"_links":{"self":[{"href":"https:\/\/radiobitacora.com.ar\/web\/wp-json\/wp\/v2\/posts\/19913","targetHints":{"allow":["GET"]}}],"collection":[{"href":"https:\/\/radiobitacora.com.ar\/web\/wp-json\/wp\/v2\/posts"}],"about":[{"href":"https:\/\/radiobitacora.com.ar\/web\/wp-json\/wp\/v2\/types\/post"}],"author":[{"embeddable":true,"href":"https:\/\/radiobitacora.com.ar\/web\/wp-json\/wp\/v2\/users\/2"}],"replies":[{"embeddable":true,"href":"https:\/\/radiobitacora.com.ar\/web\/wp-json\/wp\/v2\/comments?post=19913"}],"version-history":[{"count":0,"href":"https:\/\/radiobitacora.com.ar\/web\/wp-json\/wp\/v2\/posts\/19913\/revisions"}],"wp:featuredmedia":[{"embeddable":true,"href":"https:\/\/radiobitacora.com.ar\/web\/wp-json\/wp\/v2\/media\/19914"}],"wp:attachment":[{"href":"https:\/\/radiobitacora.com.ar\/web\/wp-json\/wp\/v2\/media?parent=19913"}],"wp:term":[{"taxonomy":"category","embeddable":true,"href":"https:\/\/radiobitacora.com.ar\/web\/wp-json\/wp\/v2\/categories?post=19913"},{"taxonomy":"post_tag","embeddable":true,"href":"https:\/\/radiobitacora.com.ar\/web\/wp-json\/wp\/v2\/tags?post=19913"}],"curies":[{"name":"wp","href":"https:\/\/api.w.org\/{rel}","templated":true}]}}