{"id":19916,"date":"2023-12-19T07:16:36","date_gmt":"2023-12-19T10:16:36","guid":{"rendered":"https:\/\/radiobitacora.com.ar\/web\/?p=19916"},"modified":"2023-12-19T07:16:36","modified_gmt":"2023-12-19T10:16:36","slug":"valdes-y-sus-pares-se-reuniran-este-martes-con-el-presidente-de-la-nacion-javier-milei","status":"publish","type":"post","link":"https:\/\/radiobitacora.com.ar\/web\/2023\/12\/19\/valdes-y-sus-pares-se-reuniran-este-martes-con-el-presidente-de-la-nacion-javier-milei\/","title":{"rendered":"Vald\u00e9s y sus pares se reunir\u00e1n este martes con el Presidente de la Naci\u00f3n, Javier Milei"},"content":{"rendered":"<p>El Gobernador de Corrientes, Gustavo Vald\u00e9s junto a sus pares participar\u00e1 este martes\u00a0de la reuni\u00f3n que encabezar\u00e1 el Presidente de la Naci\u00f3n, Javier Milei tras las medidas econ\u00f3micas implementadas la semana pasada. Los mandatarios provinciales pondr\u00e1n el foco en la modificaci\u00f3n al impuesto a las Ganancias como parte de la defensa de los recursos coparticipables y la asignaci\u00f3n de subsidios en materia de transporte y energ\u00eda.<\/p>\n<p>El mandatario correntino, tras haber participado en el acto de asunci\u00f3n del libertario y asegurar que \u201ces el tiempo de aportar, de acompa\u00f1ar y de cambiar una Argentina que viene de mal en peor&#8221;, hoy llevar\u00e1 los planteos de la provincia tras las medidas econ\u00f3micas anunciadas.<\/p>\n<p>Se estima que uno de los planteos ser\u00e1 sobre la quita del impuesto a las ganancias que motiv\u00f3 al Gobierno Provincial a demandar \u00a0a la Naci\u00f3n, durante la gesti\u00f3n de Alberto Fernand\u00e9z, medida a la cual se sumar\u00e1 en las pr\u00f3ximas horas, su par del Chaco, Leandro Zdero.<\/p>\n<p>No se descarta adem\u00e1s que los fondos de las Cajas jubilatorias tambi\u00e9n sea otro de los puntos que plantear\u00e1 el gobernador de Corrientes, considerando que la Provincia mantiene una demanda contra la Naci\u00f3n por saldos deficitarios desde el 2018 a 2022 los cuales ascender\u00edan a la fecha a $7.542.010.310,30. Adem\u00e1s del reclamo por los recursos de este a\u00f1o cuya suma asciende a $1.359.833.909,76.<\/p>\n<div class=\"container_publi\" data-tipo=\"tipo_desktop \" data-pos=\"AMP_P1_cuerpo\">\n<div class=\"gpt-load\" data-gpt=\"\/22675780113\/nota\/AMP_cuerpo_x\" data-size=\"[750,300]\"><\/div>\n<\/div>\n<p>Pero a pesar de que Vald\u00e9s en declaraciones a Radio Mitre sostuvo que \u201chay que darle una chance en principio de cambiar la Argentina\u201d, fue uno de los gobernadores de Juntos por el Cambio que acord\u00f3 en un encuentro ampliado a legisladores nacionales, que Juntos por el Cambio \u201cno va a cogobernar\u201d con Javier Milei.<\/p>\n<p>Pero m\u00e1s all\u00e1 de los planteos que llevar\u00e1 Vald\u00e9s que tambi\u00e9n incluir\u00e1 la situacion de los fondos en materia de obra p\u00fablica, el encuentro que ser\u00e1 de \u201cagenda abierta\u201d, podr\u00eda incluir tambi\u00e9n m\u00e1s detalles sobre el resto de los fondos coparticipable con las provincias, el pago de sueldos y de bonos de fin de a\u00f1o (cuya imposibilidad esgrimieron algunos mandatarios); el freno a la obra p\u00fablica y el apoyo legislativos para la ley que est\u00e1 por enviar Milei al Congreso con reformas econ\u00f3micas y pol\u00edticas, entre otras.<\/p>\n<p>El encuentro ser\u00e1 a las 12, en la Casa Rosada y fue convocado por el ministro del Interior, Guillermo Francos, tras la reuni\u00f3n preparatoria que mantuvo la semana pasada con los mandatarios provinciales para conocer posturas sobre las medidas econ\u00f3micas que comenz\u00f3 a aplicar la Naci\u00f3n.<\/p>\n<p>En este contexto, vale se\u00f1alar que ayer Francos se reuni\u00f3 con el jefe de gobierno porte\u00f1o, Jorge Macri donde se avanz\u00f3 en la definici\u00f3n del temario de hoy.<\/p>\n<div class=\"container_publi\" data-tipo=\"tipo_desktop \" data-pos=\"AMP_P2_cuerpo\">\n<div class=\"gpt-load\" data-gpt=\"\/22675780113\/nota\/AMP_cuerpo_x\" data-size=\"[750,300]\"><\/div>\n<\/div>\n<p>&#8220;Mantuvimos una reuni\u00f3n de trabajo con Jorge Macri en la sede del gobierno porte\u00f1o, en la que dialogamos sobre temas vinculados a la Ciudad de Buenos Aires y al pa\u00eds, de cara al encuentro que tendr\u00e1 lugar ma\u00f1ana con los gobernadores y el presidente de la Naci\u00f3n&#8221;, anunci\u00f3 el ministro en su cuenta de Twitter.<\/p>\n","protected":false},"excerpt":{"rendered":"<p>El Gobernador de Corrientes, Gustavo Vald\u00e9s junto a sus pares participar\u00e1 este martes\u00a0de la reuni\u00f3n que encabezar\u00e1 el Presidente de la Naci\u00f3n, Javier Milei tras las medidas econ\u00f3micas implementadas la semana pasada. Los mandatarios provinciales pondr\u00e1n el foco en la modificaci\u00f3n al impuesto a las Ganancias como parte de la defensa de los recursos coparticipables [&hellip;]<\/p>\n","protected":false},"author":2,"featured_media":19917,"comment_status":"closed","ping_status":"closed","sticky":false,"template":"","format":"standard","meta":{"footnotes":""},"categories":[72],"tags":[],"class_list":{"0":"post-19916","1":"post","2":"type-post","3":"status-publish","4":"format-standard","5":"has-post-thumbnail","7":"category-provinciales"},"_links":{"self":[{"href":"https:\/\/radiobitacora.com.ar\/web\/wp-json\/wp\/v2\/posts\/19916","targetHints":{"allow":["GET"]}}],"collection":[{"href":"https:\/\/radiobitacora.com.ar\/web\/wp-json\/wp\/v2\/posts"}],"about":[{"href":"https:\/\/radiobitacora.com.ar\/web\/wp-json\/wp\/v2\/types\/post"}],"author":[{"embeddable":true,"href":"https:\/\/radiobitacora.com.ar\/web\/wp-json\/wp\/v2\/users\/2"}],"replies":[{"embeddable":true,"href":"https:\/\/radiobitacora.com.ar\/web\/wp-json\/wp\/v2\/comments?post=19916"}],"version-history":[{"count":0,"href":"https:\/\/radiobitacora.com.ar\/web\/wp-json\/wp\/v2\/posts\/19916\/revisions"}],"wp:featuredmedia":[{"embeddable":true,"href":"https:\/\/radiobitacora.com.ar\/web\/wp-json\/wp\/v2\/media\/19917"}],"wp:attachment":[{"href":"https:\/\/radiobitacora.com.ar\/web\/wp-json\/wp\/v2\/media?parent=19916"}],"wp:term":[{"taxonomy":"category","embeddable":true,"href":"https:\/\/radiobitacora.com.ar\/web\/wp-json\/wp\/v2\/categories?post=19916"},{"taxonomy":"post_tag","embeddable":true,"href":"https:\/\/radiobitacora.com.ar\/web\/wp-json\/wp\/v2\/tags?post=19916"}],"curies":[{"name":"wp","href":"https:\/\/api.w.org\/{rel}","templated":true}]}}