{"id":19943,"date":"2023-12-20T08:34:08","date_gmt":"2023-12-20T11:34:08","guid":{"rendered":"https:\/\/radiobitacora.com.ar\/web\/?p=19943"},"modified":"2023-12-20T08:34:08","modified_gmt":"2023-12-20T11:34:08","slug":"intendente-hormaechea-los-goyanos-somos-privilegiados-de-recibir-el-apoyo-y-respaldo-permanente-del-gobierno-de-la-provincia","status":"publish","type":"post","link":"https:\/\/radiobitacora.com.ar\/web\/2023\/12\/20\/intendente-hormaechea-los-goyanos-somos-privilegiados-de-recibir-el-apoyo-y-respaldo-permanente-del-gobierno-de-la-provincia\/","title":{"rendered":"Intendente Hormaechea: \u201cLOS GOYANOS SOMOS PRIVILEGIADOS DE RECIBIR EL APOYO Y RESPALDO PERMANENTE DEL GOBIERNO DE LA PROVINCIA\u201d"},"content":{"rendered":"<div class=\"panel-pane pane-token pane-node-body\">\n<div class=\"pane-content\">\n<p class=\"rtejustify\">El Intendente Municipal Mariano Hormaechea rese\u00f1\u00f3 las acciones desplegadas durante los 2 a\u00f1os de gesti\u00f3n que lleva frente al Municipio, resalt\u00f3 las del a\u00f1o en curso, enumerando obras de infraestructuras, el aporte del Gobierno de la Provincia, el respaldo del propio Gobernador Gustavo Vald\u00e9s, el trabajo articulado y de confianza con los vecinos en el programa \u201cMita y Mita\u201d, convenios firmados con asociaciones, entidades de servicio, la planificaci\u00f3n y proyecci\u00f3n de la ciudad a futuro y la gran apuesta en los ejes administrativos con el Turismo como factor de generaci\u00f3n de recursos para la ciudad, ratificando el compromiso en materia salarial con los dependientes del Municipio.<\/p>\n<p class=\"rtejustify\">\n<p class=\"rtejustify\"><strong>CUMPLIMOS LOS OBJETIVOS<\/strong><\/p>\n<p class=\"rtejustify\">\n<p class=\"rtejustify\">Mariano Hormaechea coment\u00f3: \u201cEl 14 de diciembre hemos cumplido dos a\u00f1os de gesti\u00f3n. En t\u00e9rminos generales podemos calificar de positivo, si bien son situaciones diferentes, ya que en el primero uno se va acomodando para la proyecci\u00f3n de la administraci\u00f3n municipal, y en una segunda etapa, este a\u00f1o, m\u00e1s afianzado, con un panorama m\u00e1s amplio pudimos cumplir con objetivos trazados. M\u00e1s all\u00e1 de las dificultades econ\u00f3micas, con una fuerte inflaci\u00f3n durante todo el a\u00f1o, el cambio de Gobierno en este \u00faltimo periodo, donde se plante\u00f3 una situaci\u00f3n distinta a la comunidad, un acomodamiento de la econom\u00eda a nivel macroecon\u00f3mico\u201d.<\/p>\n<p class=\"rtejustify\">\n<p class=\"rtejustify\"><strong>TRABAJO EN EQUIPO CON LA PROVINCIA<\/strong><\/p>\n<p class=\"rtejustify\">\n<p class=\"rtejustify\">\u201cPudimos avanzar a pasos firmes con los diferentes programas, en todo lo proyectado. En relaci\u00f3n a obras, de manera conjunta con el Gobierno de la Provincia, no se visibilizaba en mucho tiempo la cantidad de obras ejecutadas, esto gracias al trabajo en equipo con la provincia\u201d, destac\u00f3.<\/p>\n<p class=\"rtejustify\">\n<p class=\"rtejustify\"><strong>POL\u00cdTICA SALARIAL<\/strong><\/p>\n<p class=\"rtejustify\">\n<p class=\"rtejustify\">\u201cEn materia de pol\u00edtica salarial, siempre buscamos estar junto al empleado municipal, planteamos desde el primer d\u00eda de asumir este rol, de continuar con una pol\u00edtica salarial dentro del esquema de este proyecto pol\u00edtico, otorgando mejoras en el salario. Se mejor\u00f3 el plus que recibe el personal municipal, el refuerzo remunerativo (10 mil pesos), una decisi\u00f3n de incorporar un adicional en el sueldo del empleado. Finalizando el a\u00f1o podemos dar un Bono para todos los agentes de 70 mil pesos. Teniendo en cuenta la situaci\u00f3n econ\u00f3mica que vivimos entendimos que era necesario hacer ese esfuerzo por lo que significa para el empleado y la econom\u00eda de nuestra ciudad, por el consumo que genera estas tradicionales fiestas. A \u00a0esto se suma el pago del SAC a los empleados de Planta Permanente y Contratados, el 20 de diciembre, y a los dependientes por d\u00eda y por expediente un M\u00f3dulo Navide\u00f1o.<\/p>\n<p class=\"rtejustify\">\n<p class=\"rtejustify\"><strong>RESPALDO DEL GOBERNADOR<\/strong><\/p>\n<p class=\"rtejustify\">\n<p class=\"rtejustify\">\u201cEl Gobernador Gustavo Vald\u00e9s me ha acompa\u00f1ado durante todo este tiempo, desde el d\u00eda que asum\u00ed como Intendente, tras lo cual emprendi\u00f3 su viaje a Buenos Aires. No solo a m\u00ed, sino a toda la ciudadan\u00eda, en la Fiesta del Surub\u00ed, el 1\u00ba de marzo en la sesi\u00f3n inaugural del HCD, de manera permanente estamos vinculados con el Gobernador. En Ramada Paso, en la noche del lunes nos reunimos con \u00e9l, cont\u00e1ndonos sobre la reuni\u00f3n, la convocatoria por el Gobierno Nacional\u201d.<\/p>\n<p class=\"rtejustify\">\u201cA la semana siguiente del derrumbe de nuestra Costanera tuvimos la respuesta inmediata del Gobierno de la Provincia, el propio Gobernador imparti\u00f3 las instrucciones para la bajada del equipo t\u00e9cnico del Ministerio, hoy estamos en el final de la primera etapa, que se extiende hacia el N\u00e1utico, trabajando un tramo m\u00e1s\u201d.<\/p>\n<p class=\"rtejustify\">\u201cEn este tiempo de la creciente trabajamos con Defensa Civil de la Provincia, nos facilit\u00f3 la informaci\u00f3n en relaci\u00f3n a la creciente del r\u00edo, lo que nos permiti\u00f3 desarrollar un esquema de contingencia junto a la Secretar\u00eda de Desarrollo Humano, asistiendo a todos aquellos que requer\u00edan este tipo de contenci\u00f3n, logrando este trabajo de asistencia y relevamiento gracias a la consolidaci\u00f3n de nuestras defensas y el dato de manera anticipada para prever las acciones\u201d.<\/p>\n<p class=\"rtejustify\">\u201cPodemos afirmar que siempre contamos y seguiremos teniendo el acompa\u00f1amiento del Gobierno de Corrientes\u201d.<\/p>\n<p class=\"rtejustify\">\n<p class=\"rtejustify\"><strong>ASISTENCIA SOCIAL<\/strong><\/p>\n<p class=\"rtejustify\">\n<p class=\"rtejustify\">\u201cUn trabajo que muchas veces no se ve, pero permanentemente trabajamos en los barrios, sobre todo en los m\u00e1s vulnerables, donde se brinda contenci\u00f3n. Las acciones de Julio Canteros desde su Secretar\u00eda, con todas las Direcciones, se orientan por ejemplo, al desarrollo de la Atenci\u00f3n Primaria de la Salud, en las salas cabeceras, en los barrios, se realizan atenciones de consultorios con especialistas. Aun cuando nuestra tarea de salud municipal debe ser preventiva, nosotros intentamos darle una impronta de salida, relevamiento con nuestros agentes sanitarios para ese control sanitario en los domicilios de los vecinos, de all\u00ed la decisi\u00f3n de conformar una Subsecretar\u00eda, para responder a las demandas de nuestra ciudad, que ha crecido y se observa en la movilidad de ingreso y egreso de la ciudad\u201d.<\/p>\n<p class=\"rtejustify\">\u201cLa atenci\u00f3n primaria se ha sistematizado en la zona rural con operativos m\u00e9dicos y asistenciales junto a la Delegaci\u00f3n Goya de Desarrollo Social, en una cobertura amplia desde la 1\u00aa a la 3\u00aa secci\u00f3n de nuestro departamento, asistiendo dos veces por semana para facilitar ese derecho, esa contenci\u00f3n en los parajes de la zona rural.<\/p>\n<p class=\"rtejustify\">El Intendente Mariano Hormaechea sobre la apertura de la Delegaci\u00f3n Goya del IPS, rese\u00f1\u00f3: \u201cEn conversaci\u00f3n con Marcos Amarilla (Interventor del IPS) ve\u00edamos la necesidad de generar la mejor oportunidad de consultas en temas previsionales, con las gestiones de personal de la Secretar\u00eda de Desarrollo Humano, despu\u00e9s, la venida de las Oficinas M\u00f3viles. En ese di\u00e1logo surg\u00eda la necesidad de instalar una Delegaci\u00f3n de esa dependencia previsional en nuestra ciudad. As\u00ed\u00a0 se da la\u00a0 habilitaci\u00f3n, la apertura de la Delegaci\u00f3n que funciona de lunes a viernes de 7,30 a 13 horas, en un esfuerzo conjunto de la provincia y el municipio\u201d.<\/p>\n<\/div>\n<\/div>\n<div class=\"panel-separator\"><\/div>\n<div class=\"panel-pane pane-separador-linea\">\n<div class=\"pane-content\"><\/div>\n<\/div>\n","protected":false},"excerpt":{"rendered":"<p>El Intendente Municipal Mariano Hormaechea rese\u00f1\u00f3 las acciones desplegadas durante los 2 a\u00f1os de gesti\u00f3n que lleva frente al Municipio, resalt\u00f3 las del a\u00f1o en curso, enumerando obras de infraestructuras, el aporte del Gobierno de la Provincia, el respaldo del propio Gobernador Gustavo Vald\u00e9s, el trabajo articulado y de confianza con los vecinos en el [&hellip;]<\/p>\n","protected":false},"author":2,"featured_media":19944,"comment_status":"closed","ping_status":"closed","sticky":false,"template":"","format":"standard","meta":{"footnotes":""},"categories":[56],"tags":[],"class_list":{"0":"post-19943","1":"post","2":"type-post","3":"status-publish","4":"format-standard","5":"has-post-thumbnail","7":"category-locales"},"_links":{"self":[{"href":"https:\/\/radiobitacora.com.ar\/web\/wp-json\/wp\/v2\/posts\/19943","targetHints":{"allow":["GET"]}}],"collection":[{"href":"https:\/\/radiobitacora.com.ar\/web\/wp-json\/wp\/v2\/posts"}],"about":[{"href":"https:\/\/radiobitacora.com.ar\/web\/wp-json\/wp\/v2\/types\/post"}],"author":[{"embeddable":true,"href":"https:\/\/radiobitacora.com.ar\/web\/wp-json\/wp\/v2\/users\/2"}],"replies":[{"embeddable":true,"href":"https:\/\/radiobitacora.com.ar\/web\/wp-json\/wp\/v2\/comments?post=19943"}],"version-history":[{"count":0,"href":"https:\/\/radiobitacora.com.ar\/web\/wp-json\/wp\/v2\/posts\/19943\/revisions"}],"wp:featuredmedia":[{"embeddable":true,"href":"https:\/\/radiobitacora.com.ar\/web\/wp-json\/wp\/v2\/media\/19944"}],"wp:attachment":[{"href":"https:\/\/radiobitacora.com.ar\/web\/wp-json\/wp\/v2\/media?parent=19943"}],"wp:term":[{"taxonomy":"category","embeddable":true,"href":"https:\/\/radiobitacora.com.ar\/web\/wp-json\/wp\/v2\/categories?post=19943"},{"taxonomy":"post_tag","embeddable":true,"href":"https:\/\/radiobitacora.com.ar\/web\/wp-json\/wp\/v2\/tags?post=19943"}],"curies":[{"name":"wp","href":"https:\/\/api.w.org\/{rel}","templated":true}]}}