{"id":19962,"date":"2023-12-21T09:34:49","date_gmt":"2023-12-21T12:34:49","guid":{"rendered":"https:\/\/radiobitacora.com.ar\/web\/?p=19962"},"modified":"2023-12-21T09:34:49","modified_gmt":"2023-12-21T12:34:49","slug":"hector-tito-lopez-asume-al-frente-del-ips","status":"publish","type":"post","link":"https:\/\/radiobitacora.com.ar\/web\/2023\/12\/21\/hector-tito-lopez-asume-al-frente-del-ips\/","title":{"rendered":"H\u00c9CTOR \u201cTITO\u201d L\u00d3PEZ ASUME AL FRENTE DEL IPS"},"content":{"rendered":"<h3>El goyano H\u00e9ctor \u201cTito\u201d L\u00f3pez asumi\u00f3 como Interventor del Instituto de Previsi\u00f3n Social de la Provincia.\u00a0 L\u00f3pez culmin\u00f3 hace poco su cuarta gesti\u00f3n como legislador provincial.<\/h3>\n<p>El cargo de Interventor qued\u00f3 libre ante la salida del escribano Marcos Amarilla que asumi\u00f3 como Concejal de la Ciudad de Corrientes.<\/p>\n<p>El lugar lo ocupar\u00e1 el goyano H\u00e9ctor Tito L\u00f3pez, de reconocida trayectoria dentro de la Legislatura local donde cumpli\u00f3 cuatro gestiones como Diputado.<\/p>\n<p>El dato fue adelantado por Ra\u00fal Acevedo en el programa Antes que se Imprima, y luego ratificado en Desayuno, por Radio Dos.<\/p>\n","protected":false},"excerpt":{"rendered":"<p>El goyano H\u00e9ctor \u201cTito\u201d L\u00f3pez asumi\u00f3 como Interventor del Instituto de Previsi\u00f3n Social de la Provincia.\u00a0 L\u00f3pez culmin\u00f3 hace poco su cuarta gesti\u00f3n como legislador provincial. El cargo de Interventor qued\u00f3 libre ante la salida del escribano Marcos Amarilla que asumi\u00f3 como Concejal de la Ciudad de Corrientes. El lugar lo ocupar\u00e1 el goyano H\u00e9ctor [&hellip;]<\/p>\n","protected":false},"author":2,"featured_media":19963,"comment_status":"closed","ping_status":"closed","sticky":false,"template":"","format":"standard","meta":{"footnotes":""},"categories":[72],"tags":[],"class_list":{"0":"post-19962","1":"post","2":"type-post","3":"status-publish","4":"format-standard","5":"has-post-thumbnail","7":"category-provinciales"},"_links":{"self":[{"href":"https:\/\/radiobitacora.com.ar\/web\/wp-json\/wp\/v2\/posts\/19962","targetHints":{"allow":["GET"]}}],"collection":[{"href":"https:\/\/radiobitacora.com.ar\/web\/wp-json\/wp\/v2\/posts"}],"about":[{"href":"https:\/\/radiobitacora.com.ar\/web\/wp-json\/wp\/v2\/types\/post"}],"author":[{"embeddable":true,"href":"https:\/\/radiobitacora.com.ar\/web\/wp-json\/wp\/v2\/users\/2"}],"replies":[{"embeddable":true,"href":"https:\/\/radiobitacora.com.ar\/web\/wp-json\/wp\/v2\/comments?post=19962"}],"version-history":[{"count":0,"href":"https:\/\/radiobitacora.com.ar\/web\/wp-json\/wp\/v2\/posts\/19962\/revisions"}],"wp:featuredmedia":[{"embeddable":true,"href":"https:\/\/radiobitacora.com.ar\/web\/wp-json\/wp\/v2\/media\/19963"}],"wp:attachment":[{"href":"https:\/\/radiobitacora.com.ar\/web\/wp-json\/wp\/v2\/media?parent=19962"}],"wp:term":[{"taxonomy":"category","embeddable":true,"href":"https:\/\/radiobitacora.com.ar\/web\/wp-json\/wp\/v2\/categories?post=19962"},{"taxonomy":"post_tag","embeddable":true,"href":"https:\/\/radiobitacora.com.ar\/web\/wp-json\/wp\/v2\/tags?post=19962"}],"curies":[{"name":"wp","href":"https:\/\/api.w.org\/{rel}","templated":true}]}}