{"id":19968,"date":"2023-12-21T09:42:06","date_gmt":"2023-12-21T12:42:06","guid":{"rendered":"https:\/\/radiobitacora.com.ar\/web\/?p=19968"},"modified":"2023-12-21T09:42:06","modified_gmt":"2023-12-21T12:42:06","slug":"mercedes-no-habra-cabalgata-al-santuario-gaucho-gil","status":"publish","type":"post","link":"https:\/\/radiobitacora.com.ar\/web\/2023\/12\/21\/mercedes-no-habra-cabalgata-al-santuario-gaucho-gil\/","title":{"rendered":"MERCEDES: NO HABR\u00c1 CABALGATA AL SANTUARIO GAUCHO GIL"},"content":{"rendered":"<h3><strong>Con el objetivo de evitar la propagaci\u00f3n de esta enfermedad, las autoridades dispondr\u00e1n de un operativo especial para dar cumplimiento a la disposici\u00f3n. La decisi\u00f3n fue tomada por el SENASA, fuerzas federales, provinciales y del Municipio de Mercedes.<\/strong><\/h3>\n<p>Las autoridades nacionales, provinciales y del municipio de Mercedes decidieron suspender la tradicional peregrinaci\u00f3n de jinetes realizada el 8 de enero en honor al Gaucho Antonio Gil. Esto se debe a la emergencia sanitaria declarada por el brote de la encefalomielitis equina.<\/p>\n<p>La suspensi\u00f3n fue informada por el Servicio Nacional de Sanidad y Calidad Agroalimentaria (SENASA), fuerzas de seguridad nacional, provincial y el Municipio.<\/p>\n<p>\u201cSe coordinar\u00e1 un operativo especial para dar cumplimiento a esta disposici\u00f3n y se establecer\u00e1n las acciones necesarias para realizar la peregrinaci\u00f3n de a pie hasta el santuario\u201d, expresa el comunicado.<\/p>\n<p>Mediante la aplicaci\u00f3n de esta medida se busca impedir la propagaci\u00f3n de la enfermedad, registrada en diferentes localidades correntinas.<\/p>\n","protected":false},"excerpt":{"rendered":"<p>Con el objetivo de evitar la propagaci\u00f3n de esta enfermedad, las autoridades dispondr\u00e1n de un operativo especial para dar cumplimiento a la disposici\u00f3n. La decisi\u00f3n fue tomada por el SENASA, fuerzas federales, provinciales y del Municipio de Mercedes. Las autoridades nacionales, provinciales y del municipio de Mercedes decidieron suspender la tradicional peregrinaci\u00f3n de jinetes realizada [&hellip;]<\/p>\n","protected":false},"author":2,"featured_media":19969,"comment_status":"closed","ping_status":"closed","sticky":false,"template":"","format":"standard","meta":{"footnotes":""},"categories":[72],"tags":[],"class_list":{"0":"post-19968","1":"post","2":"type-post","3":"status-publish","4":"format-standard","5":"has-post-thumbnail","7":"category-provinciales"},"_links":{"self":[{"href":"https:\/\/radiobitacora.com.ar\/web\/wp-json\/wp\/v2\/posts\/19968","targetHints":{"allow":["GET"]}}],"collection":[{"href":"https:\/\/radiobitacora.com.ar\/web\/wp-json\/wp\/v2\/posts"}],"about":[{"href":"https:\/\/radiobitacora.com.ar\/web\/wp-json\/wp\/v2\/types\/post"}],"author":[{"embeddable":true,"href":"https:\/\/radiobitacora.com.ar\/web\/wp-json\/wp\/v2\/users\/2"}],"replies":[{"embeddable":true,"href":"https:\/\/radiobitacora.com.ar\/web\/wp-json\/wp\/v2\/comments?post=19968"}],"version-history":[{"count":0,"href":"https:\/\/radiobitacora.com.ar\/web\/wp-json\/wp\/v2\/posts\/19968\/revisions"}],"wp:featuredmedia":[{"embeddable":true,"href":"https:\/\/radiobitacora.com.ar\/web\/wp-json\/wp\/v2\/media\/19969"}],"wp:attachment":[{"href":"https:\/\/radiobitacora.com.ar\/web\/wp-json\/wp\/v2\/media?parent=19968"}],"wp:term":[{"taxonomy":"category","embeddable":true,"href":"https:\/\/radiobitacora.com.ar\/web\/wp-json\/wp\/v2\/categories?post=19968"},{"taxonomy":"post_tag","embeddable":true,"href":"https:\/\/radiobitacora.com.ar\/web\/wp-json\/wp\/v2\/tags?post=19968"}],"curies":[{"name":"wp","href":"https:\/\/api.w.org\/{rel}","templated":true}]}}