{"id":19996,"date":"2023-12-22T10:09:09","date_gmt":"2023-12-22T13:09:09","guid":{"rendered":"https:\/\/radiobitacora.com.ar\/web\/?p=19996"},"modified":"2023-12-22T10:09:09","modified_gmt":"2023-12-22T13:09:09","slug":"parte-de-la-oposicion-rechaza-el-dnu-de-milei-y-esta-cerca-de-alcanzar-los-votos-para-anularlo-en-el-congreso","status":"publish","type":"post","link":"https:\/\/radiobitacora.com.ar\/web\/2023\/12\/22\/parte-de-la-oposicion-rechaza-el-dnu-de-milei-y-esta-cerca-de-alcanzar-los-votos-para-anularlo-en-el-congreso\/","title":{"rendered":"Parte de la oposici\u00f3n rechaza el DNU de Milei y est\u00e1 cerca de alcanzar los votos para anularlo en el Congreso"},"content":{"rendered":"<p class=\"paragraph\" data-mrf-recirculation=\"Links inline\">El\u00a0<b>mega decreto\u00a0<\/b>de desregulaci\u00f3n econ\u00f3mica y laboral de Javier Milei enfrenta un<b>\u00a0panorama incierto\u00a0<\/b>en el\u00a0<b>Congreso\u00a0<\/b>de la Naci\u00f3n. Al rechazo inmediato del peronismo, la Coalici\u00f3n C\u00edvica y la izquierda, luego se sumaron voces cr\u00edticas del\u00a0<b>radicalismo y los partidos provinciales<\/b>, que si bien aclararon que\u00a0<b>comparten algunos de los objetivos de fondo<\/b>, rechazan la forma en que decidi\u00f3 avanzar el gobierno libertario.<\/p>\n<p class=\"paragraph\" data-mrf-recirculation=\"Links inline\">A trav\u00e9s de un comunicado, la\u00a0<b>Mesa Nacional de la UCR<\/b>\u00a0le pidi\u00f3 hoy a Milei que convoque a sesiones extraordinarias del Congreso para poder tratar cada iniciativa por separado. \u201cPor la v\u00eda del DNU resulta imposible hacer este trabajo, porque solo se puede aprobar o rechazar en su totalidad. Y en el contenido\u00a0<b>hay cuestiones positivas<\/b>, pero tambi\u00e9n otras muy preocupantes\u201d, se\u00f1alaron desde el partido que eligi\u00f3 como presidente a\u00a0<b>Mart\u00edn Lousteau.<\/b><\/p>\n<p class=\"paragraph\" data-mrf-recirculation=\"Links inline\">En ese sentido, le pidieron al Poder Ejecutivo que env\u00ede al Congreso\u00a0<b>un proyecto de ley \u201cespejo\u201d<\/b>, es decir, que contenga los mismos puntos que el DNU pero que sea debidamente tratado por ambas C\u00e1maras.<\/p>\n<div class=\"visual__image\"><img loading=\"lazy\" decoding=\"async\" class=\" lazyload\" src=\"https:\/\/www.infobae.com\/new-resizer\/OUQ3HhHqbEv8-1uRA1Oyi5uUNO8=\/420x187\/filters:format(webp):quality(85)\/cloudfront-us-east-1.images.arcpublishing.com\/infobae\/XFFMNJGHCRDH5CVMYXFGXATYLE.jpg%20420w\" sizes=\"auto, (min-width: 1560px) 856px, (min-width: 1000px) calc(74.63vw - 293px), (min-width: 780px) calc(100vw - 376px), (min-width: 580px) calc(100vw - 32px), 100vw\" srcset=\"https:\/\/www.infobae.com\/new-resizer\/OUQ3HhHqbEv8-1uRA1Oyi5uUNO8=\/420x187\/filters:format(webp):quality(85)\/cloudfront-us-east-1.images.arcpublishing.com\/infobae\/XFFMNJGHCRDH5CVMYXFGXATYLE.jpg 420w,https:\/\/www.infobae.com\/new-resizer\/HPr_t6R9D7lvNNdkrMMfL4SVh4A=\/768x341\/filters:format(webp):quality(85)\/cloudfront-us-east-1.images.arcpublishing.com\/infobae\/XFFMNJGHCRDH5CVMYXFGXATYLE.jpg 768w,https:\/\/www.infobae.com\/new-resizer\/u63uh9XAb2rK_aEQhGhLetNG37Q=\/992x441\/filters:format(webp):quality(85)\/cloudfront-us-east-1.images.arcpublishing.com\/infobae\/XFFMNJGHCRDH5CVMYXFGXATYLE.jpg 992w,https:\/\/www.infobae.com\/new-resizer\/5g3JWp-Y0lg7szPXBBOM4PqPBGY=\/1200x533\/filters:format(webp):quality(85)\/cloudfront-us-east-1.images.arcpublishing.com\/infobae\/XFFMNJGHCRDH5CVMYXFGXATYLE.jpg 1200w\" alt=\"El mensaje de Mart\u00edn Lousteau\" width=\"1920\" height=\"751\" data-src=\"https:\/\/www.infobae.com\/new-resizer\/OUQ3HhHqbEv8-1uRA1Oyi5uUNO8=\/420x187\/filters:format(webp):quality(85)\/cloudfront-us-east-1.images.arcpublishing.com\/infobae\/XFFMNJGHCRDH5CVMYXFGXATYLE.jpg 420w\" \/>El mensaje de Mart\u00edn Lousteau<\/div>\n<p class=\"paragraph\" data-mrf-recirculation=\"Links inline\">Por su parte,\u00a0<b>Maximiliano Ferraro<\/b>, presidente de la\u00a0<b>Coalici\u00f3n C\u00edvica<\/b>, tambi\u00e9n manifest\u00f3 su desacuerdo con la v\u00eda elegida por Milei. \u201cEl momento hist\u00f3rico, de cambios y de emergencia\u00a0<b>no da licencia para el vale todo<\/b>\u00a0y un pragmatismo desmedido\u201d, plante\u00f3. Aunque reconoci\u00f3 que \u201calgunos de esos cambios\u201d podr\u00edan acompa\u00f1arlos si se trataran en el Congreso como corresponde.<\/p>\n<p class=\"paragraph\" data-mrf-recirculation=\"Links inline\">En la misma l\u00ednea,\u00a0<b>Miguel \u00c1ngel Pichetto<\/b>, flamante presidente del bloque\u00a0<b>Cambio Federal<\/b>, lament\u00f3 que el Presidente gobierne \u201ccontra el Congreso\u201d. \u201cMuchas de las reformas planteadas deben ser tratadas por Ley, y seguramente\u00a0<b>muchas podr\u00edan tener su aprobaci\u00f3n<\/b>\u201d, aclar\u00f3, dejando en claro que sus objeciones tambi\u00e9n se centran en las formas y no en el fondo de las medidas.<\/p>\n<p class=\"paragraph\" data-mrf-recirculation=\"Links inline\">Tambi\u00e9n advirti\u00f3 que el DNU podr\u00eda ser cuestionado \u201cfuertemente\u201d ante la Justicia debido a que no est\u00e1 justificada \u201cni la necesidad ni la urgencia\u201d.<\/p>\n<p class=\"paragraph\" data-mrf-recirculation=\"Links inline\">Hasta el momento, quienes mayor respaldo expresaron por las medidas anunciadas fueron los diputados del\u00a0<b>PRO<\/b>, en lo que parece un gui\u00f1o pol\u00edtico hacia los libertarios. Sin embargo, los\u00a0<b>40 diputados<\/b>\u00a0encolumnados detr\u00e1s de Cristian Ritondo y los\u00a0<b>38 libertarios\u00a0<\/b>necesitan sumar muchos aliados si quieren \u201cblindar\u201d las decisiones del Presidente.<\/p>\n<div class=\"visual__image\"><img loading=\"lazy\" decoding=\"async\" class=\" lazyload\" src=\"https:\/\/www.infobae.com\/new-resizer\/x_GyIddT0AEGLLIEkj-DRTdl16w=\/420x280\/filters:format(webp):quality(85)\/cloudfront-us-east-1.images.arcpublishing.com\/infobae\/2FYAB5FK6FB2VCCDW4RU3MF6PU.JPG%20420w\" sizes=\"auto, (min-width: 1560px) 856px, (min-width: 1000px) calc(74.63vw - 293px), (min-width: 780px) calc(100vw - 376px), (min-width: 580px) calc(100vw - 32px), 100vw\" srcset=\"https:\/\/www.infobae.com\/new-resizer\/x_GyIddT0AEGLLIEkj-DRTdl16w=\/420x280\/filters:format(webp):quality(85)\/cloudfront-us-east-1.images.arcpublishing.com\/infobae\/2FYAB5FK6FB2VCCDW4RU3MF6PU.JPG 420w,https:\/\/www.infobae.com\/new-resizer\/FGqUO6pMYi4seetb81ZMtHy9wGc=\/768x512\/filters:format(webp):quality(85)\/cloudfront-us-east-1.images.arcpublishing.com\/infobae\/2FYAB5FK6FB2VCCDW4RU3MF6PU.JPG 768w,https:\/\/www.infobae.com\/new-resizer\/ovaUIFS16nTKs8Inox9vb59DTtQ=\/992x661\/filters:format(webp):quality(85)\/cloudfront-us-east-1.images.arcpublishing.com\/infobae\/2FYAB5FK6FB2VCCDW4RU3MF6PU.JPG 992w,https:\/\/www.infobae.com\/new-resizer\/QP7Etq3Q5i5F-QNxULAu4Vh2514=\/1200x800\/filters:format(webp):quality(85)\/cloudfront-us-east-1.images.arcpublishing.com\/infobae\/2FYAB5FK6FB2VCCDW4RU3MF6PU.JPG 1200w,https:\/\/www.infobae.com\/new-resizer\/N7bqbe9ocOGNvaOrME-Y64rLAtE=\/1440x960\/filters:format(webp):quality(85)\/cloudfront-us-east-1.images.arcpublishing.com\/infobae\/2FYAB5FK6FB2VCCDW4RU3MF6PU.JPG 1440w\" alt=\"Victoria Villarruel, presidenta del Senado (Senado de la Naci\u00f3n)\" width=\"3000\" height=\"2000\" data-src=\"https:\/\/www.infobae.com\/new-resizer\/x_GyIddT0AEGLLIEkj-DRTdl16w=\/420x280\/filters:format(webp):quality(85)\/cloudfront-us-east-1.images.arcpublishing.com\/infobae\/2FYAB5FK6FB2VCCDW4RU3MF6PU.JPG 420w\" \/>Victoria Villarruel, presidenta del Senado (Senado de la Naci\u00f3n)<\/div>\n<p class=\"paragraph\" data-mrf-recirculation=\"Links inline\">Teniendo en cuenta que el bloque de\u00a0<b>Uni\u00f3n por la Patria<\/b>\u00a0tiene\u00a0<b>101 miembros<\/b>\u00a0y el\u00a0<b>Frente de Izquierda<\/b>\u00a0suma otras<b>\u00a05 bancas<\/b>, un acuerdo pol\u00edtico con el\u00a0<b>radicalismo\u00a0<\/b>(<b>34 bancas<\/b>), la\u00a0<b>Coalici\u00f3n C\u00edvica<\/b>\u00a0(<b>6 bancas<\/b>) y\u00a0<b>Cambio Federal<\/b>\u00a0(<b>9<\/b>) le dar\u00eda una mayor\u00eda holgada &#8211;<b>155 votos<\/b>&#8211; para rechazar el DNU en la C\u00e1mara baja, ya que\u00a0<b>necesita 129.<\/b><\/p>\n<p class=\"paragraph\" data-mrf-recirculation=\"Links inline\">En el\u00a0<b>Senado<\/b>, tan solo un acuerdo entre el\u00a0<b>Uni\u00f3n por la Patria<\/b>, que tiene\u00a0<b>33 esca\u00f1os<\/b>, con el\u00a0<b>radicalismo<\/b>, que cuenta con\u00a0<b>13 bancas<\/b>, permitir\u00eda\u00a0<b>superar los 37 votos<\/b>\u00a0para alcanzar la mayor\u00eda simple. Adem\u00e1s, podr\u00edan sumar a Unidad Federal y Juntos Somos R\u00edo Negro.<\/p>\n<p class=\"paragraph\" data-mrf-recirculation=\"Links inline\">\u201cTodo indica que el DNU publicado por el Poder Ejecutivo es inconstitucional, y que las materias en las que avanza no est\u00e1n respaldadas ni por la necesidad ni por la urgencia que reclama este instrumento\u201d, dijo el senador por Entre R\u00edos,\u00a0<b>Edgardo Kueider<\/b>, que comparte bancada de<b>\u00a0Unidad Federal<\/b>\u00a0con Alejandra Vigo, esposa del ex gobernador Juan Schiaretti, aliado de Milei.<\/p>\n<p class=\"paragraph\" data-mrf-recirculation=\"Links inline\">\u201cEl DNU del Presidente avanza sobre facultades exclusivas del Poder Legislativo, derogando leyes sin pasar por el Congreso, eliminando decenas de controles estatales y habilitando la privatizaci\u00f3n de empresas p\u00fablicas como YPF y Aerol\u00edneas Argentinas. Las grandes transformaciones deben ser discutidas, acordadas. Necesitamos reformas que se construyan a partir del di\u00e1logo y el consenso\u201d, plante\u00f3 el\u00a0<b>gobernador de R\u00edo Negro, Alberto Weretilneck.<\/b><\/p>\n","protected":false},"excerpt":{"rendered":"<p>El\u00a0mega decreto\u00a0de desregulaci\u00f3n econ\u00f3mica y laboral de Javier Milei enfrenta un\u00a0panorama incierto\u00a0en el\u00a0Congreso\u00a0de la Naci\u00f3n. Al rechazo inmediato del peronismo, la Coalici\u00f3n C\u00edvica y la izquierda, luego se sumaron voces cr\u00edticas del\u00a0radicalismo y los partidos provinciales, que si bien aclararon que\u00a0comparten algunos de los objetivos de fondo, rechazan la forma en que decidi\u00f3 avanzar el [&hellip;]<\/p>\n","protected":false},"author":2,"featured_media":19997,"comment_status":"closed","ping_status":"closed","sticky":false,"template":"","format":"standard","meta":{"footnotes":""},"categories":[79],"tags":[],"class_list":{"0":"post-19996","1":"post","2":"type-post","3":"status-publish","4":"format-standard","5":"has-post-thumbnail","7":"category-politica"},"_links":{"self":[{"href":"https:\/\/radiobitacora.com.ar\/web\/wp-json\/wp\/v2\/posts\/19996","targetHints":{"allow":["GET"]}}],"collection":[{"href":"https:\/\/radiobitacora.com.ar\/web\/wp-json\/wp\/v2\/posts"}],"about":[{"href":"https:\/\/radiobitacora.com.ar\/web\/wp-json\/wp\/v2\/types\/post"}],"author":[{"embeddable":true,"href":"https:\/\/radiobitacora.com.ar\/web\/wp-json\/wp\/v2\/users\/2"}],"replies":[{"embeddable":true,"href":"https:\/\/radiobitacora.com.ar\/web\/wp-json\/wp\/v2\/comments?post=19996"}],"version-history":[{"count":0,"href":"https:\/\/radiobitacora.com.ar\/web\/wp-json\/wp\/v2\/posts\/19996\/revisions"}],"wp:featuredmedia":[{"embeddable":true,"href":"https:\/\/radiobitacora.com.ar\/web\/wp-json\/wp\/v2\/media\/19997"}],"wp:attachment":[{"href":"https:\/\/radiobitacora.com.ar\/web\/wp-json\/wp\/v2\/media?parent=19996"}],"wp:term":[{"taxonomy":"category","embeddable":true,"href":"https:\/\/radiobitacora.com.ar\/web\/wp-json\/wp\/v2\/categories?post=19996"},{"taxonomy":"post_tag","embeddable":true,"href":"https:\/\/radiobitacora.com.ar\/web\/wp-json\/wp\/v2\/tags?post=19996"}],"curies":[{"name":"wp","href":"https:\/\/api.w.org\/{rel}","templated":true}]}}