{"id":20032,"date":"2023-12-26T09:53:26","date_gmt":"2023-12-26T12:53:26","guid":{"rendered":"https:\/\/radiobitacora.com.ar\/web\/?p=20032"},"modified":"2023-12-26T09:53:26","modified_gmt":"2023-12-26T12:53:26","slug":"de-maxima-zorreguieta-a-kate-middleton-todas-las-postales-navidenas-de-los-royals-europeos","status":"publish","type":"post","link":"https:\/\/radiobitacora.com.ar\/web\/2023\/12\/26\/de-maxima-zorreguieta-a-kate-middleton-todas-las-postales-navidenas-de-los-royals-europeos\/","title":{"rendered":"De M\u00e1xima Zorreguieta a Kate Middleton, todas las postales navide\u00f1as de los royals europeos"},"content":{"rendered":"<p>Como cada a\u00f1o en v\u00edsperas de Navidad y A\u00f1o Nuevo, las casas reales m\u00e1s antiguas de Europa suelen realizar sofisticadas producciones de fotos para compartir con sus s\u00fabditos y el mundo sus postales navide\u00f1as acompa\u00f1ados por unas sentidas palabras en las que suelen pedir por la uni\u00f3n, la paz y el progreso de sus naciones.<\/p>\n<p>Sin embargo, estas navidades, tanto los hijos de\u00a0<strong>Kate<\/strong>\u00a0<strong>Middleton<\/strong>, como las hijas de\u00a0<strong>M\u00e1xima<\/strong>\u00a0<strong>Zorreguieta<\/strong>, han sido los principales protagonistas de los posados navide\u00f1os que realiz\u00f3 cada casa real por su cuenta. Destac\u00e1ndose de entre el resto de las familias reales de Europa.<\/p>\n<h2 class=\"wp-block-heading\">Todas las postales navide\u00f1as de los royals europeos<\/h2>\n<h3 class=\"wp-block-heading\">Inglaterra:\u00a0<strong>Kate Middleton y sus peque\u00f1os herederos<\/strong><\/h3>\n<p>En blanco y negro, y todos uniformados con camisa blanca y pantalones negros,\u00a0<strong>los pr\u00edncipes de Gales posaron en una sesi\u00f3n de fotos minimalista, poniendo el acento en la familia y la uni\u00f3n de la misma.<\/strong><\/p>\n<figure class=\"wp-block-image size-large\"><img decoding=\"async\" class=\"wp-image-477960\" src=\"https:\/\/www.revistagente.com\/wp-content\/uploads\/2023\/12\/OurfamilyChristmascardfor2023@joshshinner-720x900.jpg.webp\" alt=\"\" data-tapa-url=\"https:\/\/www.revistagente.com\/wp-content\/uploads\/2023\/12\/OurfamilyChristmascardfor2023@joshshinner-720x900.jpg.webp\" data-loaded=\"true\" data-cargado=\"true\" \/><\/figure>\n<p>Asimismo, otro de los posteos navide\u00f1os que\u00a0<strong>Kate<\/strong>\u00a0<strong>Middleton<\/strong>\u00a0y el\u00a0<strong>pr\u00edncipe<\/strong>\u00a0<strong>Harry<\/strong>\u00a0hicieron en sus redes sociales fue interpretado por los expertos en la corona inglesa, como un intento de mostrar uni\u00f3n en la futura familia real de Inglaterra.<\/p>\n<p>Adem\u00e1s de poner el foco en los peque\u00f1os royals, que cada que aparecen en p\u00fablico se convierten inmediatamente en protagonistas de la escena. Un mecanismo de distracci\u00f3n para evitar preguntas inc\u00f3modas sobre la relaci\u00f3n fragmentada entre los hijos del rey Carlos y Lady Di.<\/p>\n<figure class=\"wp-block-image size-large\"><img decoding=\"async\" class=\"wp-image-477962\" src=\"https:\/\/www.revistagente.com\/wp-content\/uploads\/2023\/12\/412682537_667867275252836_85276580479277442_n-720x720.jpg.webp\" alt=\"\" data-tapa-url=\"https:\/\/www.revistagente.com\/wp-content\/uploads\/2023\/12\/412682537_667867275252836_85276580479277442_n-720x720.jpg.webp\" data-loaded=\"true\" data-cargado=\"true\" \/><figcaption class=\"wp-element-caption\">&#8220;\u00a1Deseando a todos una muy Feliz Navidad, de nuestra familia a la vuestra! W &amp; C&#8221;, acompa\u00f1aron la tierna foto de los peque\u00f1os royals ingleses, el futuro de la monarqu\u00eda en Inglaterra.<\/figcaption><\/figure>\n<h3 class=\"wp-block-heading\"><strong>Pa\u00edses Bajos: M\u00e1xima Zorreguieta junto a Guillermo y sus hijas<\/strong><\/h3>\n<p>Adem\u00e1s de la tradicional postal de Navidad que la familia real de los Pa\u00edses Bajos suele preparar cada a\u00f1o, los reyes Guillermo y M\u00e1xima participaron junto a sus hijas Amalia, Ariane y Alexia de una especial producci\u00f3n navide\u00f1a en la plaza delantera del Palacio Huis ten Bosch.<\/p>\n<figure class=\"wp-block-image size-full\"><img decoding=\"async\" class=\"wp-image-477961\" src=\"https:\/\/www.revistagente.com\/wp-content\/uploads\/2023\/12\/postales-navidena-royals-gente-3-720x540.png.webp\" alt=\"\" data-tapa-url=\"https:\/\/www.revistagente.com\/wp-content\/uploads\/2023\/12\/postales-navidena-royals-gente-3-720x540.png.webp\" data-loaded=\"true\" data-cargado=\"true\" \/><figcaption class=\"wp-element-caption\">La familia real de los Pa\u00edses Bajos realiz\u00f3 una especial producci\u00f3n de fotos en la plaza delantera del Palacio Huis ten Bosch.<\/figcaption><\/figure>\n<figure class=\"wp-block-image size-full\"><img decoding=\"async\" class=\"wp-image-477958\" src=\"https:\/\/www.revistagente.com\/wp-content\/uploads\/2023\/12\/postales-navidena-royals-gente-2-720x540.png.webp\" alt=\"\" data-tapa-url=\"https:\/\/www.revistagente.com\/wp-content\/uploads\/2023\/12\/postales-navidena-royals-gente-2-720x540.png.webp\" data-loaded=\"true\" data-cargado=\"true\" \/><figcaption class=\"wp-element-caption\">La foto navide\u00f1a de la familia real holandesa. De izquierda a derecha: Ariane, Amalia, M\u00e1xima, Guillermo y Alexia.<\/figcaption><\/figure>\n<figure class=\"wp-block-image size-full\"><img decoding=\"async\" class=\"wp-image-477956\" src=\"https:\/\/www.revistagente.com\/wp-content\/uploads\/2023\/12\/postales-navidena-royals-gente-1-720x540.png.webp\" alt=\"\" data-tapa-url=\"https:\/\/www.revistagente.com\/wp-content\/uploads\/2023\/12\/postales-navidena-royals-gente-1-720x540.png.webp\" data-loaded=\"true\" data-cargado=\"true\" \/><figcaption class=\"wp-element-caption\">Fotos de reyes: A la izquierda los reyes holandeses posan junto al perrito de la familia. A la derecha, el Rey Guillermo junto a la heredera al trono la princesa Amalia.<\/figcaption><\/figure>\n<figure class=\"wp-block-image size-full\"><img decoding=\"async\" class=\"wp-image-477955\" src=\"https:\/\/www.revistagente.com\/wp-content\/uploads\/2023\/12\/postales-navidena-royals-gente-720x540.png.webp\" alt=\"\" data-tapa-url=\"https:\/\/www.revistagente.com\/wp-content\/uploads\/2023\/12\/postales-navidena-royals-gente-720x540.png.webp\" data-loaded=\"true\" data-cargado=\"true\" \/><figcaption class=\"wp-element-caption\">La tarjeta navide\u00f1a de la familia real holandesa: &#8220;Les deseamos una Navidad bendita y un saludable y pr\u00f3spero 2024&#8221;.<\/figcaption><\/figure>\n<h3 class=\"wp-block-heading\"><strong>La corona brit\u00e1nica y una postal en solitario de Carlos III<\/strong><\/h3>\n<p>En medio de una crisis familiar, la corona brit\u00e1nica no hizo ni el intento de mostrar uni\u00f3n en la familia real, y decidi\u00f3 por realizar un posado navide\u00f1o en solitario del\u00a0<strong>rey Carlos III.<\/strong><\/p>\n<figure class=\"wp-block-image size-full\"><img decoding=\"async\" class=\"wp-image-477966\" src=\"https:\/\/www.revistagente.com\/wp-content\/uploads\/2023\/12\/postales-navidena-royals-gente-5-720x540.png.webp\" alt=\"\" data-tapa-url=\"https:\/\/www.revistagente.com\/wp-content\/uploads\/2023\/12\/postales-navidena-royals-gente-5-720x540.png.webp\" data-loaded=\"true\" data-cargado=\"true\" \/><figcaption class=\"wp-element-caption\">Carlos III en el posado navide\u00f1o de la familia real inglesa.<\/figcaption><\/figure>\n<h3 class=\"wp-block-heading\"><strong>La familia real de Noruega con una importante baja<\/strong><\/h3>\n<p>La foto de Navidad que se hizo la familia real de Noruega este a\u00f1o se tom\u00f3 en Kongssetra en Voksenkollen, Oslo. Sin embargo,\u00a0<strong>el desafortunado detalle este 2023 fue la baja de la princesa heredera<\/strong>\u00a0(nuera del rey), quien no pudo asistir debido a que dio covid positivo.<\/p>\n<figure class=\"wp-block-image size-large\"><img decoding=\"async\" class=\"wp-image-477964\" src=\"https:\/\/www.revistagente.com\/wp-content\/uploads\/2023\/12\/EnriktiggodjultilallesammenfraKongefamilienAretsjulefotoertattpaKongssetrapaVoksenkolleniOslo.DessverrekunneikkeKronprinsessenvaeremedgrunnetcovid.Foto-CorneliusPoppeNTB-720x576.jpg.webp\" alt=\"\" data-tapa-url=\"https:\/\/www.revistagente.com\/wp-content\/uploads\/2023\/12\/EnriktiggodjultilallesammenfraKongefamilienAretsjulefotoertattpaKongssetrapaVoksenkolleniOslo.DessverrekunneikkeKronprinsessenvaeremedgrunnetcovid.Foto-CorneliusPoppeNTB-720x576.jpg.webp\" data-loaded=\"true\" data-cargado=\"true\" \/><figcaption class=\"wp-element-caption\">&#8220;Feliz Navidad a todos de la Familia Real&#8221;, expresa el posteo del posado navide\u00f1o de la familia real de Noruega este 2023. En la foto: (arriba) El pr\u00edncipe Sverre Magnus de Noruega (nieto del Rey), la princesa Ingrid Alexandra de Noruega (nieta del Rey) y el pr\u00edncipe heredero de Noruega Hakoon Magnus. (Abajo) los reyes noruegos Sonja y Harald V.<\/figcaption><\/figure>\n<h3 class=\"wp-block-heading\"><strong>Dinamarca y una foto cargada de tradici\u00f3n<\/strong><\/h3>\n<p>La reina Margarita II es retratada mientras enciende las tradicionales velas en las coronas de Adviento para las v\u00edsperas de Navidad y A\u00f1o Nuevo.<\/p>\n<p>&#8220;Cuatro velas est\u00e1n ahora ardiendo en las coronas de Adviento por todo el pa\u00eds. Esto tambi\u00e9n se aplica al Castillo de Marselisborg, donde Su Majestad la Reina, la Familia de la Corona y sus Altezas Reales el Pr\u00edncipe Joachim y la Princesa Mar\u00eda, as\u00ed como sus Excelencias el Conde Henrik y la Condesa Athena celebran la Nochebuena. Feliz Navidad de parte de toda la Casa Real&#8221;, explica el posteo que public\u00f3 la cuenta oficial de Instagram de la casa real de Dinamarca.<\/p>\n<figure class=\"wp-block-image size-large\"><img decoding=\"async\" class=\"wp-image-477963\" src=\"https:\/\/www.revistagente.com\/wp-content\/uploads\/2023\/12\/postales-navidena-royals-gente-4-720x912.png.webp\" alt=\"\" data-tapa-url=\"https:\/\/www.revistagente.com\/wp-content\/uploads\/2023\/12\/postales-navidena-royals-gente-4-720x912.png.webp\" data-loaded=\"true\" data-cargado=\"true\" \/><figcaption class=\"wp-element-caption\">La reina Margarita de Dinamarca desde el Castillo de Marselisborg.<\/figcaption><\/figure>\n<h3 class=\"wp-block-heading\"><strong>El posado de la familia real de Suecia<\/strong><\/h3>\n<p>Sin la querida princesa Victoria, heredera del trono sueco, los populares reyes de Suecia, Silvia y Carlo XVI posaron juntos para el tradicional posado navide\u00f1o.<\/p>\n<figure class=\"wp-block-image size-large\"><img decoding=\"async\" class=\"wp-image-477967\" src=\"https:\/\/www.revistagente.com\/wp-content\/uploads\/2023\/12\/Godjul-720x720.jpg.webp\" alt=\"\" data-tapa-url=\"https:\/\/www.revistagente.com\/wp-content\/uploads\/2023\/12\/Godjul-720x720.jpg.webp\" data-loaded=\"true\" data-cargado=\"true\" \/><figcaption class=\"wp-element-caption\">&#8220;Felices fiestas&#8221;, fue el escueto mensaje de los ya mayores reyes de Suecia.<\/figcaption><\/figure>\n","protected":false},"excerpt":{"rendered":"<p>Como cada a\u00f1o en v\u00edsperas de Navidad y A\u00f1o Nuevo, las casas reales m\u00e1s antiguas de Europa suelen realizar sofisticadas producciones de fotos para compartir con sus s\u00fabditos y el mundo sus postales navide\u00f1as acompa\u00f1ados por unas sentidas palabras en las que suelen pedir por la uni\u00f3n, la paz y el progreso de sus naciones. [&hellip;]<\/p>\n","protected":false},"author":2,"featured_media":20033,"comment_status":"closed","ping_status":"closed","sticky":false,"template":"","format":"standard","meta":{"footnotes":""},"categories":[86],"tags":[],"class_list":{"0":"post-20032","1":"post","2":"type-post","3":"status-publish","4":"format-standard","5":"has-post-thumbnail","7":"category-sociedad"},"_links":{"self":[{"href":"https:\/\/radiobitacora.com.ar\/web\/wp-json\/wp\/v2\/posts\/20032","targetHints":{"allow":["GET"]}}],"collection":[{"href":"https:\/\/radiobitacora.com.ar\/web\/wp-json\/wp\/v2\/posts"}],"about":[{"href":"https:\/\/radiobitacora.com.ar\/web\/wp-json\/wp\/v2\/types\/post"}],"author":[{"embeddable":true,"href":"https:\/\/radiobitacora.com.ar\/web\/wp-json\/wp\/v2\/users\/2"}],"replies":[{"embeddable":true,"href":"https:\/\/radiobitacora.com.ar\/web\/wp-json\/wp\/v2\/comments?post=20032"}],"version-history":[{"count":0,"href":"https:\/\/radiobitacora.com.ar\/web\/wp-json\/wp\/v2\/posts\/20032\/revisions"}],"wp:featuredmedia":[{"embeddable":true,"href":"https:\/\/radiobitacora.com.ar\/web\/wp-json\/wp\/v2\/media\/20033"}],"wp:attachment":[{"href":"https:\/\/radiobitacora.com.ar\/web\/wp-json\/wp\/v2\/media?parent=20032"}],"wp:term":[{"taxonomy":"category","embeddable":true,"href":"https:\/\/radiobitacora.com.ar\/web\/wp-json\/wp\/v2\/categories?post=20032"},{"taxonomy":"post_tag","embeddable":true,"href":"https:\/\/radiobitacora.com.ar\/web\/wp-json\/wp\/v2\/tags?post=20032"}],"curies":[{"name":"wp","href":"https:\/\/api.w.org\/{rel}","templated":true}]}}