{"id":20065,"date":"2023-12-27T09:28:48","date_gmt":"2023-12-27T12:28:48","guid":{"rendered":"https:\/\/radiobitacora.com.ar\/web\/?p=20065"},"modified":"2023-12-27T09:28:48","modified_gmt":"2023-12-27T12:28:48","slug":"tras-la-merma-en-ventas-muchos-carniceros-bajaron-10-los-precios","status":"publish","type":"post","link":"https:\/\/radiobitacora.com.ar\/web\/2023\/12\/27\/tras-la-merma-en-ventas-muchos-carniceros-bajaron-10-los-precios\/","title":{"rendered":"Tras la merma en ventas, muchos carniceros bajaron 10% los precios"},"content":{"rendered":"<p>Durante los meses de noviembre y los primeros d\u00edas de diciembre, los productos c\u00e1rnicos sufrieron incrementos constantes. Por ejemplo, el kilogramo de costilla para la Nochebuena lleg\u00f3 a costar en promedio 6.000 pesos.<\/p>\n<p>&nbsp;<\/p>\n<p>Ante este panorama, la mayor\u00eda de las carnicer\u00edas de la ciudad de Corrientes no llegaron a cubrir las expectativas que ten\u00edan en la previa a las fiestas y hasta el mismo domingo 24.<\/p>\n<div class=\"center medium m_image\">\n<figure><picture><source srcset=\"https:\/\/www.diarioepoca.com\/content\/bucket\/5\/1338695w380h133c.jpg.webp\" type=\"image\/webp\" media=\"(min-width: 640px)\" \/><source srcset=\"https:\/\/www.diarioepoca.com\/content\/bucket\/5\/1338695w440h153c.jpg.webp\" type=\"image\/webp\" media=\"(min-width: 300px)\" \/><source srcset=\"https:\/\/www.diarioepoca.com\/content\/bucket\/5\/1338695w380h133c.jpg\" media=\"(min-width: 300px)\" \/><img loading=\"lazy\" decoding=\"async\" class=\"pic\" src=\"https:\/\/www.diarioepoca.com\/content\/bucket\/5\/1338695w380h133c.jpg.webp\" alt=\"\" width=\"380\" height=\"133\" \/><\/picture><\/figure>\n<\/div>\n<p>&nbsp;<\/p>\n<p>Es m\u00e1s, algunos decidieron a modo de estrategia bajar los precios unos d\u00edas antes. &#8220;Nos pas\u00f3 lo que no nos ven\u00eda pasando en las \u00faltimas fiestas. La gente no solo no prioriz\u00f3 los cortes t\u00edpicos de la Navidad, sino que tambi\u00e9n redujo el consumo de cortes de asado&#8221;, sentenci\u00f3 Mart\u00edn, un reconocido carnicero del barrio Jard\u00edn en comunicaci\u00f3n con \u00e9poca.<\/p>\n<p>&nbsp;<\/p>\n<p>El comerciante tambi\u00e9n dijo que al ver que las ventas ven\u00edan flojas unos d\u00edas antes de la Nochebuena, resolvi\u00f3 cambiar las pizarras y poner ofertas. &#8220;Lo que sal\u00eda $6.000 lo baj\u00e9 a $5.000, pero ni as\u00ed se pudo con el cuidado que tuvo la gente ante el escenario nacional que puso en acci\u00f3n su plan econ\u00f3mico&#8221;, dijo el comerciante capitalino.<\/p>\n<p>&nbsp;<\/p>\n<p>&#8220;Sinceramente, en mi caso, las ventas no fueron lo que esperaba. En Navidad termin\u00e9 con el kilo de costilla a $5.000, vac\u00edo a $5.550, matambre $5.000 y peceto $6.200 el kilo&#8221;, coment\u00f3.<\/p>\n<p>&nbsp;<\/p>\n<p>Pero luego de que la gente mostrara su disconformidad con los precios, los proveedores de carnes decidieron comenzar la semana con rebajas en los distintos cortes. En l\u00edneas generales, llegaron con un 10% de rebajas.<\/p>\n<p>&nbsp;<\/p>\n<p>De lo que val\u00eda $5.000 la semana pasada, hoy se pueden encontrar cortes por kilo 300 pesos m\u00e1s barato. Esto implica un 10% de lo que los frigor\u00edficos bajan a las distintas carnicer\u00edas de la ciudad de Corrientes.<\/p>\n<div class=\"center medium m_image\">\n<figure><picture><source srcset=\"https:\/\/www.diarioepoca.com\/content\/bucket\/4\/1338694w380h244c.jpg.webp\" type=\"image\/webp\" media=\"(min-width: 640px)\" \/><source srcset=\"https:\/\/www.diarioepoca.com\/content\/bucket\/4\/1338694w440h283c.jpg.webp\" type=\"image\/webp\" media=\"(min-width: 300px)\" \/><source srcset=\"https:\/\/www.diarioepoca.com\/content\/bucket\/4\/1338694w380h244c.jpg\" media=\"(min-width: 300px)\" \/><img loading=\"lazy\" decoding=\"async\" class=\"pic\" src=\"https:\/\/www.diarioepoca.com\/content\/bucket\/4\/1338694w380h244c.jpg.webp\" alt=\"\" width=\"380\" height=\"244\" \/><\/picture><\/figure>\n<\/div>\n<p>&nbsp;<\/p>\n<p>Con este panorama, que refleja en carne propia la ley de oferta y demanda, los comerciantes de este rubro esperan tener un repunte para la fiesta de A\u00f1o Nuevo. &#8220;Esperemos que con esta reducci\u00f3n de precios la gente se acerque. Tenemos buenos productos y necesitamos vender en esta fecha, que es una de las m\u00e1s fuertes de nuestro rubro&#8221;, dijo.<\/p>\n<div class=\"center medium m_image\">\n<figure><picture><source srcset=\"https:\/\/www.diarioepoca.com\/content\/bucket\/6\/1338696w380h133c.jpg.webp\" type=\"image\/webp\" media=\"(min-width: 640px)\" \/><source srcset=\"https:\/\/www.diarioepoca.com\/content\/bucket\/6\/1338696w440h153c.jpg.webp\" type=\"image\/webp\" media=\"(min-width: 300px)\" \/><source srcset=\"https:\/\/www.diarioepoca.com\/content\/bucket\/6\/1338696w380h133c.jpg\" media=\"(min-width: 300px)\" \/><img loading=\"lazy\" decoding=\"async\" class=\"pic\" src=\"https:\/\/www.diarioepoca.com\/content\/bucket\/6\/1338696w380h133c.jpg.webp\" alt=\"\" width=\"380\" height=\"133\" \/><\/picture><\/figure>\n<\/div>\n<p>&nbsp;<\/p>\n<p>Por su parte, Fernando, representante de la \u00fanica carnicer\u00eda que se encuentra sobre la peatonal Jun\u00edn, coment\u00f3 que en su caso tuvieron buenas ventas. &#8220;Una de las estrategias que decidimos antes de la Navidad fue congelar los precios. Esto nos gener\u00f3 buenas ventas. La gente est\u00e1 acostumbrada a comer distintos cortes en Navidad y al haber incrementos durante diciembre, la gente busc\u00f3 la mejor oferta. En nuestro caso, al tener el local en plena peatonal Jun\u00edn atrapamos a muchos clientes que sab\u00edan de nuestros precios y de la facilidad de hacer todas las compras en la misma zona&#8221;, expres\u00f3 el trabajador a este medio.<\/p>\n<div class=\"center medium m_image\">\n<figure><picture><source srcset=\"https:\/\/www.diarioepoca.com\/content\/bucket\/7\/1338697w380h133c.jpg.webp\" type=\"image\/webp\" media=\"(min-width: 640px)\" \/><source srcset=\"https:\/\/www.diarioepoca.com\/content\/bucket\/7\/1338697w440h153c.jpg.webp\" type=\"image\/webp\" media=\"(min-width: 300px)\" \/><source srcset=\"https:\/\/www.diarioepoca.com\/content\/bucket\/7\/1338697w380h133c.jpg\" media=\"(min-width: 300px)\" \/><img loading=\"lazy\" decoding=\"async\" class=\"pic\" src=\"https:\/\/www.diarioepoca.com\/content\/bucket\/7\/1338697w380h133c.jpg.webp\" alt=\"\" width=\"380\" height=\"133\" \/><\/picture><\/figure>\n<\/div>\n<p>&nbsp;<\/p>\n<h2>Una buena para los consumidores<\/h2>\n<p>&nbsp;<\/p>\n<p>El programa &#8220;Desayuno&#8221; por Radio Dos habl\u00f3 con Alberto &#8220;Cacho&#8221; Schiffo. Analiz\u00f3 los \u00faltimos aumentos de la carne y asegur\u00f3 que por la ley de oferta y demanda &#8220;volver\u00e1 a bajar el 50% que subi\u00f3 en los \u00faltimos 15 d\u00edas&#8221;. &#8220;No tiene por qu\u00e9 subir. No tenemos cupo para exportar, solo tenemos que producir. Es la ley de oferta y demanda. S\u00ed tener libertad, cuando haya m\u00e1s carne para exportar, hay otros cortes que van al consumo interno&#8221;, explic\u00f3.<\/p>\n","protected":false},"excerpt":{"rendered":"<p>Durante los meses de noviembre y los primeros d\u00edas de diciembre, los productos c\u00e1rnicos sufrieron incrementos constantes. Por ejemplo, el kilogramo de costilla para la Nochebuena lleg\u00f3 a costar en promedio 6.000 pesos. &nbsp; Ante este panorama, la mayor\u00eda de las carnicer\u00edas de la ciudad de Corrientes no llegaron a cubrir las expectativas que ten\u00edan [&hellip;]<\/p>\n","protected":false},"author":2,"featured_media":20066,"comment_status":"closed","ping_status":"closed","sticky":false,"template":"","format":"standard","meta":{"footnotes":""},"categories":[65],"tags":[],"class_list":{"0":"post-20065","1":"post","2":"type-post","3":"status-publish","4":"format-standard","5":"has-post-thumbnail","7":"category-economia"},"_links":{"self":[{"href":"https:\/\/radiobitacora.com.ar\/web\/wp-json\/wp\/v2\/posts\/20065","targetHints":{"allow":["GET"]}}],"collection":[{"href":"https:\/\/radiobitacora.com.ar\/web\/wp-json\/wp\/v2\/posts"}],"about":[{"href":"https:\/\/radiobitacora.com.ar\/web\/wp-json\/wp\/v2\/types\/post"}],"author":[{"embeddable":true,"href":"https:\/\/radiobitacora.com.ar\/web\/wp-json\/wp\/v2\/users\/2"}],"replies":[{"embeddable":true,"href":"https:\/\/radiobitacora.com.ar\/web\/wp-json\/wp\/v2\/comments?post=20065"}],"version-history":[{"count":0,"href":"https:\/\/radiobitacora.com.ar\/web\/wp-json\/wp\/v2\/posts\/20065\/revisions"}],"wp:featuredmedia":[{"embeddable":true,"href":"https:\/\/radiobitacora.com.ar\/web\/wp-json\/wp\/v2\/media\/20066"}],"wp:attachment":[{"href":"https:\/\/radiobitacora.com.ar\/web\/wp-json\/wp\/v2\/media?parent=20065"}],"wp:term":[{"taxonomy":"category","embeddable":true,"href":"https:\/\/radiobitacora.com.ar\/web\/wp-json\/wp\/v2\/categories?post=20065"},{"taxonomy":"post_tag","embeddable":true,"href":"https:\/\/radiobitacora.com.ar\/web\/wp-json\/wp\/v2\/tags?post=20065"}],"curies":[{"name":"wp","href":"https:\/\/api.w.org\/{rel}","templated":true}]}}