{"id":20384,"date":"2023-12-28T08:28:03","date_gmt":"2023-12-28T11:28:03","guid":{"rendered":"https:\/\/radiobitacora.com.ar\/web\/?p=20384"},"modified":"2023-12-28T08:28:03","modified_gmt":"2023-12-28T11:28:03","slug":"intendente-hormaechea-anuncio-pago-de-sueldos-de-diciembre","status":"publish","type":"post","link":"https:\/\/radiobitacora.com.ar\/web\/2023\/12\/28\/intendente-hormaechea-anuncio-pago-de-sueldos-de-diciembre\/","title":{"rendered":"INTENDENTE HORMAECHEA ANUNCI\u00d3 PAGO DE SUELDOS DE DICIEMBRE"},"content":{"rendered":"<h3><strong>La Municipalidad confirm\u00f3 que este viernes 29 de diciembre se proceder\u00e1 al pago de los salarios correspondientes al mes de diciembre. Este beneficio abarcar\u00e1 tanto al personal de Planta Permanente como a los Contratados, seg\u00fan anunci\u00f3 el intendente municipal Mariano Hormaechea a trav\u00e9s de sus plataformas en redes sociales.<\/strong><\/h3>\n<p>La administraci\u00f3n local ha asegurado que se utilizar\u00e1n los canales habituales de pago para agilizar y garantizar una transacci\u00f3n eficiente a todos los beneficiarios.<\/p>\n","protected":false},"excerpt":{"rendered":"<p>La Municipalidad confirm\u00f3 que este viernes 29 de diciembre se proceder\u00e1 al pago de los salarios correspondientes al mes de diciembre. Este beneficio abarcar\u00e1 tanto al personal de Planta Permanente como a los Contratados, seg\u00fan anunci\u00f3 el intendente municipal Mariano Hormaechea a trav\u00e9s de sus plataformas en redes sociales. La administraci\u00f3n local ha asegurado que [&hellip;]<\/p>\n","protected":false},"author":2,"featured_media":20385,"comment_status":"closed","ping_status":"closed","sticky":false,"template":"","format":"standard","meta":{"footnotes":""},"categories":[79],"tags":[],"class_list":{"0":"post-20384","1":"post","2":"type-post","3":"status-publish","4":"format-standard","5":"has-post-thumbnail","7":"category-politica"},"_links":{"self":[{"href":"https:\/\/radiobitacora.com.ar\/web\/wp-json\/wp\/v2\/posts\/20384","targetHints":{"allow":["GET"]}}],"collection":[{"href":"https:\/\/radiobitacora.com.ar\/web\/wp-json\/wp\/v2\/posts"}],"about":[{"href":"https:\/\/radiobitacora.com.ar\/web\/wp-json\/wp\/v2\/types\/post"}],"author":[{"embeddable":true,"href":"https:\/\/radiobitacora.com.ar\/web\/wp-json\/wp\/v2\/users\/2"}],"replies":[{"embeddable":true,"href":"https:\/\/radiobitacora.com.ar\/web\/wp-json\/wp\/v2\/comments?post=20384"}],"version-history":[{"count":0,"href":"https:\/\/radiobitacora.com.ar\/web\/wp-json\/wp\/v2\/posts\/20384\/revisions"}],"wp:featuredmedia":[{"embeddable":true,"href":"https:\/\/radiobitacora.com.ar\/web\/wp-json\/wp\/v2\/media\/20385"}],"wp:attachment":[{"href":"https:\/\/radiobitacora.com.ar\/web\/wp-json\/wp\/v2\/media?parent=20384"}],"wp:term":[{"taxonomy":"category","embeddable":true,"href":"https:\/\/radiobitacora.com.ar\/web\/wp-json\/wp\/v2\/categories?post=20384"},{"taxonomy":"post_tag","embeddable":true,"href":"https:\/\/radiobitacora.com.ar\/web\/wp-json\/wp\/v2\/tags?post=20384"}],"curies":[{"name":"wp","href":"https:\/\/api.w.org\/{rel}","templated":true}]}}