{"id":20435,"date":"2024-02-01T08:28:49","date_gmt":"2024-02-01T11:28:49","guid":{"rendered":"https:\/\/radiobitacora.com.ar\/web\/?p=20435"},"modified":"2024-02-01T08:28:49","modified_gmt":"2024-02-01T11:28:49","slug":"la-mesa-de-enlace-con-gobernadores-por-retenciones-ley-de-semillas-y-reforma-laboral","status":"publish","type":"post","link":"https:\/\/radiobitacora.com.ar\/web\/2024\/02\/01\/la-mesa-de-enlace-con-gobernadores-por-retenciones-ley-de-semillas-y-reforma-laboral\/","title":{"rendered":"LA MESA DE ENLACE CON GOBERNADORES POR RETENCIONES, LEY DE SEMILLAS Y REFORMA LABORAL"},"content":{"rendered":"<h3><strong>El encuentro que se llev\u00f3 a cabo en la sede porte\u00f1a de la Federaci\u00f3n Agraria junto a la Sociedad Rural (SRA), la Confederaciones Rurales y Coninagro, junto a los gobernadores de C\u00f3rdoba, Mart\u00edn Llaryora, Entre R\u00edos, Rogelio Frigerio; y a la vicegobernadora de Santa Fe, Gisela Scaglia.<\/strong><\/h3>\n<p>Autoridades de las entidades que componen la Mesa de Enlace mantuvieron en la tarde de este martes una reuni\u00f3n con los gobernadores de las provincias de Santa Fe, C\u00f3rdoba y Entre R\u00edos, ante quienes plantearon su rechazo a la adhesi\u00f3n al UPOV-91 sobre la protecci\u00f3n de derechos intelectuales en semillas, la necesidad de discutir una reforma laboral y el tema retenciones.<\/p>\n<p>En ese marco, los dirigentes ruralistas tambi\u00e9n manifestaron sus dudas respecto al tratamiento del tema retenciones en el marco de la Ley de Bases, luego de que el Gobierno anunciara el viernes pasado que retiraba el cap\u00edtulo fiscal de la iniciativa enviada para su tratamiento en sesiones extraordinarias.<\/p>\n<p>En un encuentro que se llev\u00f3 a cabo en la sede porte\u00f1a de la Federaci\u00f3n Agraria (FAA), su presidente Carlos Achetoni, junto la titular de la Sociedad Rural (SRA), Nicol\u00e1s Pino; de Confederaciones Rurales (CRA), Carlos Castagnani; y el vicepresidente de Coninagro, Marcelo Federici, recibieron al gobernador de C\u00f3rdoba, Mart\u00edn Llaryora, al de Entre R\u00edos, Rogelio Frigerio; y a la vicegobernadora de Santa Fe, Gisela Scaglia.<\/p>\n<p>\u201cCre\u00edmos oportuno comenzar esta sesi\u00f3n con los distintos gobernadores, no en contra de nadie, sino en favor de todo aquel que se ponga que se ponga de nuestro lado para que la producci\u00f3n pueda ser un veh\u00edculo para salir de la situaci\u00f3n de Argentina\u201d, dijo Achetoni en una conferencia de prensa tras la reuni\u00f3n que se extendi\u00f3 por espacio de algo m\u00e1s de una hora.<\/p>\n<p>Las retenciones fueron uno de los principales temas que se discutieron, sobre todo porque, seg\u00fan plantearon los ruralistas, contin\u00faan las dudas en el sector respecto a la posibilidad de que finalmente sea abordado por la C\u00e1mara de Diputados.<\/p>\n<p>\u201cEntendemos que el cap\u00edtulo se ha retirado y que las retenciones quedan como estaban antes. Creo que van a mantenerse ah\u00ed, pero hay dudas porque hay versiones donde se dice que todav\u00eda el cap\u00edtulo est\u00e1 dentro del dictamen, por lo cual estamos con incertidumbre\u201d, dijo Achetoni al respecto.<\/p>\n<p>Pino, por su parte, se\u00f1al\u00f3 que \u201ces muy bueno tener a tres representantes de las provincias m\u00e1s productivas y escuchar de ellos que est\u00e1n en contra de las retenciones\u201d.<\/p>\n<p>\u201cLa situaci\u00f3n amerita ciertos ajustes que nos han comentado desde el Gobierno que impiden tomar ciertas medidas, pero lo que s\u00ed ser\u00eda bueno es que si necesitan que el campo una vez m\u00e1s apoye a la Argentina, nos den se\u00f1ales claras. Si es temporal (una suba de retenciones) tiene que tener un principio y un final. Empecemos a hablar de eso tambi\u00e9n\u201d, complet\u00f3 Pino.<\/p>\n<p>Otro de los puntos que se tocaron durante la reuni\u00f3n es la adhesi\u00f3n propuesta por el Gobierno nacional al convenio internacional UPOV-91, que trata sobre la protecci\u00f3n de los derechos intelectuales en semillas, cuesti\u00f3n que es rechazada por el campo.<\/p>\n<p>\u201cHay que pagar la tecnolog\u00eda, pero tambi\u00e9n creemos que tenemos que dar el debate necesario, que se d\u00e9 cuando comiencen las sesiones ordinarias y que podamos llegar a una reforma de la Ley de Semillas, pero vemos como un serio peligro al UPOV-91 porque dejar\u00eda a la disponibilidad del gobierno, que nos ha hecho saber de que todos se expresen, pero que esta imponiendo que se acepte la adhesi\u00f3n primero y despu\u00e9s generar las condiciones de la reglamentaci\u00f3n\u201d, dijo Achentoni.<\/p>\n<p>Para el dirigente agrario, \u201csi se aprueba el UPOV-91 disminuye la posibilidad de que haya una reforma de la Ley de Semillas, porque todo lo que se tendr\u00eda que discutir en esa ley, se estar\u00eda imposibilitando de desarrollar\u201d-<\/p>\n<p>Tambi\u00e9n la reforma laboral, que se incluye en el DNU y que est\u00e1 frenado por la C\u00e1mara del Trabajo, fue uno de los temas que se trataron.<\/p>\n<p>\u201cSe plante\u00f3 el tema de la necesidad imperiosa que tiene la Argentina de hacer una reforma laboral y en eso coincidimos con los tres gobernadores. Creemos que para que todo se pueda desarrollar es que esa reforma se trate y se llegue a un punto, porque de la manera en la que estamos va a ser muy dif\u00edcil generar m\u00e1s trabajo e inversi\u00f3n, que es en definitiva lo que todos los productores necesitamos: dar m\u00e1s laburo y que la argentina vaya para adelante\u201d, agreg\u00f3 Pino.<\/p>\n<p>Por su parte, Federici sostuvo que \u201cla mayor\u00eda de los empleos est\u00e1n dados por pymes y hoy un conflicto (laboral) nos puede llevar a la desaparici\u00f3n. Si queremos seguir agregando valor, ruralidad, y mas trabajo en los lugares de origen, necesitamos tener una relaci\u00f3n m\u00e1s fluida entre el empleado y el empleador. Es necesario que tengamos una modificaci\u00f3n, un proceso de aggiornamento y motorizar el avance y la movilidad social que necesitamos\u201d.<\/p>\n<p>Por \u00faltimo, Achetoni aclaro que \u201cno estamos de acuerdo con que se pierdan los derechos adquiridos de los trabajadores. Queremos que nos simplifiquen las condiciones para generar mayor cantidad de empleo y que comencemos un camino diferente. No estamos en desmedro de la clase trabajadora\u201d.<\/p>\n","protected":false},"excerpt":{"rendered":"<p>El encuentro que se llev\u00f3 a cabo en la sede porte\u00f1a de la Federaci\u00f3n Agraria junto a la Sociedad Rural (SRA), la Confederaciones Rurales y Coninagro, junto a los gobernadores de C\u00f3rdoba, Mart\u00edn Llaryora, Entre R\u00edos, Rogelio Frigerio; y a la vicegobernadora de Santa Fe, Gisela Scaglia. Autoridades de las entidades que componen la Mesa [&hellip;]<\/p>\n","protected":false},"author":2,"featured_media":20436,"comment_status":"closed","ping_status":"closed","sticky":false,"template":"","format":"standard","meta":{"footnotes":""},"categories":[79],"tags":[],"class_list":{"0":"post-20435","1":"post","2":"type-post","3":"status-publish","4":"format-standard","5":"has-post-thumbnail","7":"category-politica"},"_links":{"self":[{"href":"https:\/\/radiobitacora.com.ar\/web\/wp-json\/wp\/v2\/posts\/20435","targetHints":{"allow":["GET"]}}],"collection":[{"href":"https:\/\/radiobitacora.com.ar\/web\/wp-json\/wp\/v2\/posts"}],"about":[{"href":"https:\/\/radiobitacora.com.ar\/web\/wp-json\/wp\/v2\/types\/post"}],"author":[{"embeddable":true,"href":"https:\/\/radiobitacora.com.ar\/web\/wp-json\/wp\/v2\/users\/2"}],"replies":[{"embeddable":true,"href":"https:\/\/radiobitacora.com.ar\/web\/wp-json\/wp\/v2\/comments?post=20435"}],"version-history":[{"count":0,"href":"https:\/\/radiobitacora.com.ar\/web\/wp-json\/wp\/v2\/posts\/20435\/revisions"}],"wp:featuredmedia":[{"embeddable":true,"href":"https:\/\/radiobitacora.com.ar\/web\/wp-json\/wp\/v2\/media\/20436"}],"wp:attachment":[{"href":"https:\/\/radiobitacora.com.ar\/web\/wp-json\/wp\/v2\/media?parent=20435"}],"wp:term":[{"taxonomy":"category","embeddable":true,"href":"https:\/\/radiobitacora.com.ar\/web\/wp-json\/wp\/v2\/categories?post=20435"},{"taxonomy":"post_tag","embeddable":true,"href":"https:\/\/radiobitacora.com.ar\/web\/wp-json\/wp\/v2\/tags?post=20435"}],"curies":[{"name":"wp","href":"https:\/\/api.w.org\/{rel}","templated":true}]}}