{"id":20438,"date":"2024-02-01T08:31:36","date_gmt":"2024-02-01T11:31:36","guid":{"rendered":"https:\/\/radiobitacora.com.ar\/web\/?p=20438"},"modified":"2024-02-01T08:31:36","modified_gmt":"2024-02-01T11:31:36","slug":"pora-es-el-nuevo-yaguarete-que-llega-al-ibera","status":"publish","type":"post","link":"https:\/\/radiobitacora.com.ar\/web\/2024\/02\/01\/pora-es-el-nuevo-yaguarete-que-llega-al-ibera\/","title":{"rendered":"POR\u00c1 ES EL NUEVO YAGUARET\u00c9 QUE LLEGA AL IBER\u00c1"},"content":{"rendered":"<h3><strong>La noticia la dio a conocer la Fundaci\u00f3n Rewilding a trav\u00e9s de su cuenta de Instagram.<\/strong><\/h3>\n<p>La Fundaci\u00f3n Rewilding Argentina dio a conocer a trav\u00e9s de su cuenta de Instagram la llegada de un nuevo ejemplar de Yaguaret\u00e9 al Parque Iber\u00e1.<\/p>\n<p>\u201cPor\u00e1 es un macho procedente de la Asociaci\u00f3n Mata Ciliar (San Pablo, Brasil) que se suma como reproductor para aportar variabilidad gen\u00e9tica a los proyectos de reintroducci\u00f3n de Yaguaret\u00e9 en el norte argentino\u201d, explicaron.<\/p>\n<p>Tambi\u00e9n aseguraron que \u201cen Corrientes ya son 21 los individuos que viven libres luego de tres a\u00f1os de la primera liberaci\u00f3n\u201d, mientras que en Chaco se sigue trabajando para la puesta en libertad\u00a0de los primeros ejemplares.<\/p>\n<p>\u201cEstas acciones son posibles gracias a grandes aliados de Brasil, Uruguay y Paraguay, quienes han donado Yaguaret\u00e9s para reproducir y\/o liberar en el marco de este programa\u201d, manifestaron desde Rewilding y se\u00f1alaron que \u201cpara la reintroducci\u00f3n de especies no existen fronteras\u201d, destacando la articulaci\u00f3n entre estos pa\u00edses\u00a0del Mercosur.<\/p>\n<p><a href=\"https:\/\/www.instagram.com\/reel\/C2uZlYwOuek\/?utm_source=ig_embed&amp;ig_rid=434e80d3-f239-47c6-a439-a6320a852059\">https:\/\/www.instagram.com\/reel\/C2uZlYwOuek\/?utm_source=ig_embed&amp;ig_rid=434e80d3-f239-47c6-a439-a6320a852059<\/a><\/p>\n<p>&nbsp;<\/p>\n<p><strong>En b\u00fasqueda de nuevos voluntarios<\/strong><\/p>\n<p>Desde la cuenta de Fundaci\u00f3n Rewilding est\u00e1n en b\u00fasqueda de nuevos voluntarios para el proyecto que llevan adelante en el Impenetrable, en la provincia del Chaco: \u201cestamos buscando personas proactivas y con buena predisposici\u00f3n para trabajar y vivir en los proyectos de monitoreo y reintroducci\u00f3n de especies\u201d, detallaron.<\/p>\n<p><strong>Voluntariado 1<\/strong>: Asistencia en proyectos de conservaci\u00f3n, monitoreo y manejo de yaguaret\u00e9, nutria gigante, tortuga yabot\u00ed y ciervo de los pantanos.<\/p>\n<p>Lugar: Estaci\u00f3n de Campo El Teuco, Parque Nacional El Impenetrable.<\/p>\n<p><strong>Voluntariado 2:<\/strong>Asistencia en proyectos de conservaci\u00f3n, relevamientos y recorridas por el r\u00edo Teuco (Bermejo).<\/p>\n<div class=\"container_publi\" data-tipo=\"tipo_desktop \" data-pos=\"AMP_P2_cuerpo\">\n<div class=\" lazyloaded\" data-gpt=\"\/22675780113\/nota\/AMP_cuerpo_x\" data-size=\"[750,300]\" data-expand=\"300\">Lugar: Estaci\u00f3n de Campo Los Palmares, al noroeste del Parque Nacional El Impenetrable.<\/div>\n<\/div>\n<p>Los interesados pueden ingresar a :<a class=\"link\" href=\"https:\/\/www.rewildingargentina.org\/separte\/\">https:\/\/www.rewildingargentina.org\/separte\/<\/a>(Proyecto El Impenetrable \u2013 Voluntariado #1 y #2). Enviar CV y carta de intenci\u00f3n indicando el motivo del inter\u00e9s en la participaci\u00f3n del voluntariado y la disponibilidad de meses a\u00a0<strong>impenetrablevoluntariado@gmail.com<\/strong>o<strong>lospalmaresvoluntariado@gmail.com<\/strong>.<\/p>\n","protected":false},"excerpt":{"rendered":"<p>La noticia la dio a conocer la Fundaci\u00f3n Rewilding a trav\u00e9s de su cuenta de Instagram. La Fundaci\u00f3n Rewilding Argentina dio a conocer a trav\u00e9s de su cuenta de Instagram la llegada de un nuevo ejemplar de Yaguaret\u00e9 al Parque Iber\u00e1. \u201cPor\u00e1 es un macho procedente de la Asociaci\u00f3n Mata Ciliar (San Pablo, Brasil) que [&hellip;]<\/p>\n","protected":false},"author":2,"featured_media":20439,"comment_status":"closed","ping_status":"closed","sticky":false,"template":"","format":"standard","meta":{"footnotes":""},"categories":[72],"tags":[],"class_list":{"0":"post-20438","1":"post","2":"type-post","3":"status-publish","4":"format-standard","5":"has-post-thumbnail","7":"category-provinciales"},"_links":{"self":[{"href":"https:\/\/radiobitacora.com.ar\/web\/wp-json\/wp\/v2\/posts\/20438","targetHints":{"allow":["GET"]}}],"collection":[{"href":"https:\/\/radiobitacora.com.ar\/web\/wp-json\/wp\/v2\/posts"}],"about":[{"href":"https:\/\/radiobitacora.com.ar\/web\/wp-json\/wp\/v2\/types\/post"}],"author":[{"embeddable":true,"href":"https:\/\/radiobitacora.com.ar\/web\/wp-json\/wp\/v2\/users\/2"}],"replies":[{"embeddable":true,"href":"https:\/\/radiobitacora.com.ar\/web\/wp-json\/wp\/v2\/comments?post=20438"}],"version-history":[{"count":0,"href":"https:\/\/radiobitacora.com.ar\/web\/wp-json\/wp\/v2\/posts\/20438\/revisions"}],"wp:featuredmedia":[{"embeddable":true,"href":"https:\/\/radiobitacora.com.ar\/web\/wp-json\/wp\/v2\/media\/20439"}],"wp:attachment":[{"href":"https:\/\/radiobitacora.com.ar\/web\/wp-json\/wp\/v2\/media?parent=20438"}],"wp:term":[{"taxonomy":"category","embeddable":true,"href":"https:\/\/radiobitacora.com.ar\/web\/wp-json\/wp\/v2\/categories?post=20438"},{"taxonomy":"post_tag","embeddable":true,"href":"https:\/\/radiobitacora.com.ar\/web\/wp-json\/wp\/v2\/tags?post=20438"}],"curies":[{"name":"wp","href":"https:\/\/api.w.org\/{rel}","templated":true}]}}