{"id":20441,"date":"2024-02-01T08:35:32","date_gmt":"2024-02-01T11:35:32","guid":{"rendered":"https:\/\/radiobitacora.com.ar\/web\/?p=20441"},"modified":"2024-02-01T08:35:32","modified_gmt":"2024-02-01T11:35:32","slug":"7a-travesia-isoro","status":"publish","type":"post","link":"https:\/\/radiobitacora.com.ar\/web\/2024\/02\/01\/7a-travesia-isoro\/","title":{"rendered":"7\u00aa Traves\u00eda Isoro"},"content":{"rendered":"<p class=\"rtejustify\">Por medio de una conferencia de prensa realizada en Playa El Inga, en el Deck de ese espacio p\u00fablico se present\u00f3 la 7\u00aa Edici\u00f3n de esta experiencia calificada como \u201cUna Aventura Amigable con el R\u00edo\u201d.<\/p>\n<p class=\"rtejustify\">La presentaci\u00f3n de este evento a desarrollarse el pr\u00f3ximo 11 de febrero sirvi\u00f3 para poner en valor el Isoro, con la declaraci\u00f3n de la Ley Provincial. Adem\u00e1s, el Jefe de la Prefectura Goya Prefecto Walter Rodr\u00edguez hizo entrega del acta-convenio donde se autoriza la concreci\u00f3n de esta aventura, la traves\u00eda en el r\u00edo m\u00e1s federal.<\/p>\n<p class=\"rtejustify\">De la mencionada presentaci\u00f3n participaron el Intendente Mariano Hormaechea; el Viceintendente Pedro Cassani (H); el Jefe de la Prefectura Goya Prefecto Walter Rodr\u00edguez; por la organizaci\u00f3n Pedro Sa; el Secretario de Turismo TT Sebasti\u00e1n Candia De Biasio; el anfitri\u00f3n del punto de arribo, Estancia El Cerrito, Gast\u00f3n Giqueaux; empresarios, comerciantes que auspician el evento, funcionarios municipales y periodistas de los medios locales.<\/p>\n<p class=\"rtejustify\">\n<p class=\"rtejustify\"><strong>SECRETARIO DE TURISMO<\/strong><\/p>\n<p class=\"rtejustify\">\n<p class=\"rtejustify\">El titular de la Secretar\u00eda de Turismo del Municipio de Goya Sebasti\u00e1n Candia De Biasio valor\u00f3 este esfuerzo, la prolijidad de la organizaci\u00f3n, y destac\u00f3 la importancia de \u201cacompa\u00f1ar las cosas que se hacen bien y hacen bien a la ciudad\u201d.<\/p>\n<p class=\"rtejustify\">\u201cEs un evento reconocido a nivel nacional, un encuentro de palistas (remadores), muy federal, que pone en valor nuestra Reserva Isoro. Les invito a disfrutar de esta experiencia maravillosa, tomar contacto con lo mejor que tenemos los goyanos: nuestra naturaleza. Se mezclan diferentes sensaciones, la mayor\u00eda son participantes amateurs, en un ambiente ameno. Felicito a los que son parte, gracias por el bien que le hacen a la ciudad de Goya\u201d, a\u00f1adi\u00f3.<\/p>\n<p class=\"rtejustify\">\n<p class=\"rtejustify\"><strong>PEDRO SA<\/strong><\/p>\n<p class=\"rtejustify\">\n<p class=\"rtejustify\">El organizador de este evento, la 7\u00aa Traves\u00eda Isoro, Pedro Sa, destac\u00f3 la iniciativa propuesta por el Intendente Mariano Hormaechea de elegir el lugar a la vera del riacho Goya, en el atardecer, para esta presentaci\u00f3n de la aventura n\u00e1utica.<\/p>\n<p class=\"rtejustify\">\u201cQueremos convertirnos en una ciudad tur\u00edstica, Capital de la Amistad que recibe a sus amigos, los turistas, todo el a\u00f1o, con un calendario tur\u00edstico completo. Vamos camino a realizar la 7\u00aa edici\u00f3n, nacida hace 8 a\u00f1os, es una traves\u00eda amistosa pensada para que la lleven adelante profesionales del canotaje, o el vecino que se anima a este recorrido. Esta propuesta no es una competencia, se disfruta de la llegada a este punto y la convivencia con el resto de los participantes. Incluso Alejandro Medina que ha participado, lleg\u00f3. Tambi\u00e9n Mariano (Hormaechea) ha participado, Prefectura. Aprovecho la presencia del Jefe, que hay cambio de autoridades el 5, no estar\u00e1 pero reconozco su predisposici\u00f3n y su calidad humana. Los invito: se viene una gran traves\u00eda nacional\u201d.<\/p>\n<p class=\"rtejustify\">\u201cSon 42 kil\u00f3metros de traves\u00eda, a realizarse el domingo 11 de febrero, similar a todas las ediciones, 10 de Riacho Goya, 5 por el Paran\u00e1 y 27 de nuestro precioso Arroyo Isoro, de nuestra flamante reserva promulgada por la Ley Provincial\u201d.<\/p>\n<p class=\"rtejustify\">\u201cEste espacio que custodiamos, fuimos descubriendo que la mejor forma de cuidarlo es abrirlo, exponerlo para que todos los \u201caventureros\u201d puedan explorar y disfrutar, respaldado por un gran equipo desde el Municipio, Servicios que limpia, Obras P\u00fablicas que dispone\u00a0 de los camiones, acondiciona este espacio, luminotecnia que est\u00e1 atento a la bajada de luz para los que acampar\u00e1n en el Inga, Turismo con la atenci\u00f3n a la gente, Deportes para la recepci\u00f3n, Desarrollo Humano con la puesta de la Ambulancia, Recursos Naturales del Municipio y la Provincia, Tr\u00e1nsito con la se\u00f1alizaci\u00f3n y Prensa con la difusi\u00f3n\u201d.<\/p>\n<p class=\"rtejustify\">\u201cDebo contarles que tenemos el acompa\u00f1amiento incondicional de las empresas nacionales, con filiales en nuestra ciudad, el empresariado y comerciantes locales, por supuesto el reconocimiento a la Municipalidad\u201d.<\/p>\n<p class=\"rtejustify\">\u201cUn hecho para mencionar: la gran cena que prepara, el s\u00e1bado de la v\u00edspera, la Presidencia de la C\u00e1mara de Diputados para unos 200 comensales\u201d.<\/p>\n<p class=\"rtejustify\">\u201cLos invito a ser parte de la 7\u00aa Traves\u00eda Isoro, la m\u00e1s divertida, las m\u00e1s linda, la m\u00e1s convocante est\u00e1 en marcha\u201d, insisti\u00f3.<\/p>\n<p class=\"rtejustify\">\n<p class=\"rtejustify\"><strong>MARIANO HORMAECHEA<\/strong><\/p>\n<p class=\"rtejustify\">\n<p class=\"rtejustify\">El Intendente Mariano Hormaechea, tras agradecer la presencia de funcionarios, autoridades y medios de comunicaci\u00f3n, sostuvo: \u201cQueremos potenciar la ciudad de Goya, con una marca para posicionar el turismo de la ciudad. El goyano se caracteriza por generar iniciativas, como es el caso de esta idea surgida hace muchos a\u00f1os, con el equipo de Peter (Pedro Sa) que logra la trascendencia y permite el arribo de muchos palistas del pa\u00eds a este evento\u201d.<\/p>\n<p class=\"rtejustify\">\u201cVenimos apostando a que diferentes eventos sean productos de oferta del turismo, como eje de nuestra administraci\u00f3n, el desarrollo local. Sin dudas estos factores: r\u00edo, pesca, naturaleza, son los que componen parte de nuestra oferta del producto tur\u00edstico; que atrae a muchos visitantes, y a los propios vecinos que disfrutan del espacio y las actividades\u201d.<\/p>\n<p class=\"rtejustify\">En relaci\u00f3n a la traves\u00eda, destac\u00f3 el \u201ccontexto diferente\u201d en este a\u00f1o, en clara alusi\u00f3n a la Ley Isoro. \u201cSurcar el agua del riacho para llegar a una reserva provincial potenciar\u00e1 el crecimiento de esta aventura, por eso apoyamos la organizaci\u00f3n y que todos se sientan c\u00f3modos y contenidos en la participaci\u00f3n\u201d, dese\u00f3.<\/p>\n<p class=\"rtejustify\">\u201cFelicito al equipo de Pedro, a las firmas comerciales, empresas que auspician y sostienen esta clase de productos, y a todo el equipo municipal. Felicitaciones y gracias a todos por participar\u201d, insisti\u00f3.<\/p>\n<p class=\"rtejustify\">\n<p class=\"rtejustify\"><strong>GASTON GIQUEAUX<\/strong><\/p>\n<p class=\"rtejustify\">\n<p class=\"rtejustify\">\u201cEs una oportunidad para todos los sectores\u201d, indic\u00f3 Giqueaux.<\/p>\n<p class=\"rtejustify\">El arribo de la traves\u00eda est\u00e1 fijado en la Estancia el Cerrito. En tal sentido, el responsable del establecimiento rural Gast\u00f3n Giqueaux, consider\u00f3: \u201cEsta reserva provincial no tiene nada que envidiar a ning\u00fan otro sitio similar. En el contacto con personas que visitan nuestros campos quedan sorprendidos de lo que es el Isoro. Incluso han recorrido el Iber\u00e1 y en sus calificaciones ponen que es un lugar maravilloso\u201d.<\/p>\n<p class=\"rtejustify\">\u201cCon la reserva, ser\u00e1 una opci\u00f3n para los pobladores de la zona del Bajo, no solo a los que nos dedicamos a la producci\u00f3n, sino tambi\u00e9n los propio lugare\u00f1os. En una reuni\u00f3n con el personal de Parques Provinciales explicaban c\u00f3mo el Iber\u00e1 gener\u00f3 oportunidades y fuentes de trabajo a prestadores, a pobladores de la zona. De all\u00ed el convencimiento que esta reserva a futuro ser\u00e1 propicia para el crecimiento y dar oportunidades a muchas familias. As\u00ed como tenemos la FNS, esta es otra alternativa. Por eso felicito la apuesta a este evento, a Pedro (Sa), al intendente, al municipio, es el camino para se\u00f1alar a Goya hacia afuera, para que visiten. Uno que proviene de otro lugar observa el crecimiento de la ciudad; estamos a disposici\u00f3n en el Cerrito con mi familia, deseando que estos encuentros sigan desarroll\u00e1ndose porque son posibilidades para todos los sectores de la ciudad\u201d.<\/p>\n<p class=\"rtejustify\">Durante la presentaci\u00f3n anticiparon que a la fecha est\u00e1n preinscritos 90 equipos, algunos de uno, dos y tres tripulantes, se\u00f1alando que en las redes se pueden buscar mayor informaci\u00f3n.<\/p>\n","protected":false},"excerpt":{"rendered":"<p>Por medio de una conferencia de prensa realizada en Playa El Inga, en el Deck de ese espacio p\u00fablico se present\u00f3 la 7\u00aa Edici\u00f3n de esta experiencia calificada como \u201cUna Aventura Amigable con el R\u00edo\u201d. La presentaci\u00f3n de este evento a desarrollarse el pr\u00f3ximo 11 de febrero sirvi\u00f3 para poner en valor el Isoro, con [&hellip;]<\/p>\n","protected":false},"author":2,"featured_media":20442,"comment_status":"closed","ping_status":"closed","sticky":false,"template":"","format":"standard","meta":{"footnotes":""},"categories":[56],"tags":[],"class_list":{"0":"post-20441","1":"post","2":"type-post","3":"status-publish","4":"format-standard","5":"has-post-thumbnail","7":"category-locales"},"_links":{"self":[{"href":"https:\/\/radiobitacora.com.ar\/web\/wp-json\/wp\/v2\/posts\/20441","targetHints":{"allow":["GET"]}}],"collection":[{"href":"https:\/\/radiobitacora.com.ar\/web\/wp-json\/wp\/v2\/posts"}],"about":[{"href":"https:\/\/radiobitacora.com.ar\/web\/wp-json\/wp\/v2\/types\/post"}],"author":[{"embeddable":true,"href":"https:\/\/radiobitacora.com.ar\/web\/wp-json\/wp\/v2\/users\/2"}],"replies":[{"embeddable":true,"href":"https:\/\/radiobitacora.com.ar\/web\/wp-json\/wp\/v2\/comments?post=20441"}],"version-history":[{"count":0,"href":"https:\/\/radiobitacora.com.ar\/web\/wp-json\/wp\/v2\/posts\/20441\/revisions"}],"wp:featuredmedia":[{"embeddable":true,"href":"https:\/\/radiobitacora.com.ar\/web\/wp-json\/wp\/v2\/media\/20442"}],"wp:attachment":[{"href":"https:\/\/radiobitacora.com.ar\/web\/wp-json\/wp\/v2\/media?parent=20441"}],"wp:term":[{"taxonomy":"category","embeddable":true,"href":"https:\/\/radiobitacora.com.ar\/web\/wp-json\/wp\/v2\/categories?post=20441"},{"taxonomy":"post_tag","embeddable":true,"href":"https:\/\/radiobitacora.com.ar\/web\/wp-json\/wp\/v2\/tags?post=20441"}],"curies":[{"name":"wp","href":"https:\/\/api.w.org\/{rel}","templated":true}]}}