{"id":20447,"date":"2024-02-01T08:43:37","date_gmt":"2024-02-01T11:43:37","guid":{"rendered":"https:\/\/radiobitacora.com.ar\/web\/?p=20447"},"modified":"2024-02-01T08:43:37","modified_gmt":"2024-02-01T11:43:37","slug":"aseguran-que-la-superficie-cubierta-con-agua-en-corrientes-se-mantiene-estable","status":"publish","type":"post","link":"https:\/\/radiobitacora.com.ar\/web\/2024\/02\/01\/aseguran-que-la-superficie-cubierta-con-agua-en-corrientes-se-mantiene-estable\/","title":{"rendered":"Aseguran que la superficie cubierta con agua en Corrientes se mantiene estable"},"content":{"rendered":"<p>Desde el INTA (Instituto Nacional de Tecnolog\u00eda Agropecuaria)\u00a0aseguran mediante un estudio\u00a0que la\u00a0superficie total cubierta con agua en la provincia de Corrientes se mantiene relativamente estable.<\/p>\n<p>El estudio mostr\u00f3 que en diciembre de 2023 se hab\u00edan detectado 1.426.939 hect\u00e1reas (16%), mientras que, en enero de 2024, de registraron 1.418.521 hect\u00e1reas (15,9%). Se mantiene la superficie total cubierta con agua, pero cambiaron las \u00e1reas donde se ha registrado la expansi\u00f3n h\u00eddrica.<\/p>\n<p>A pesar de las abundantes lluvias, su distribuci\u00f3n fue irregular, algunos sectores, como el centro y el suroeste recibieron m\u00e1s precipitaciones que el resto de la provincia (sobre todo en el norte, donde las lluvias fueron m\u00e1s bajas o similares a los valores promedios para la \u00e9poca del a\u00f1o), explicaron desde el Instituto Nacional.<\/p>\n<p>&nbsp;<\/p>\n<div class=\"fixed-container f_height\"><img decoding=\"async\" class=\"i-amphtml-fill-content i-amphtml-replaced-content\" src=\"https:\/\/pxc.cdn.ellitoral.com.ar\/litoral\/012024\/1706704747997.webp?cw=1200&amp;ch=833&amp;extw=jpg\" alt=\"Aseguran que la superficie cubierta con agua en Corrientes se mantiene estable\" \/><\/div>\n<p>&nbsp;<\/p>\n<div class=\"container_publi\" data-tipo=\"tipo_desktop \" data-pos=\"AMP_P1_cuerpo\">\n<div class=\"gpt-load\" data-gpt=\"\/22675780113\/nota\/AMP_cuerpo_x\" data-size=\"[750,300]\"><\/div>\n<\/div>\n<p>Por otro lado, se ha detectado el retroceso de la superficie ocupada por los r\u00edos Paran\u00e1 y Uruguay.<\/p>\n<p>En contraste con el \u00e1rea ocupada por los grandes r\u00edos que rodean a la provincia, en el interior de la provincia la superficie cubierta con agua experiment\u00f3 un ligero aumento, pasando de 1.140.167 hect\u00e1reas en diciembre a 1.208.359 hect\u00e1reas en enero de 2024 (Tabla 1).<\/p>\n<p>&nbsp;<\/p>\n<div class=\"fixed-container f_height\"><img decoding=\"async\" class=\"i-amphtml-fill-content i-amphtml-replaced-content\" src=\"https:\/\/pxc.cdn.ellitoral.com.ar\/litoral\/012024\/1706705000734.webp?cw=621&amp;ch=165&amp;extw=jpg\" alt=\"Aseguran que la superficie cubierta con agua en Corrientes se mantiene estable\" \/><\/div>\n<p>&nbsp;<\/p>\n<p>Es decir que, si bien se mantiene la superficie total cubierta con agua, cambiaron las \u00e1reas donde se ha registrado la superficie cubierta con agua superficial.<\/p>\n","protected":false},"excerpt":{"rendered":"<p>Desde el INTA (Instituto Nacional de Tecnolog\u00eda Agropecuaria)\u00a0aseguran mediante un estudio\u00a0que la\u00a0superficie total cubierta con agua en la provincia de Corrientes se mantiene relativamente estable. El estudio mostr\u00f3 que en diciembre de 2023 se hab\u00edan detectado 1.426.939 hect\u00e1reas (16%), mientras que, en enero de 2024, de registraron 1.418.521 hect\u00e1reas (15,9%). Se mantiene la superficie total [&hellip;]<\/p>\n","protected":false},"author":2,"featured_media":20448,"comment_status":"closed","ping_status":"closed","sticky":false,"template":"","format":"standard","meta":{"footnotes":""},"categories":[72],"tags":[],"class_list":{"0":"post-20447","1":"post","2":"type-post","3":"status-publish","4":"format-standard","5":"has-post-thumbnail","7":"category-provinciales"},"_links":{"self":[{"href":"https:\/\/radiobitacora.com.ar\/web\/wp-json\/wp\/v2\/posts\/20447","targetHints":{"allow":["GET"]}}],"collection":[{"href":"https:\/\/radiobitacora.com.ar\/web\/wp-json\/wp\/v2\/posts"}],"about":[{"href":"https:\/\/radiobitacora.com.ar\/web\/wp-json\/wp\/v2\/types\/post"}],"author":[{"embeddable":true,"href":"https:\/\/radiobitacora.com.ar\/web\/wp-json\/wp\/v2\/users\/2"}],"replies":[{"embeddable":true,"href":"https:\/\/radiobitacora.com.ar\/web\/wp-json\/wp\/v2\/comments?post=20447"}],"version-history":[{"count":0,"href":"https:\/\/radiobitacora.com.ar\/web\/wp-json\/wp\/v2\/posts\/20447\/revisions"}],"wp:featuredmedia":[{"embeddable":true,"href":"https:\/\/radiobitacora.com.ar\/web\/wp-json\/wp\/v2\/media\/20448"}],"wp:attachment":[{"href":"https:\/\/radiobitacora.com.ar\/web\/wp-json\/wp\/v2\/media?parent=20447"}],"wp:term":[{"taxonomy":"category","embeddable":true,"href":"https:\/\/radiobitacora.com.ar\/web\/wp-json\/wp\/v2\/categories?post=20447"},{"taxonomy":"post_tag","embeddable":true,"href":"https:\/\/radiobitacora.com.ar\/web\/wp-json\/wp\/v2\/tags?post=20447"}],"curies":[{"name":"wp","href":"https:\/\/api.w.org\/{rel}","templated":true}]}}