{"id":20450,"date":"2024-02-01T08:48:56","date_gmt":"2024-02-01T11:48:56","guid":{"rendered":"https:\/\/radiobitacora.com.ar\/web\/?p=20450"},"modified":"2024-02-01T08:48:56","modified_gmt":"2024-02-01T11:48:56","slug":"incidentes-frente-al-congreso-organizaciones-cortaron-el-transito-y-gendarmeria-activo-el-protocolo","status":"publish","type":"post","link":"https:\/\/radiobitacora.com.ar\/web\/2024\/02\/01\/incidentes-frente-al-congreso-organizaciones-cortaron-el-transito-y-gendarmeria-activo-el-protocolo\/","title":{"rendered":"Incidentes frente al Congreso: organizaciones cortaron el tr\u00e1nsito y Gendarmer\u00eda activ\u00f3 el protocolo"},"content":{"rendered":"<p>La Gendarmer\u00eda Nacional y los manifestantes que se reunieron frente al Congreso de la Naci\u00f3n para protestar contra la Ley \u00d3mnibus vivieron momentos de tensi\u00f3n cuando las fuerzas de seguridad intentaron hacer cumplir el protocolo antipiquetes.<\/p>\n<p>&nbsp;<\/p>\n<p>En medio de una jornada de tensi\u00f3n frente al parlamento, donde la C\u00e1mara de Diputados se encuentra debatiendo el proyecto que impulsa el oficialismo, pasadas las 17, manifestantes del Partido Obrero, el PTS, el MST y el Frente de Izquierda bajaron de la plaza y ocuparon algunos carriles de la Av. Entre R\u00edos y de Av. Rivadavia.<\/p>\n<p>&nbsp;<\/p>\n<p>En respuesta, sectores de infanter\u00eda de la Polic\u00eda Federal y Gendarmer\u00eda formaron una fila para impedir que se cortara el tr\u00e1nsito, que estuvo detenido unos minutos mientras las fuerzas de seguridad avanzaban sobre las agrupaciones sociales que protestaban.<\/p>\n<div class=\" large m_image\">\n<figure><picture><source srcset=\"https:\/\/www.diarioepoca.com\/content\/bucket\/3\/1345093w762h429c.jpg.webp\" type=\"image\/webp\" media=\"(min-width: 640px)\" \/><source srcset=\"https:\/\/www.diarioepoca.com\/content\/bucket\/3\/1345093w440h248c.jpg.webp\" type=\"image\/webp\" media=\"(min-width: 300px)\" \/><source srcset=\"https:\/\/www.diarioepoca.com\/content\/bucket\/3\/1345093w762h429c.jpg\" media=\"(min-width: 300px)\" \/><img loading=\"lazy\" decoding=\"async\" class=\"pic\" src=\"https:\/\/www.diarioepoca.com\/content\/bucket\/3\/1345093w762h429c.jpg.webp\" alt=\"\" width=\"762\" height=\"429\" \/><\/picture><\/figure>\n<\/div>\n<p>&nbsp;<\/p>\n<p>Cerca de las 18 se logr\u00f3 liberar un carril de la Av. Rivadavia, pero luego el transito volvi\u00f3 a interrumpirse.<\/p>\n<p>&nbsp;<\/p>\n<p>Luego, la polic\u00eda arroj\u00f3 gas pimienta sobre los manifestantes, lo que increment\u00f3 la tensi\u00f3n en el lugar. Dentro del grupo de personas que protestaban se encontraba la legisladora del Frente de Izquierda, Celeste Fierro.<\/p>\n<p>&nbsp;<\/p>\n<p>M\u00e1s tarde, arrib\u00f3 al lugar una columna de Prefectura Naval Argentina equipados con escudos y cascos, lo que aument\u00f3 el nerviosismo entre las fuerzas del orden y los manifestantes.<\/p>\n<p>&nbsp;<\/p>\n<p>La concentraci\u00f3n en el Congreso comenz\u00f3 en horas del medio d\u00eda y est\u00e1 anunciada una posterior &#8220;vigilia de necesidad y urgencia&#8221; en rechazo a la Ley \u00d3mnibus.<\/p>\n<p>&nbsp;<\/p>\n<p>El Ministerio de Seguridad a cargo de Patricia Bullrich hab\u00eda ultimado detalles para la activaci\u00f3n del protocolo antipiquetes y el despliegue de un megaoperativo de seguridad para intentar mantener el control de la movilizaci\u00f3n convocada por la izquierda.<\/p>\n<div class=\" large m_image\">\n<figure><picture><source srcset=\"https:\/\/www.diarioepoca.com\/content\/bucket\/4\/1345094w762h429c.jpg.webp\" type=\"image\/webp\" media=\"(min-width: 640px)\" \/><source srcset=\"https:\/\/www.diarioepoca.com\/content\/bucket\/4\/1345094w440h248c.jpg.webp\" type=\"image\/webp\" media=\"(min-width: 300px)\" \/><source srcset=\"https:\/\/www.diarioepoca.com\/content\/bucket\/4\/1345094w762h429c.jpg\" media=\"(min-width: 300px)\" \/><img loading=\"lazy\" decoding=\"async\" class=\"pic\" src=\"https:\/\/www.diarioepoca.com\/content\/bucket\/4\/1345094w762h429c.jpg.webp\" alt=\"\" width=\"762\" height=\"429\" \/><\/picture><\/figure>\n<\/div>\n<p>&nbsp;<\/p>\n<p>Decenas de efectivos de las distintas fuerzas de seguridad permanecen apostados en las inmediaciones del Congreso para evitar desmadres en la protesta.<\/p>\n<p>&nbsp;<\/p>\n<p>Carros hidrantes, numerosos agentes de la Gendarmer\u00eda y la Polic\u00eda Federal rodean el per\u00edmetro que contempla los accesos al Parlamento en lo que configura un megaoperativo, delimitado por vallas que separan a los manifestantes del Parlamento.<\/p>\n","protected":false},"excerpt":{"rendered":"<p>La Gendarmer\u00eda Nacional y los manifestantes que se reunieron frente al Congreso de la Naci\u00f3n para protestar contra la Ley \u00d3mnibus vivieron momentos de tensi\u00f3n cuando las fuerzas de seguridad intentaron hacer cumplir el protocolo antipiquetes. &nbsp; En medio de una jornada de tensi\u00f3n frente al parlamento, donde la C\u00e1mara de Diputados se encuentra debatiendo [&hellip;]<\/p>\n","protected":false},"author":2,"featured_media":20451,"comment_status":"closed","ping_status":"closed","sticky":false,"template":"","format":"standard","meta":{"footnotes":""},"categories":[79],"tags":[],"class_list":{"0":"post-20450","1":"post","2":"type-post","3":"status-publish","4":"format-standard","5":"has-post-thumbnail","7":"category-politica"},"_links":{"self":[{"href":"https:\/\/radiobitacora.com.ar\/web\/wp-json\/wp\/v2\/posts\/20450","targetHints":{"allow":["GET"]}}],"collection":[{"href":"https:\/\/radiobitacora.com.ar\/web\/wp-json\/wp\/v2\/posts"}],"about":[{"href":"https:\/\/radiobitacora.com.ar\/web\/wp-json\/wp\/v2\/types\/post"}],"author":[{"embeddable":true,"href":"https:\/\/radiobitacora.com.ar\/web\/wp-json\/wp\/v2\/users\/2"}],"replies":[{"embeddable":true,"href":"https:\/\/radiobitacora.com.ar\/web\/wp-json\/wp\/v2\/comments?post=20450"}],"version-history":[{"count":0,"href":"https:\/\/radiobitacora.com.ar\/web\/wp-json\/wp\/v2\/posts\/20450\/revisions"}],"wp:featuredmedia":[{"embeddable":true,"href":"https:\/\/radiobitacora.com.ar\/web\/wp-json\/wp\/v2\/media\/20451"}],"wp:attachment":[{"href":"https:\/\/radiobitacora.com.ar\/web\/wp-json\/wp\/v2\/media?parent=20450"}],"wp:term":[{"taxonomy":"category","embeddable":true,"href":"https:\/\/radiobitacora.com.ar\/web\/wp-json\/wp\/v2\/categories?post=20450"},{"taxonomy":"post_tag","embeddable":true,"href":"https:\/\/radiobitacora.com.ar\/web\/wp-json\/wp\/v2\/tags?post=20450"}],"curies":[{"name":"wp","href":"https:\/\/api.w.org\/{rel}","templated":true}]}}