{"id":20481,"date":"2024-02-02T08:44:46","date_gmt":"2024-02-02T11:44:46","guid":{"rendered":"https:\/\/radiobitacora.com.ar\/web\/?p=20481"},"modified":"2024-02-02T08:44:46","modified_gmt":"2024-02-02T11:44:46","slug":"en-buenos-aires-el-gobernador-valdes-coincidio-con-la-rural-sobre-el-apoyo-estatal-al-sector","status":"publish","type":"post","link":"https:\/\/radiobitacora.com.ar\/web\/2024\/02\/02\/en-buenos-aires-el-gobernador-valdes-coincidio-con-la-rural-sobre-el-apoyo-estatal-al-sector\/","title":{"rendered":"EN BUENOS AIRES, EL GOBERNADOR VALD\u00c9S COINCIDI\u00d3 CON LA RURAL SOBRE EL APOYO ESTATAL AL SECTOR"},"content":{"rendered":"<h3><strong>El gobernador Gustavo Vald\u00e9s mantuvo este mi\u00e9rcoles en Buenos Aires, una reuni\u00f3n de trabajo con la Sociedad Rural Argentina, encabezada por su presidente, Nicol\u00e1s Pino. En la ocasi\u00f3n, abordaron la actualidad agr\u00edcola, ganadera y forestal de Corrientes, as\u00ed como las pol\u00edticas p\u00fablicas sectoriales impulsadas por el Gobierno provincial.\u00a0<\/strong><\/h3>\n<p>Tambi\u00e9n intercambiaron visiones e ideas sobre la situaci\u00f3n social, productiva e industrial del pa\u00eds. En este marco, Vald\u00e9s afirm\u00f3 \u201ccoincidir en que el campo, como pilar econ\u00f3mico argentino, debe ser estimulado desde el Estado para que produzca m\u00e1s, mejor e impulse el desarrollo\u201d.<\/p>\n","protected":false},"excerpt":{"rendered":"<p>El gobernador Gustavo Vald\u00e9s mantuvo este mi\u00e9rcoles en Buenos Aires, una reuni\u00f3n de trabajo con la Sociedad Rural Argentina, encabezada por su presidente, Nicol\u00e1s Pino. En la ocasi\u00f3n, abordaron la actualidad agr\u00edcola, ganadera y forestal de Corrientes, as\u00ed como las pol\u00edticas p\u00fablicas sectoriales impulsadas por el Gobierno provincial.\u00a0 Tambi\u00e9n intercambiaron visiones e ideas sobre la [&hellip;]<\/p>\n","protected":false},"author":2,"featured_media":20482,"comment_status":"closed","ping_status":"closed","sticky":false,"template":"","format":"standard","meta":{"footnotes":""},"categories":[79],"tags":[],"class_list":{"0":"post-20481","1":"post","2":"type-post","3":"status-publish","4":"format-standard","5":"has-post-thumbnail","7":"category-politica"},"_links":{"self":[{"href":"https:\/\/radiobitacora.com.ar\/web\/wp-json\/wp\/v2\/posts\/20481","targetHints":{"allow":["GET"]}}],"collection":[{"href":"https:\/\/radiobitacora.com.ar\/web\/wp-json\/wp\/v2\/posts"}],"about":[{"href":"https:\/\/radiobitacora.com.ar\/web\/wp-json\/wp\/v2\/types\/post"}],"author":[{"embeddable":true,"href":"https:\/\/radiobitacora.com.ar\/web\/wp-json\/wp\/v2\/users\/2"}],"replies":[{"embeddable":true,"href":"https:\/\/radiobitacora.com.ar\/web\/wp-json\/wp\/v2\/comments?post=20481"}],"version-history":[{"count":0,"href":"https:\/\/radiobitacora.com.ar\/web\/wp-json\/wp\/v2\/posts\/20481\/revisions"}],"wp:featuredmedia":[{"embeddable":true,"href":"https:\/\/radiobitacora.com.ar\/web\/wp-json\/wp\/v2\/media\/20482"}],"wp:attachment":[{"href":"https:\/\/radiobitacora.com.ar\/web\/wp-json\/wp\/v2\/media?parent=20481"}],"wp:term":[{"taxonomy":"category","embeddable":true,"href":"https:\/\/radiobitacora.com.ar\/web\/wp-json\/wp\/v2\/categories?post=20481"},{"taxonomy":"post_tag","embeddable":true,"href":"https:\/\/radiobitacora.com.ar\/web\/wp-json\/wp\/v2\/tags?post=20481"}],"curies":[{"name":"wp","href":"https:\/\/api.w.org\/{rel}","templated":true}]}}