{"id":20490,"date":"2024-02-02T09:08:35","date_gmt":"2024-02-02T12:08:35","guid":{"rendered":"https:\/\/radiobitacora.com.ar\/web\/?p=20490"},"modified":"2024-02-02T09:08:35","modified_gmt":"2024-02-02T12:08:35","slug":"tras-un-nuevo-cuarto-intermedio-en-diputados-el-gobierno-continua-con-las-negociaciones-para-destrabar-la-ley-omnibus","status":"publish","type":"post","link":"https:\/\/radiobitacora.com.ar\/web\/2024\/02\/02\/tras-un-nuevo-cuarto-intermedio-en-diputados-el-gobierno-continua-con-las-negociaciones-para-destrabar-la-ley-omnibus\/","title":{"rendered":"Tras un nuevo cuarto intermedio en Diputados, el Gobierno contin\u00faa con las negociaciones para destrabar la Ley \u00d3mnibus"},"content":{"rendered":"<p class=\"paragraph\" data-mrf-recirculation=\"Links inline\">La segunda jornada de debate de la\u00a0<b>Ley \u00d3mnibus\u00a0<\/b>termin\u00f3 -nuevamente- en un\u00a0<b>cuarto intermedio<\/b>\u00a0sin definiciones. Pasada la medianoche, el oficialista Oscar Zago propuso interrumpir el debate hasta las<b>\u00a010 de la ma\u00f1ana<\/b>,<b>\u00a0<\/b>mientras contin\u00faan negociando los art\u00edculos clave sobre los que a\u00fan no hay acuerdo, como la<b> potestad de tomar y reestructurar deuda, las privatizaciones y los cambios en seguridad.<\/b><\/p>\n<p class=\"paragraph\" data-mrf-recirculation=\"Links inline\">A pesar de las \u00faltimas modificaciones, todav\u00eda persisten las\u00a0<b>diferencias internas en los bloques dialoguistas<\/b>, que juegan un rol determinante para conformar una mayor\u00eda que avance con la media sanci\u00f3n. Dentro de la\u00a0<b>UCR<\/b>, un sector referenciado en Facundo Manes se muestra irreductible y rechaza darle al gobierno facultades delegadas y pretende que las privatizaciones se debatan \u201cley por ley\u201d en el Congreso.<\/p>\n<p class=\"paragraph\" data-mrf-recirculation=\"Links inline\">Por su parte,\u00a0<b>Hacemos Coalici\u00f3n Federal<\/b>\u00a0termin\u00f3 optando por dar libertad de acci\u00f3n a la hora de la votaci\u00f3n de los art\u00edculos en particular. Los dos diputados\u00a0<b>socialistas\u00a0<\/b>y Natalia De la Sota quieren rechazar el proyecto en general y particularmente las privatizaciones. La\u00a0<b>Coalici\u00f3n C\u00edvica<\/b>\u00a0se muestra inflexible sobre las facultades delegadas, que su fuerza pol\u00edtica siempre rechaz\u00f3. Por \u00faltimo, los diputados de\u00a0<b>C\u00f3rdoba Federal<\/b>, que responden al gobernador Mart\u00edn Llaryora, siguen amenazando con restar apoyos si no se atiene a los reclamos de los mandatarios provinciales, a los que ayer el Gobierno prometi\u00f3 un nuevo pacto fiscal. \u201c<b>La coparticipaci\u00f3n del impuesto PAIS sigue sobrevolando en las discusiones<\/b>\u201d, explicaron a\u00a0<b>Infobae\u00a0<\/b>desde el radicalismo.<\/p>\n<div class=\"visual__image\"><img loading=\"lazy\" decoding=\"async\" class=\" lazyload\" src=\"https:\/\/www.infobae.com\/new-resizer\/OiI7zt8L9UItYFLmVTNsaSwVgsk=\/420x236\/filters:format(webp):quality(85)\/cloudfront-us-east-1.images.arcpublishing.com\/infobae\/666O7EGKFRAHPEIK36RHC3VKKY.JPG%20420w\" sizes=\"auto, (min-width: 1560px) 856px, (min-width: 1000px) calc(74.63vw - 293px), (min-width: 780px) calc(100vw - 376px), (min-width: 580px) calc(100vw - 32px), 100vw\" srcset=\"https:\/\/www.infobae.com\/new-resizer\/OiI7zt8L9UItYFLmVTNsaSwVgsk=\/420x236\/filters:format(webp):quality(85)\/cloudfront-us-east-1.images.arcpublishing.com\/infobae\/666O7EGKFRAHPEIK36RHC3VKKY.JPG 420w,https:\/\/www.infobae.com\/new-resizer\/RPswOhqDPMBltnI3kfK7_-0n_O8=\/768x432\/filters:format(webp):quality(85)\/cloudfront-us-east-1.images.arcpublishing.com\/infobae\/666O7EGKFRAHPEIK36RHC3VKKY.JPG 768w,https:\/\/www.infobae.com\/new-resizer\/uB5w8AGP_DQf_u3TLi0ApV1wlOw=\/992x558\/filters:format(webp):quality(85)\/cloudfront-us-east-1.images.arcpublishing.com\/infobae\/666O7EGKFRAHPEIK36RHC3VKKY.JPG 992w,https:\/\/www.infobae.com\/new-resizer\/yiYc3BTasuRqhhW9_FoRA7QW-K8=\/1200x675\/filters:format(webp):quality(85)\/cloudfront-us-east-1.images.arcpublishing.com\/infobae\/666O7EGKFRAHPEIK36RHC3VKKY.JPG 1200w,https:\/\/www.infobae.com\/new-resizer\/OXnMD_u484ZtJkIz_FmdRrLvXyQ=\/1440x810\/filters:format(webp):quality(85)\/cloudfront-us-east-1.images.arcpublishing.com\/infobae\/666O7EGKFRAHPEIK36RHC3VKKY.JPG 1440w\" alt=\"Diputados de Hacemos Coalici\u00f3n Federal (Gustavo Gavotti)\" width=\"1920\" height=\"1080\" data-src=\"https:\/\/www.infobae.com\/new-resizer\/OiI7zt8L9UItYFLmVTNsaSwVgsk=\/420x236\/filters:format(webp):quality(85)\/cloudfront-us-east-1.images.arcpublishing.com\/infobae\/666O7EGKFRAHPEIK36RHC3VKKY.JPG 420w\" \/>Diputados de Hacemos Coalici\u00f3n Federal (Gustavo Gavotti)<\/div>\n<p class=\"paragraph\" data-mrf-recirculation=\"Links inline\">La deuda se volvi\u00f3 un tema candente. El oficialismo decidi\u00f3 mantener la derogaci\u00f3n del art\u00edculo 1 de la Ley de Fortalecimiento de la sostenibilidad de la deuda p\u00fablica (N\u00b0 27.612), conocida como \u201c<b>Ley Guzm\u00e1n<\/b>\u201d, que pon\u00eda l\u00edmites a la toma de deuda en d\u00f3lares con legislaci\u00f3n extranjera. Sin acuerdo con el radicalismo y HCF, ese punto se encamina a ser rechazado ya que defienden la potestad del Congreso de controlar al Ejecutivo.<\/p>\n<p class=\"paragraph\" data-mrf-recirculation=\"Links inline\">Por la tarde, el presidente del Banco Central,\u00a0<b>Santiago Bausili<\/b>, y el secretario de Finanzas,\u00a0<b>Pablo Quirno<\/b>, se reunieron con representantes de los dialoguistas. Seg\u00fan pudo saber\u00a0<b>Infobae<\/b>, hubo avances sobre reestructuraci\u00f3n de la deuda. No as\u00ed sobre la potestad de tomar deuda en d\u00f3lares sin autorizaci\u00f3n del Congreso.<\/p>\n<div class=\"visual__image\"><img loading=\"lazy\" decoding=\"async\" class=\" lazyload\" src=\"https:\/\/www.infobae.com\/new-resizer\/a7QlRmi436RbrY8QhBgXk1NjjE4=\/420x236\/filters:format(webp):quality(85)\/cloudfront-us-east-1.images.arcpublishing.com\/infobae\/XNH7ENVQSRHG5IZ6MQGWZ63SQA.JPG%20420w\" sizes=\"auto, (min-width: 1560px) 856px, (min-width: 1000px) calc(74.63vw - 293px), (min-width: 780px) calc(100vw - 376px), (min-width: 580px) calc(100vw - 32px), 100vw\" srcset=\"https:\/\/www.infobae.com\/new-resizer\/a7QlRmi436RbrY8QhBgXk1NjjE4=\/420x236\/filters:format(webp):quality(85)\/cloudfront-us-east-1.images.arcpublishing.com\/infobae\/XNH7ENVQSRHG5IZ6MQGWZ63SQA.JPG 420w,https:\/\/www.infobae.com\/new-resizer\/8e1xrFZ_ZBDbkJLrHHlbgSE7TKs=\/768x432\/filters:format(webp):quality(85)\/cloudfront-us-east-1.images.arcpublishing.com\/infobae\/XNH7ENVQSRHG5IZ6MQGWZ63SQA.JPG 768w,https:\/\/www.infobae.com\/new-resizer\/KIdJxxMRzkKiGRTN2UQLrEBLdrI=\/992x558\/filters:format(webp):quality(85)\/cloudfront-us-east-1.images.arcpublishing.com\/infobae\/XNH7ENVQSRHG5IZ6MQGWZ63SQA.JPG 992w,https:\/\/www.infobae.com\/new-resizer\/YTfyTg6_vtY9eJ6TV6c33NHeZtc=\/1200x675\/filters:format(webp):quality(85)\/cloudfront-us-east-1.images.arcpublishing.com\/infobae\/XNH7ENVQSRHG5IZ6MQGWZ63SQA.JPG 1200w,https:\/\/www.infobae.com\/new-resizer\/cwIC9f89v5XpJfj2NaTi70IRBSM=\/1440x810\/filters:format(webp):quality(85)\/cloudfront-us-east-1.images.arcpublishing.com\/infobae\/XNH7ENVQSRHG5IZ6MQGWZ63SQA.JPG 1440w\" alt=\"Guillermo Francos y Karina Milei (Gustavo Gavotti)\" width=\"1920\" height=\"1080\" data-src=\"https:\/\/www.infobae.com\/new-resizer\/a7QlRmi436RbrY8QhBgXk1NjjE4=\/420x236\/filters:format(webp):quality(85)\/cloudfront-us-east-1.images.arcpublishing.com\/infobae\/XNH7ENVQSRHG5IZ6MQGWZ63SQA.JPG 420w\" \/>Guillermo Francos y Karina Milei (Gustavo Gavotti)<\/div>\n<p class=\"paragraph\" data-mrf-recirculation=\"Links inline\"><b>\u201cNunca vi tanta predisposici\u00f3n para ayudar a un Gobierno.<\/b>\u00a0La forma en la que se manejan es un disparate. Le estamos dando cr\u00e9dito y ellos lo est\u00e1n erosionando. Y encima nos destratan\u201d. La definici\u00f3n de un influyente legislador de la oposici\u00f3n dialoguista es un fiel retrato de lo que fue la jornada de ayer en la C\u00e1mara de Diputados.\u00a0<b>Enojos, reproches, negociaciones y cuestionamientos.<\/b>\u00a0Sorpresas y acusaciones de impericia. Todas provenientes del sector de la oposici\u00f3n que quiere colaborar con el Gobierno.<\/p>\n<p class=\"paragraph\" data-mrf-recirculation=\"Links inline\">Fue un d\u00eda de furia de las puertas hacia fuera del Congreso, con manifestaciones de los sectores de izquierda reprimidas por la Polic\u00eda, que aplic\u00f3 el\u00a0<b>protocolo antipiquetes<\/b>\u00a0de la ministra de Seguridad, Patricia Bullrich, pero tambi\u00e9n de tensi\u00f3n adentro de la C\u00e1mara de Diputados. En el recinto, donde los legisladores de Uni\u00f3n por la Patria y la izquierda pidieron un cuarto intermedio que no fue concedido.<\/p>\n<p class=\"paragraph\" data-mrf-recirculation=\"Links inline\">En el oficialismo sintieron durante todo el d\u00eda que<b>\u00a0la vocaci\u00f3n de la oposici\u00f3n m\u00e1s dura fue trabar y alargar el debate parlamentario<\/b>\u00a0para estirar la votaci\u00f3n. \u201cSolo quieren retrasar la sesi\u00f3n\u201d, se quej\u00f3 un diputado libertario. Lo cierto es que las quejas hacia el oficialismo llegaron desde todo el arco opositor. Las m\u00e1s destacadas provenientes de los bloques de Hacemos Coalici\u00f3n Federal, UCR e Innovaci\u00f3n Federal, claves en la negociaci\u00f3n parlamentaria.<\/p>\n<div class=\"visual__image\"><img loading=\"lazy\" decoding=\"async\" class=\" lazyload\" src=\"https:\/\/www.infobae.com\/new-resizer\/jCiutbhkb89hZDYBIU91vIY6Rb8=\/420x236\/filters:format(webp):quality(85)\/cloudfront-us-east-1.images.arcpublishing.com\/infobae\/KUHA5TQOSRBE5EZHVG47N6XYRQ.JPG%20420w\" sizes=\"auto, (min-width: 1560px) 856px, (min-width: 1000px) calc(74.63vw - 293px), (min-width: 780px) calc(100vw - 376px), (min-width: 580px) calc(100vw - 32px), 100vw\" srcset=\"https:\/\/www.infobae.com\/new-resizer\/jCiutbhkb89hZDYBIU91vIY6Rb8=\/420x236\/filters:format(webp):quality(85)\/cloudfront-us-east-1.images.arcpublishing.com\/infobae\/KUHA5TQOSRBE5EZHVG47N6XYRQ.JPG 420w,https:\/\/www.infobae.com\/new-resizer\/37M5ErCXPGCE-wb7_AeAWd72D2c=\/768x432\/filters:format(webp):quality(85)\/cloudfront-us-east-1.images.arcpublishing.com\/infobae\/KUHA5TQOSRBE5EZHVG47N6XYRQ.JPG 768w,https:\/\/www.infobae.com\/new-resizer\/e5HkXQOGZMZqYshHPdOWqpce9EE=\/992x558\/filters:format(webp):quality(85)\/cloudfront-us-east-1.images.arcpublishing.com\/infobae\/KUHA5TQOSRBE5EZHVG47N6XYRQ.JPG 992w,https:\/\/www.infobae.com\/new-resizer\/shInhlBQNTfvKvVCv-HkdSDIwxU=\/1200x675\/filters:format(webp):quality(85)\/cloudfront-us-east-1.images.arcpublishing.com\/infobae\/KUHA5TQOSRBE5EZHVG47N6XYRQ.JPG 1200w,https:\/\/www.infobae.com\/new-resizer\/evQduCRaADo9fB6hAxfe8jQcAe0=\/1440x810\/filters:format(webp):quality(85)\/cloudfront-us-east-1.images.arcpublishing.com\/infobae\/KUHA5TQOSRBE5EZHVG47N6XYRQ.JPG 1440w\" alt=\"Miguel Pichetto, Florencio Randazzo e Ignacio Garc\u00eda Aresca, integrantes del Bloque Hacemos Coalici\u00f3n Federal (Gustavo Gavotti)\" width=\"1920\" height=\"1080\" data-src=\"https:\/\/www.infobae.com\/new-resizer\/jCiutbhkb89hZDYBIU91vIY6Rb8=\/420x236\/filters:format(webp):quality(85)\/cloudfront-us-east-1.images.arcpublishing.com\/infobae\/KUHA5TQOSRBE5EZHVG47N6XYRQ.JPG 420w\" \/>Miguel Pichetto, Florencio Randazzo e Ignacio Garc\u00eda Aresca, integrantes del Bloque Hacemos Coalici\u00f3n Federal (Gustavo Gavotti)<\/div>\n<p class=\"paragraph\" data-mrf-recirculation=\"Links inline\">A lo largo de la tarde hubo distintas reuniones. El vicejefe de Gabinete,\u00a0<b>Jos\u00e9 Rolandi<\/b>, estuvo con diputados del PRO, la secretaria presidencial,\u00a0<b>Karina Milei\u00a0<\/b>y el vocero\u00a0<b>Manuel Adorni,<\/b>\u00a0se reunieron con el presidente de la C\u00e1mara de Diputados,\u00a0<b>Martin Menem<\/b>, para bajar la l\u00ednea final de las negociaciones y conocer el estado de situaci\u00f3n. En el recinto hubo encuentros entre los referentes de los bloques para poder avanzar en la votaci\u00f3n general. Emilio Monz\u00f3, Cristian Ritondo, Juan Manuel L\u00f3pez y Mar\u00eda Eugenia Vidal, por un lado. Menem, Miguel Pichetto y Oscar Zago en otro sector.\u00a0<b>Rosca pol\u00edtica a pleno.<\/b><\/p>\n<p class=\"paragraph\" data-mrf-recirculation=\"Links inline\"><b>A las 19 lleg\u00f3 al tel\u00e9fono de los legisladores de la oposici\u00f3n dialoguista un borrador del proyecto de ley con parte de las modificaciones exigidas<\/b>. Cambios sustanciales en el cap\u00edtulo de privatizaciones de empresas del Estado, uno de los puntos m\u00e1s candentes en las negociaciones cruzadas que sobrevuelan la sesi\u00f3n en forma permanente. Dos realidades que conviven. La que tiene lugar en el recinto y la que se efectiviza en los despachos y pasillos del Congreso. Las exposiciones y el toma y daca de la pol\u00edtica tradicional que Javier Milei tanto aborrece, pero en el que ha tenido que caer para sacar la ley.<\/p>\n<p class=\"paragraph\" data-mrf-recirculation=\"Links inline\">La propuesta inicial la acerc\u00f3 el diputado de Hacemos Coalici\u00f3n Federal, Nicol\u00e1s Massot, una de las espadas de la oposici\u00f3n dialoguista. La respuesta del Gobierno fue<b>\u00a0bajar de 36 a 27 las empresas para privatizar\u00a0<\/b>y acotar la delegaci\u00f3n de poderes. Se eliminaron<b>\u00a0la emergencia fiscal y previsional.<\/b><\/p>\n<div class=\"visual__image\"><img loading=\"lazy\" decoding=\"async\" class=\" lazyload\" src=\"https:\/\/www.infobae.com\/new-resizer\/StYqcPNnobI4J1Pqv6017rBgI7o=\/420x236\/filters:format(webp):quality(85)\/cloudfront-us-east-1.images.arcpublishing.com\/infobae\/FLZP6YY5MRAIVORAI3CUM245LU.JPG%20420w\" sizes=\"auto, (min-width: 1560px) 856px, (min-width: 1000px) calc(74.63vw - 293px), (min-width: 780px) calc(100vw - 376px), (min-width: 580px) calc(100vw - 32px), 100vw\" srcset=\"https:\/\/www.infobae.com\/new-resizer\/StYqcPNnobI4J1Pqv6017rBgI7o=\/420x236\/filters:format(webp):quality(85)\/cloudfront-us-east-1.images.arcpublishing.com\/infobae\/FLZP6YY5MRAIVORAI3CUM245LU.JPG 420w,https:\/\/www.infobae.com\/new-resizer\/QZ_wHqvTXb4eImITkp3_zW9yBxw=\/768x432\/filters:format(webp):quality(85)\/cloudfront-us-east-1.images.arcpublishing.com\/infobae\/FLZP6YY5MRAIVORAI3CUM245LU.JPG 768w,https:\/\/www.infobae.com\/new-resizer\/A3z6cgoOC8doKuN35t3WBwoK-cE=\/992x558\/filters:format(webp):quality(85)\/cloudfront-us-east-1.images.arcpublishing.com\/infobae\/FLZP6YY5MRAIVORAI3CUM245LU.JPG 992w,https:\/\/www.infobae.com\/new-resizer\/cUyw9r6HwBoYK-LgG3TgkxqGnto=\/1200x675\/filters:format(webp):quality(85)\/cloudfront-us-east-1.images.arcpublishing.com\/infobae\/FLZP6YY5MRAIVORAI3CUM245LU.JPG 1200w,https:\/\/www.infobae.com\/new-resizer\/7bUqOWZoESOZ3v8PUaQ7NsSEtaY=\/1440x810\/filters:format(webp):quality(85)\/cloudfront-us-east-1.images.arcpublishing.com\/infobae\/FLZP6YY5MRAIVORAI3CUM245LU.JPG 1440w\" alt=\"M\u00e1ximo Kirchner se quej\u00f3 por la decisi\u00f3n de no cortar la sesi\u00f3n con un cuarto intermedio debido a los incidentes en las afueras del Congreso (Gustavo Gavotti)\" width=\"1920\" height=\"1080\" data-src=\"https:\/\/www.infobae.com\/new-resizer\/StYqcPNnobI4J1Pqv6017rBgI7o=\/420x236\/filters:format(webp):quality(85)\/cloudfront-us-east-1.images.arcpublishing.com\/infobae\/FLZP6YY5MRAIVORAI3CUM245LU.JPG 420w\" \/>M\u00e1ximo Kirchner se quej\u00f3 por la decisi\u00f3n de no cortar la sesi\u00f3n con un cuarto intermedio debido a los incidentes en las afueras del Congreso (Gustavo Gavotti)<\/div>\n<p class=\"paragraph\" data-mrf-recirculation=\"Links inline\">De la lista de empresas privatizadas se quitaron Fabricaciones Militares, Banco de Inversi\u00f3n y Comercio Exterior (BICE), Dioxitek, F\u00e1brica Argentina de Aviones, Casa de Moneda, Radio Nacional de Universidad del Litoral, Servicio de Radio y Televisi\u00f3n de la Universidad de C\u00f3rdoba, Veh\u00edculo Espacial Nueva Generaci\u00f3n y Yacimiento Minero de Agua de Dionisio. Adem\u00e1s, el Banco Naci\u00f3n, Nucleoel\u00e9ctrica Argentina y ARSAT fueron habilitadas para privatizar parcialmente.<\/p>\n<p class=\"paragraph\" data-mrf-recirculation=\"Links inline\">Esa contrapropuesta fue determinante para\u00a0<b>reencausar las negociaciones<\/b>, bajar el nivel de tensi\u00f3n y conseguir el respaldo de la oposici\u00f3n dialoguista para dejar avanzadas las tratativas para que este viernes, cuando se reanude el debate, haya un consenso amplio que permitan que se aprueben los principales art\u00edculos de la ley.<\/p>\n<p class=\"paragraph\" data-mrf-recirculation=\"Links inline\">\u201cEl Gobierno dice una cosa a la ma\u00f1ana y otra a la tarde. Es muy dif\u00edcil negociar con ellos y se entorpece mucho el consenso. Es dif\u00edcil trabajar a este ritmo y cuando se tratan de corrupto. Aun as\u00ed, nosotros no vamos a condicionar las herramientas para gobernador\u201d, se quej\u00f3 una diputada radical durante la tarde.<\/p>\n<p class=\"paragraph\" data-mrf-recirculation=\"Links inline\">El debate continuar\u00e1 con m\u00e1s de 30 oradores y estiman que<b>\u00a0la votaci\u00f3n en general ser\u00e1 cerca de las 14<\/b>. En las filas de la oposici\u00f3n entienden que el Gobierno opt\u00f3 por postergar la votaci\u00f3n en general para continuar negociando y para no correr el riesgo de quedarse sin qu\u00f3rum para la votaci\u00f3n en particular. \u201c<b>A este ritmo vamos a terminar de votar los art\u00edculos el martes que viene<\/b>\u201d, brome\u00f3 un experimentado diputado radical mientras sal\u00eda del recinto.<\/p>\n","protected":false},"excerpt":{"rendered":"<p>La segunda jornada de debate de la\u00a0Ley \u00d3mnibus\u00a0termin\u00f3 -nuevamente- en un\u00a0cuarto intermedio\u00a0sin definiciones. Pasada la medianoche, el oficialista Oscar Zago propuso interrumpir el debate hasta las\u00a010 de la ma\u00f1ana,\u00a0mientras contin\u00faan negociando los art\u00edculos clave sobre los que a\u00fan no hay acuerdo, como la potestad de tomar y reestructurar deuda, las privatizaciones y los cambios en [&hellip;]<\/p>\n","protected":false},"author":2,"featured_media":20491,"comment_status":"closed","ping_status":"closed","sticky":false,"template":"","format":"standard","meta":{"footnotes":""},"categories":[79],"tags":[],"class_list":{"0":"post-20490","1":"post","2":"type-post","3":"status-publish","4":"format-standard","5":"has-post-thumbnail","7":"category-politica"},"_links":{"self":[{"href":"https:\/\/radiobitacora.com.ar\/web\/wp-json\/wp\/v2\/posts\/20490","targetHints":{"allow":["GET"]}}],"collection":[{"href":"https:\/\/radiobitacora.com.ar\/web\/wp-json\/wp\/v2\/posts"}],"about":[{"href":"https:\/\/radiobitacora.com.ar\/web\/wp-json\/wp\/v2\/types\/post"}],"author":[{"embeddable":true,"href":"https:\/\/radiobitacora.com.ar\/web\/wp-json\/wp\/v2\/users\/2"}],"replies":[{"embeddable":true,"href":"https:\/\/radiobitacora.com.ar\/web\/wp-json\/wp\/v2\/comments?post=20490"}],"version-history":[{"count":0,"href":"https:\/\/radiobitacora.com.ar\/web\/wp-json\/wp\/v2\/posts\/20490\/revisions"}],"wp:featuredmedia":[{"embeddable":true,"href":"https:\/\/radiobitacora.com.ar\/web\/wp-json\/wp\/v2\/media\/20491"}],"wp:attachment":[{"href":"https:\/\/radiobitacora.com.ar\/web\/wp-json\/wp\/v2\/media?parent=20490"}],"wp:term":[{"taxonomy":"category","embeddable":true,"href":"https:\/\/radiobitacora.com.ar\/web\/wp-json\/wp\/v2\/categories?post=20490"},{"taxonomy":"post_tag","embeddable":true,"href":"https:\/\/radiobitacora.com.ar\/web\/wp-json\/wp\/v2\/tags?post=20490"}],"curies":[{"name":"wp","href":"https:\/\/api.w.org\/{rel}","templated":true}]}}