{"id":20497,"date":"2024-02-05T08:18:01","date_gmt":"2024-02-05T11:18:01","guid":{"rendered":"https:\/\/radiobitacora.com.ar\/web\/?p=20497"},"modified":"2024-02-05T08:18:01","modified_gmt":"2024-02-05T11:18:01","slug":"el-ministerio-de-educacion-informa-modificaciones-a-la-fecha-de-inscripcion-para-alumnos-online-2024","status":"publish","type":"post","link":"https:\/\/radiobitacora.com.ar\/web\/2024\/02\/05\/el-ministerio-de-educacion-informa-modificaciones-a-la-fecha-de-inscripcion-para-alumnos-online-2024\/","title":{"rendered":"EL MINISTERIO DE EDUCACI\u00d3N INFORMA MODIFICACIONES A LA FECHA DE INSCRIPCI\u00d3N PARA ALUMNOS ONLINE 2024"},"content":{"rendered":"<h3><strong>El Ministerio de Educaci\u00f3n comunica que fue modificada la fecha de inscripciones online 2024 para los alumnos de los niveles inicial, primario y secundario, que no obtuvieron vacantes en el primer llamado. El per\u00edodo se extender\u00e1 del 7 al 11 de febrero (inclusive).<\/strong><\/h3>\n<div class=\"gmail_quote\">\n<p>El responsable\/tutor de los alumnos que no hayan obtenido una vacante deber\u00e1 acceder al sistema a trav\u00e9s del link\u00a0<a href=\"https:\/\/4ue34.r.sp1-brevo.net\/mk\/cl\/f\/sh\/6rqJfgq8dINmNpdFtRtdW3tpktm\/k-_v-l5iqCG2\" target=\"_blank\" rel=\"noopener\" data-saferedirecturl=\"https:\/\/www.google.com\/url?q=https:\/\/4ue34.r.sp1-brevo.net\/mk\/cl\/f\/sh\/6rqJfgq8dINmNpdFtRtdW3tpktm\/k-_v-l5iqCG2&amp;source=gmail&amp;ust=1706968946252000&amp;usg=AOvVaw2KfuNpPI4vEvOUkM3ypVDG\">inscripciones.mec.gob.ar<\/a>\u00a0<wbr \/>con usuario y contrase\u00f1a utilizados la \u00faltima vez.<\/p>\n<\/div>\n","protected":false},"excerpt":{"rendered":"<p>El Ministerio de Educaci\u00f3n comunica que fue modificada la fecha de inscripciones online 2024 para los alumnos de los niveles inicial, primario y secundario, que no obtuvieron vacantes en el primer llamado. El per\u00edodo se extender\u00e1 del 7 al 11 de febrero (inclusive). El responsable\/tutor de los alumnos que no hayan obtenido una vacante deber\u00e1 [&hellip;]<\/p>\n","protected":false},"author":2,"featured_media":20498,"comment_status":"closed","ping_status":"closed","sticky":false,"template":"","format":"standard","meta":{"footnotes":""},"categories":[86],"tags":[],"class_list":{"0":"post-20497","1":"post","2":"type-post","3":"status-publish","4":"format-standard","5":"has-post-thumbnail","7":"category-sociedad"},"_links":{"self":[{"href":"https:\/\/radiobitacora.com.ar\/web\/wp-json\/wp\/v2\/posts\/20497","targetHints":{"allow":["GET"]}}],"collection":[{"href":"https:\/\/radiobitacora.com.ar\/web\/wp-json\/wp\/v2\/posts"}],"about":[{"href":"https:\/\/radiobitacora.com.ar\/web\/wp-json\/wp\/v2\/types\/post"}],"author":[{"embeddable":true,"href":"https:\/\/radiobitacora.com.ar\/web\/wp-json\/wp\/v2\/users\/2"}],"replies":[{"embeddable":true,"href":"https:\/\/radiobitacora.com.ar\/web\/wp-json\/wp\/v2\/comments?post=20497"}],"version-history":[{"count":0,"href":"https:\/\/radiobitacora.com.ar\/web\/wp-json\/wp\/v2\/posts\/20497\/revisions"}],"wp:featuredmedia":[{"embeddable":true,"href":"https:\/\/radiobitacora.com.ar\/web\/wp-json\/wp\/v2\/media\/20498"}],"wp:attachment":[{"href":"https:\/\/radiobitacora.com.ar\/web\/wp-json\/wp\/v2\/media?parent=20497"}],"wp:term":[{"taxonomy":"category","embeddable":true,"href":"https:\/\/radiobitacora.com.ar\/web\/wp-json\/wp\/v2\/categories?post=20497"},{"taxonomy":"post_tag","embeddable":true,"href":"https:\/\/radiobitacora.com.ar\/web\/wp-json\/wp\/v2\/tags?post=20497"}],"curies":[{"name":"wp","href":"https:\/\/api.w.org\/{rel}","templated":true}]}}