{"id":20527,"date":"2024-05-20T13:07:04","date_gmt":"2024-05-20T16:07:04","guid":{"rendered":"https:\/\/radiobitacora.com.ar\/web\/?p=20527"},"modified":"2024-05-20T13:07:04","modified_gmt":"2024-05-20T16:07:04","slug":"milei-regreso-al-pais-tras-el-discurso-que-desato-una-escalada-diplomatica-con-espana","status":"publish","type":"post","link":"https:\/\/radiobitacora.com.ar\/web\/2024\/05\/20\/milei-regreso-al-pais-tras-el-discurso-que-desato-una-escalada-diplomatica-con-espana\/","title":{"rendered":"Milei regres\u00f3 al pa\u00eds tras el discurso que desat\u00f3 una escalada diplom\u00e1tica con Espa\u00f1a"},"content":{"rendered":"<p>El presidente Javier Milei regres\u00f3 esta ma\u00f1ana a Buenos Aires, luego de haber participado en Madrid de un acto organizado por VOX en el que cuestion\u00f3 a su par de Espa\u00f1a, Pedro S\u00e1nchez, y acus\u00f3 de \u201ccorrupta\u201d a la esposa de este, lo que desencaden\u00f3 un conflicto diplom\u00e1tico con ese pa\u00eds y repercusiones en la pol\u00edtica argentina, que continuaba debatiendo las reformas que busca aprobar el oficialismo en el Congreso.<\/p>\n<p>De acuerdo con lo que precisaron a Infobae fuentes del Gobierno, el mandatario nacional parti\u00f3 de la ciudad europea a las 21:05 (hora local), a bordo del avi\u00f3n presidencial y con destino a la isla de Gran Canarias, donde ten\u00eda previsto realizar una breve escala antes de continuar viaje hacia Aeroparque.<\/p>\n<p>El avi\u00f3n que traslad\u00f3 al jefe de Estado aterriz\u00f3 en la terminal metropolitana minutos antes de las 06:30 de la ma\u00f1ana y se instalar\u00e1 en la Quinta de Olivos, donde retomar\u00e1 su trabajo habitual, en medio de las negociaciones por la Ley Bases, que sigue trabada en el Senado, y de cara al Pacto de Mayo.<\/p>\n<p>En el evento Europa Viva 24, organizado por el mencionado partido de ultraderecha en el Palacio de Vistalegre, Milei hizo una breve referencia a la investigaci\u00f3n judicial contra la esposa de S\u00e1nchez, Bego\u00f1a G\u00f3mez, por supuesto tr\u00e1fico de influencias, lo que desat\u00f3 un nuevo conflicto internacional.<\/p>\n<div class=\"container_publi\" data-tipo=\"tipo_desktop \" data-pos=\"AMP_P1_cuerpo\">\n<div class=\"gpt-load\" data-gpt=\"\/22675780113\/nota\/AMP_cuerpo_x\" data-size=\"[750,300]\"><\/div>\n<\/div>\n<p>\u201cQu\u00e9 cala\u00f1a de gente atornillada al poder. Aun cuando tenga a la mujer corrupta, se ensucia y se toma cinco d\u00edas para pensarlo\u201d, expres\u00f3 el mandatario argentino, cuestionando as\u00ed el tiempo en el que el presidente espa\u00f1ol insinu\u00f3 con dejar el cargo por la causa que tiene a su pareja como principal acusada.<\/p>\n<p>Casi inmediatamente, el ministro de Asuntos Exteriores de la administraci\u00f3n del PSOE, Jos\u00e9 Manuel Albares, reclam\u00f3 unas \u201cdisculpas p\u00fablicas\u201d por parte de Milei y anunci\u00f3 el llamado a consultas a la embajadora en la Argentina.<\/p>\n<p>En Buenos Aires, la Uni\u00f3n C\u00edvica Radical (UCR) emiti\u00f3 un comunicado, en el que exhort\u00f3 al Gobierno \u201ca tener una pol\u00edtica exterior madura, responsable, acorde a nuestra historia e intereses nacionales y no un mero capricho ideol\u00f3gico personal\u201d.<\/p>\n<p>\u201cEn menos de seis meses de gesti\u00f3n, el Presidente g\u00e9nero conflictos diplom\u00e1ticos, solo en Iberoam\u00e9rica, con Brasil, Colombia, M\u00e9xico, Chile, Ecuador y en las \u00faltimas horas, una vez m\u00e1s, con Espa\u00f1a. Todos pa\u00edses que a lo largo de la historia tuvieron una fraterna relaci\u00f3n con Argentina\u201d, sostuvo el partido.<\/p>\n<div class=\"container_publi\" data-tipo=\"tipo_desktop \" data-pos=\"AMP_P2_cuerpo\">\n<div class=\"gpt-load\" data-gpt=\"\/22675780113\/nota\/AMP_cuerpo_x\" data-size=\"[750,300]\"><\/div>\n<\/div>\n<p>En este sentido, los radicales remarcaron que \u201cestos conflictos no son producto de desacuerdo entre los intereses nacionales, sino producto de meros berrinches ideol\u00f3gicos\u201d de Milei, a quien adem\u00e1s acusaron de \u201cviajar por el mundo cumpliendo con una agenda personal, sin visitas de Estado y generando acciones que ponen en riesgo las relaciones diplom\u00e1ticas\u201d.<\/p>\n<p>Las declaraciones del presidente argentino que desencadenaron un conflicto diplom\u00e1tico con Espa\u00f1a<\/p>\n<p>El presidente de este espacio, Mart\u00edn Lousteau, es uno de los dirigentes en los que est\u00e1 la definici\u00f3n para que el oficialismo pueda conseguir la firma del dictamen del proyecto de Ley Bases en el Senado, que necesita para poder llamar a votaci\u00f3n en el recinto.<\/p>\n<p>Los tiempos que el Gobierno ten\u00eda en mente para la aprobaci\u00f3n de estas reformas se fueron dilatando a partir de quejas y pedidos de cambio en varios art\u00edculos de la iniciativa, realizados por senadores de distintos bloques provinciales, que las autoridades nacionales tambi\u00e9n tienen que convencer si es que quieren avanzar con las medidas propuestas.<\/p>\n<div class=\"container_publi\" data-tipo=\"tipo_desktop \" data-pos=\"AMP_P3_cuerpo\">\n<div class=\"gpt-load\" data-gpt=\"\/22675780113\/nota\/AMP_cuerpo_x\" data-size=\"[750,300]\"><\/div>\n<\/div>\n<p>Ya con la resignaci\u00f3n de que tanto esta ley como el paquete fiscal van a sufrir cambios durante el debate en la C\u00e1mara alta, en la Casa Rosada los funcionarios piensan en c\u00f3mo ser\u00e1 el Pacto de Mayo -que todav\u00eda, de todas formas, no fue formalmente convocado-, sin la sanci\u00f3n de estos proyectos.<\/p>\n<p>Si bien en un principio se analiz\u00f3 la posibilidad de postergar este encuentro con los gobernadores, e incluso invitar solamente a aquellos que hayan apoyado en general a la ley, la convocatoria seguir\u00e1 siendo para el s\u00e1bado pr\u00f3ximo, por lo que la iniciativa del Gobierno, si no hay ning\u00fan imprevisto, reci\u00e9n tendr\u00eda tan solo dictamen de comisiones.<\/p>\n<p>En este escenario de incertidumbre, la Asociaci\u00f3n Trabajadores del Estado (ATE), gremio que nuclea a gran parte de los empleados p\u00fablicos, anticip\u00f3 que ese d\u00eda se movilizar\u00e1 a C\u00f3rdoba y realizar\u00e1 protestas sobre las rutas que conducen al predio del evento.<\/p>\n<p>\u201cLa Ley Bases y el pretendido pacto con las provincias son instrumentos para garantizar mayor explotaci\u00f3n laboral, extractivismo sin l\u00edmites y m\u00e1s ajuste. Los firmantes de ese posible acuerdo se obligan a un gasto p\u00fablico consolidado de 25 puntos del PBI. Si tenemos en consideraci\u00f3n que en diciembre de 2023 ese gasto p\u00fablico era del 40% y que a nivel nacional ya se ajust\u00f3 un 5%, los gobernadores que firmen estar\u00e1n aceptando ajustar m\u00e1s de 10 puntos de sus PBI\u201d, sostuvo el l\u00edder del sindicato, Rodolfo Aguiar.<\/p>\n<div class=\"container_publi\" data-tipo=\"tipo_desktop \" data-pos=\"AMP_P4_cuerpo\">\n<div class=\"gpt-load\" data-gpt=\"\/22675780113\/nota\/AMP_cuerpo_x\" data-size=\"[750,300]\"><\/div>\n<\/div>\n<p>Seg\u00fan se\u00f1al\u00f3 ATE, el equipo de seguridad del Poder Ejecutivo ya realiz\u00f3 pruebas en el Complejo Ferial C\u00f3rdoba, ubicado a metros de la Avenida Circunvalaci\u00f3n Agust\u00edn Tosco, por lo que esa ser\u00eda la sede elegida para la ocasi\u00f3n.<\/p>\n<p>Por su parte, el ministro del Interior, Guillermo Francos; el asesor presidencial, Santiago Caputo, y el secretario ejecutivo de Gobierno, Jos\u00e9 Rolandi, siguen conversando con la oposici\u00f3n \u201cdialoguista\u201d en el Senado para intentar que las reformas tengan el mayor consenso posible antes de llegar al recinto para su votaci\u00f3n.<\/p>\n","protected":false},"excerpt":{"rendered":"<p>El presidente Javier Milei regres\u00f3 esta ma\u00f1ana a Buenos Aires, luego de haber participado en Madrid de un acto organizado por VOX en el que cuestion\u00f3 a su par de Espa\u00f1a, Pedro S\u00e1nchez, y acus\u00f3 de \u201ccorrupta\u201d a la esposa de este, lo que desencaden\u00f3 un conflicto diplom\u00e1tico con ese pa\u00eds y repercusiones en la [&hellip;]<\/p>\n","protected":false},"author":2,"featured_media":20528,"comment_status":"closed","ping_status":"closed","sticky":false,"template":"","format":"standard","meta":{"footnotes":""},"categories":[79],"tags":[],"class_list":{"0":"post-20527","1":"post","2":"type-post","3":"status-publish","4":"format-standard","5":"has-post-thumbnail","7":"category-politica"},"_links":{"self":[{"href":"https:\/\/radiobitacora.com.ar\/web\/wp-json\/wp\/v2\/posts\/20527","targetHints":{"allow":["GET"]}}],"collection":[{"href":"https:\/\/radiobitacora.com.ar\/web\/wp-json\/wp\/v2\/posts"}],"about":[{"href":"https:\/\/radiobitacora.com.ar\/web\/wp-json\/wp\/v2\/types\/post"}],"author":[{"embeddable":true,"href":"https:\/\/radiobitacora.com.ar\/web\/wp-json\/wp\/v2\/users\/2"}],"replies":[{"embeddable":true,"href":"https:\/\/radiobitacora.com.ar\/web\/wp-json\/wp\/v2\/comments?post=20527"}],"version-history":[{"count":0,"href":"https:\/\/radiobitacora.com.ar\/web\/wp-json\/wp\/v2\/posts\/20527\/revisions"}],"wp:featuredmedia":[{"embeddable":true,"href":"https:\/\/radiobitacora.com.ar\/web\/wp-json\/wp\/v2\/media\/20528"}],"wp:attachment":[{"href":"https:\/\/radiobitacora.com.ar\/web\/wp-json\/wp\/v2\/media?parent=20527"}],"wp:term":[{"taxonomy":"category","embeddable":true,"href":"https:\/\/radiobitacora.com.ar\/web\/wp-json\/wp\/v2\/categories?post=20527"},{"taxonomy":"post_tag","embeddable":true,"href":"https:\/\/radiobitacora.com.ar\/web\/wp-json\/wp\/v2\/tags?post=20527"}],"curies":[{"name":"wp","href":"https:\/\/api.w.org\/{rel}","templated":true}]}}