{"id":20530,"date":"2024-05-20T13:18:10","date_gmt":"2024-05-20T16:18:10","guid":{"rendered":"https:\/\/radiobitacora.com.ar\/web\/?p=20530"},"modified":"2024-05-20T13:18:10","modified_gmt":"2024-05-20T16:18:10","slug":"los-morrones-alcanzaron-precios-escandalosos-por-kilo-en-corrientes","status":"publish","type":"post","link":"https:\/\/radiobitacora.com.ar\/web\/2024\/05\/20\/los-morrones-alcanzaron-precios-escandalosos-por-kilo-en-corrientes\/","title":{"rendered":"Los morrones alcanzaron precios escandalosos por kilo en Corrientes"},"content":{"rendered":"<p>Las hortalizas tan indispensables para la mesa de los correntinos alcanzaron en las \u00faltimas semanas precios estrafalarios en Corrientes y gran parte de Argentina. Desde las verduler\u00edas aseguran que se debe a un tema estacional; mientras que productores de la regi\u00f3n a\u00f1adieron que el virus rugoso est\u00e1 implicado.<\/p>\n<p>El kilogramo del morr\u00f3n rojo, seg\u00fan averiguaciones que realiz\u00f3 diario \u00e9poca, puede rondar entre los $4.500 y $5.000; mientras que su variedad verde puede oscilar entre los $3.000 y $3.500. Una situaci\u00f3n que no solo despert\u00f3 el enojo de cientos de clientes, sino que oblig\u00f3 a fraccionar a\u00fan m\u00e1s su consumo.<\/p>\n<p>La multiplicidad de usos como ingrediente que se le da al fruto de huerto hace que su carest\u00eda se vuelva r\u00e1pidamente evidenciable. Las comidas, sobre todo las que dependen de una buena salsa como estofados o pizzas, pierden el sabor y vuelven m\u00e1s insulsas sus degustaciones.<\/p>\n<div class=\"center medium m_image\">\n<figure><picture><source srcset=\"https:\/\/www.diarioepoca.com\/content\/bucket\/4\/1363644w380h133c.jpg.webp\" type=\"image\/webp\" media=\"(min-width: 640px)\" \/><source srcset=\"https:\/\/www.diarioepoca.com\/content\/bucket\/4\/1363644w440h153c.jpg.webp\" type=\"image\/webp\" media=\"(min-width: 300px)\" \/><source srcset=\"https:\/\/www.diarioepoca.com\/content\/bucket\/4\/1363644w380h133c.jpg\" media=\"(min-width: 300px)\" \/><img loading=\"lazy\" decoding=\"async\" class=\"pic\" src=\"https:\/\/www.diarioepoca.com\/content\/bucket\/4\/1363644w380h133c.jpg.webp\" alt=\"\" width=\"380\" height=\"133\" \/><\/picture><\/figure>\n<\/div>\n<p>El propietario de Verduler\u00eda Cuca, C\u00e9sar Palermo, coment\u00f3 ayer, en una charla con diario \u00e9poca, que el caj\u00f3n de pimiento rojo, al que se le puede sacar unos nueve kilos, llegar\u00e1 esta semana por valores de entre $40.000 y $45.000. &#8220;El problema principal gira en torno al morr\u00f3n rojo. Esto se debe a que el alimento que est\u00e1 en huerta todav\u00eda no madura. Estimamos que esta situaci\u00f3n se extender\u00e1 toda la temporada de bajas temperaturas&#8221;, dijo desde el reconocido comercio situado en la esquina de Lavalle y y El\u00edas Abad.<\/p>\n<p>Con esta versi\u00f3n coincidi\u00f3 el presidente de la C\u00e1mara de Operadores Frutihort\u00edcolas Mayoristas del Mercado Central de Buenos Aires, Claudio Muollo. &#8220;Se debe a una cuesti\u00f3n estacional. Se trata de un cambio de temporada. Est\u00e1 terminando el morr\u00f3n de la provincia de Buenos Aires, y comenzado a llegar la producci\u00f3n de Salta y Corrientes&#8221;, manifest\u00f3 a diario Cr\u00f3nica.<\/p>\n<p>Ante una id\u00e9ntica situaci\u00f3n, en Misiones tuvieron otra explicaci\u00f3n: &#8220;La gran variable es el costo del flete a partir de la suba del gasoil, porque mayormente lo que est\u00e1 entrando viene de Mendoza, ya no hay morr\u00f3n de Corrientes y las distancias encarecen fuerte el stock&#8221;, referenci\u00f3 el presidente del Mercado Central local, Fernando Toledo, a el Diario Primera Edici\u00f3n.<\/p>\n<div class=\"center medium m_image\">\n<figure><picture><source srcset=\"https:\/\/www.diarioepoca.com\/content\/bucket\/1\/1363691w380h132c.jpg.webp\" type=\"image\/webp\" media=\"(min-width: 640px)\" \/><source srcset=\"https:\/\/www.diarioepoca.com\/content\/bucket\/1\/1363691w440h153c.jpg.webp\" type=\"image\/webp\" media=\"(min-width: 300px)\" \/><source srcset=\"https:\/\/www.diarioepoca.com\/content\/bucket\/1\/1363691w380h132c.jpg\" media=\"(min-width: 300px)\" \/><img loading=\"lazy\" decoding=\"async\" class=\"pic\" src=\"https:\/\/www.diarioepoca.com\/content\/bucket\/1\/1363691w380h132c.jpg.webp\" alt=\"\" width=\"380\" height=\"132\" \/><\/picture><\/figure>\n<\/div>\n<p>Vale recordar que en la edici\u00f3n del 30 de abril de \u00e9poca, el productor goyano, Miguel Tomasella, adelant\u00f3 que podr\u00eda registrase una faltante debido al avance del virus rugoso del tomate en la provincia, un mal que tambi\u00e9n afecta a los morrones. El SENASA tom\u00f3, hacia finales del mes pasado, muestras en tendales de Bella Vista y Lavalle, todas fueron compatibles con el microorganismo. Ahora, el organismo nacional eval\u00faa los casos en sus laboratorios a fin de conocer c\u00f3mo avanz\u00f3 el virus en comparaci\u00f3n al a\u00f1o pasado.<\/p>\n","protected":false},"excerpt":{"rendered":"<p>Las hortalizas tan indispensables para la mesa de los correntinos alcanzaron en las \u00faltimas semanas precios estrafalarios en Corrientes y gran parte de Argentina. Desde las verduler\u00edas aseguran que se debe a un tema estacional; mientras que productores de la regi\u00f3n a\u00f1adieron que el virus rugoso est\u00e1 implicado. El kilogramo del morr\u00f3n rojo, seg\u00fan averiguaciones [&hellip;]<\/p>\n","protected":false},"author":2,"featured_media":20531,"comment_status":"closed","ping_status":"closed","sticky":false,"template":"","format":"standard","meta":{"footnotes":""},"categories":[65],"tags":[],"class_list":{"0":"post-20530","1":"post","2":"type-post","3":"status-publish","4":"format-standard","5":"has-post-thumbnail","7":"category-economia"},"_links":{"self":[{"href":"https:\/\/radiobitacora.com.ar\/web\/wp-json\/wp\/v2\/posts\/20530","targetHints":{"allow":["GET"]}}],"collection":[{"href":"https:\/\/radiobitacora.com.ar\/web\/wp-json\/wp\/v2\/posts"}],"about":[{"href":"https:\/\/radiobitacora.com.ar\/web\/wp-json\/wp\/v2\/types\/post"}],"author":[{"embeddable":true,"href":"https:\/\/radiobitacora.com.ar\/web\/wp-json\/wp\/v2\/users\/2"}],"replies":[{"embeddable":true,"href":"https:\/\/radiobitacora.com.ar\/web\/wp-json\/wp\/v2\/comments?post=20530"}],"version-history":[{"count":0,"href":"https:\/\/radiobitacora.com.ar\/web\/wp-json\/wp\/v2\/posts\/20530\/revisions"}],"wp:featuredmedia":[{"embeddable":true,"href":"https:\/\/radiobitacora.com.ar\/web\/wp-json\/wp\/v2\/media\/20531"}],"wp:attachment":[{"href":"https:\/\/radiobitacora.com.ar\/web\/wp-json\/wp\/v2\/media?parent=20530"}],"wp:term":[{"taxonomy":"category","embeddable":true,"href":"https:\/\/radiobitacora.com.ar\/web\/wp-json\/wp\/v2\/categories?post=20530"},{"taxonomy":"post_tag","embeddable":true,"href":"https:\/\/radiobitacora.com.ar\/web\/wp-json\/wp\/v2\/tags?post=20530"}],"curies":[{"name":"wp","href":"https:\/\/api.w.org\/{rel}","templated":true}]}}