{"id":20533,"date":"2024-05-20T13:23:05","date_gmt":"2024-05-20T16:23:05","guid":{"rendered":"https:\/\/radiobitacora.com.ar\/web\/?p=20533"},"modified":"2024-05-20T13:23:05","modified_gmt":"2024-05-20T16:23:05","slug":"correntino-denuncia-que-la-vacuna-astrazeneca-le-produjo-graves-problemas-de-salud","status":"publish","type":"post","link":"https:\/\/radiobitacora.com.ar\/web\/2024\/05\/20\/correntino-denuncia-que-la-vacuna-astrazeneca-le-produjo-graves-problemas-de-salud\/","title":{"rendered":"Correntino denuncia que la vacuna AstraZeneca le produjo graves problemas de salud"},"content":{"rendered":"<p>&#8220;La segunda dosis de la AstraZeneca es la que me hizo mal. En este momento ahora tengo debilidad de las piernas, yo estoy en silla de ruedas, ahora no puedo caminar despu\u00e9s que me puse la vacuna. Tengo que usar pa\u00f1al, ahora ando usando pa\u00f1al porque no puedo retener la orina&#8221;, cont\u00f3 sobre los efectos que le provoc\u00f3 la vacuna. Adem\u00e1s revel\u00f3 que los sintomas comenzaron pocas semanas despu\u00e9s de la aplicaci\u00f3n de la vacuna.<\/p>\n<p>&#8220;Me empezaron a hacer estudio, primero me dec\u00edan que era hernia de disco. Despu\u00e9s me fui a Corrientes y ah\u00ed reci\u00e9n me detectaron que tiene mielitis transversa , se llama la enfermedad que me hizo cazar la vacuna&#8221;<\/p>\n<p>&#8220;Tengo que hacer mucha rehabilitaci\u00f3n, me dijeron, as\u00ed que estoy en este tema yo con rehabilitaci\u00f3n ahora. No, noto mejor\u00eda sinceramente, todav\u00eda me siento m\u00e1s debilitado&#8221;, relat\u00f3.<\/p>\n<p>Su abogado, el\u00a0Dr. Marcos Oviedo Ch\u00e1vez indic\u00f3 que\u00a0 &#8220;La ley 27.753, es decir la ley de vacunas destinadas a generar inmunidad adquirida contra el Covid-19, sancionada en el a\u00f1o 2020, facult\u00f3 al Estado Nacional a disponer de la indemnidad patrimonial en los contratos que celebr\u00f3 con los laboratorios al comprar las vacunas. Es decir que asumi\u00f3 la obligaci\u00f3n de responsabilizarse en forma exclusiva por los posibles perjuicios que provocaran las vacunas&#8221;.<\/p>\n<p>&#8220;Estamos en una etapa donde a m\u00e1s tardar el mes que viene se estar\u00eda cerrando la cuesti\u00f3n administrativa por el s\u00ed o por el no del reconocimiento de esta situaci\u00f3n. B\u00e1sicamente una afectaci\u00f3n a la vida y a la salud de nuestro representado y que bueno este ser\u00e1 el criterio de la Comisi\u00f3n Nacional de Seguridad de Vacunas el que dir\u00e1 si es o no un efecto adverso. M\u00e1s all\u00e1 de ello nosotros estamos preparados para iniciar las actuaciones judiciales, es decir la demanda propiamente dicha, si en el caso de que no se lo reconozca porque todos los estudios m\u00e9dicos indican que la causal es la vacuna&#8221;<\/p>\n","protected":false},"excerpt":{"rendered":"<p>&#8220;La segunda dosis de la AstraZeneca es la que me hizo mal. En este momento ahora tengo debilidad de las piernas, yo estoy en silla de ruedas, ahora no puedo caminar despu\u00e9s que me puse la vacuna. Tengo que usar pa\u00f1al, ahora ando usando pa\u00f1al porque no puedo retener la orina&#8221;, cont\u00f3 sobre los efectos [&hellip;]<\/p>\n","protected":false},"author":2,"featured_media":20534,"comment_status":"closed","ping_status":"closed","sticky":false,"template":"","format":"standard","meta":{"footnotes":""},"categories":[86],"tags":[],"class_list":{"0":"post-20533","1":"post","2":"type-post","3":"status-publish","4":"format-standard","5":"has-post-thumbnail","7":"category-sociedad"},"_links":{"self":[{"href":"https:\/\/radiobitacora.com.ar\/web\/wp-json\/wp\/v2\/posts\/20533","targetHints":{"allow":["GET"]}}],"collection":[{"href":"https:\/\/radiobitacora.com.ar\/web\/wp-json\/wp\/v2\/posts"}],"about":[{"href":"https:\/\/radiobitacora.com.ar\/web\/wp-json\/wp\/v2\/types\/post"}],"author":[{"embeddable":true,"href":"https:\/\/radiobitacora.com.ar\/web\/wp-json\/wp\/v2\/users\/2"}],"replies":[{"embeddable":true,"href":"https:\/\/radiobitacora.com.ar\/web\/wp-json\/wp\/v2\/comments?post=20533"}],"version-history":[{"count":0,"href":"https:\/\/radiobitacora.com.ar\/web\/wp-json\/wp\/v2\/posts\/20533\/revisions"}],"wp:featuredmedia":[{"embeddable":true,"href":"https:\/\/radiobitacora.com.ar\/web\/wp-json\/wp\/v2\/media\/20534"}],"wp:attachment":[{"href":"https:\/\/radiobitacora.com.ar\/web\/wp-json\/wp\/v2\/media?parent=20533"}],"wp:term":[{"taxonomy":"category","embeddable":true,"href":"https:\/\/radiobitacora.com.ar\/web\/wp-json\/wp\/v2\/categories?post=20533"},{"taxonomy":"post_tag","embeddable":true,"href":"https:\/\/radiobitacora.com.ar\/web\/wp-json\/wp\/v2\/tags?post=20533"}],"curies":[{"name":"wp","href":"https:\/\/api.w.org\/{rel}","templated":true}]}}