{"id":20536,"date":"2024-05-20T13:28:45","date_gmt":"2024-05-20T16:28:45","guid":{"rendered":"https:\/\/radiobitacora.com.ar\/web\/?p=20536"},"modified":"2024-05-20T13:28:45","modified_gmt":"2024-05-20T16:28:45","slug":"la-embajadora-de-espana-ya-se-fue-de-la-argentina-por-el-conflicto-diplomatico-entre-javier-milei-y-pedro-sanchez","status":"publish","type":"post","link":"https:\/\/radiobitacora.com.ar\/web\/2024\/05\/20\/la-embajadora-de-espana-ya-se-fue-de-la-argentina-por-el-conflicto-diplomatico-entre-javier-milei-y-pedro-sanchez\/","title":{"rendered":"La embajadora de Espa\u00f1a ya se fue de la Argentina por el conflicto diplom\u00e1tico entre Javier Milei y Pedro S\u00e1nchez"},"content":{"rendered":"<p class=\"paragraph\" data-mrf-recirculation=\"Links inline\">En medio del\u00a0<b>conflicto diplom\u00e1tico<\/b>\u00a0entre Argentina y Espa\u00f1a, desatado por las declaraciones de\u00a0<b>Javier Milei\u00a0<\/b>contra la esposa de\u00a0<b>Pedro S\u00e1nchez<\/b>, presidente espa\u00f1ol, y el pedido de disculpas por parte del Gobierno del pa\u00eds europeo, la embajadora de Espa\u00f1a en Buenos Aires,\u00a0<b>Mar\u00eda Jes\u00fas Alonso Jim\u00e9nez (68)<\/b>, abandon\u00f3 la Embajada y\u00a0<b>lleg\u00f3 a Madrid esta tarde (14 hora local)<\/b>.<\/p>\n<p class=\"paragraph\" data-mrf-recirculation=\"Links inline\">La diplom\u00e1tica acat\u00f3 la orden de\u00a0<b>Jos\u00e9 Manuel Albares Bueno<\/b>, ministro de Asuntos Exteriores, Uni\u00f3n Europea y Cooperaci\u00f3n de Espa\u00f1a, quien indic\u00f3 ayer en conferencia de prensa que hab\u00eda llamado a la Embajada en Buenos Aires para solicitar poner a \u201c<b>consulta\u00a0<\/b><i><b>sine die<\/b><\/i>\u201d a la representante del gobierno espa\u00f1ol en Argentina.<\/p>\n<p class=\"paragraph\" data-mrf-recirculation=\"Links inline\">Seg\u00fan pudo conocer\u00a0<b>Infobae<\/b>, Alonso Jim\u00e9nez\u00a0<b>parti\u00f3 anoche<\/b>, pasadas las 21, desde el Aeropuerto de Ezeiza a bordo de un vuelo de Iberia, con destino a Madrid. La embajadora aterriz\u00f3 en la capital espa\u00f1ola alrededor de las 14 (hora de ese pa\u00eds) y permanecer\u00e1 all\u00ed hasta tanto se destraben las conversaciones diplom\u00e1ticas entre Argentina y Espa\u00f1a. Desde el c\u00edrculo del ministro Albares Bueno de Espa\u00f1a le confirmaron a este medio que\u00a0<b>estaba previsto\u00a0<\/b>que la diplom\u00e1tica arribara hoy a la capital espa\u00f1ola.<\/p>\n<div class=\"jwplayer-ctn\">\n<div>\n<div id=\"UWTHWRA34FHWPHLCG7GACKM6UE\" class=\"jwplayer jw-reset jw-state-idle jw-stretch-uniform jw-flag-aspect-mode jw-breakpoint-4 jw-floating-dismissible jw-keep-thumbnail jw-flag-user-inactive\" tabindex=\"0\" role=\"application\" aria-label=\"Reproductor de Video\" aria-describedby=\"jw-UWTHWRA34FHWPHLCG7GACKM6UE-shortcuts-tooltip-explanation\" data-compass-listening=\"true\">\n<div class=\"afs_ads ad-placement\"><\/div>\n<\/div>\n<\/div>\n<p>El ministro de Asuntos Exteriores, Jos\u00e9 Manuel Albares, ha criticado duramente las palabras de Milei en Madrid, donde ha acusado de \u201ccorrupta\u201d a la mujer de Pedro S\u00e1nchez<\/p><\/div>\n<p class=\"paragraph\" data-mrf-recirculation=\"Links inline\">Alonso Jim\u00e9nez est\u00e1 al frente de la Embajada de Espa\u00f1a en Argentina desde 2022. Es abogada de profesi\u00f3n y cuenta con una<b>\u00a0larga trayectoria en la diplomacia<\/b>. Antes de llegar a Buenos Aires, se desempe\u00f1\u00f3 como embajadora en Pa\u00edses Bajos, Dinamarca, Ghana y Camer\u00fan. Trabaj\u00f3 como directora adjunta de la Escuela Diplom\u00e1tica de su naci\u00f3n y ocup\u00f3 responsabilidades como asesora en el Gabinete del Presidente espa\u00f1ol.<\/p>\n<p class=\"paragraph\" data-mrf-recirculation=\"Links inline\">El llamado a \u201c<b>consulta\u00a0<\/b><i><b>sine die<\/b><\/i><i>\u201d\u00a0<\/i>que aplic\u00f3 el canciller espa\u00f1ol implica<b>\u00a0convocar de urgencia<\/b>\u00a0a un diplom\u00e1tico de regreso a su pa\u00eds. Es un concepto diplom\u00e1tico que se utiliza en\u00a0<b>circunstancias de emergencia<\/b>\u00a0o premura con el objetivo de<b>\u00a0dirimir un asunto exterior\u00a0<\/b>con el embajador o como gesto pol\u00edtico ante una tensi\u00f3n internacional.<\/p>\n<p class=\"paragraph\" data-mrf-recirculation=\"Links inline\">Espa\u00f1a es un\u00a0<b>socio hist\u00f3rico de Argentina<\/b>. No s\u00f3lo en el plano comercial sino tambi\u00e9n en lo cultural. La Uni\u00f3n Europea es el socio comercial que<b>\u00a0m\u00e1s invierte<\/b>\u00a0en Argentina luego de China y Brasil. Y las empresas espa\u00f1olas las de mayor peso dentro de ese bloque continental con presencia en suelo argentino.<\/p>\n<p class=\"paragraph\" data-mrf-recirculation=\"Links inline\">Para enfriar el conflicto, el canciller Albares Buenos cit\u00f3 hoy al embajador argentino en Madrid. Tras la reuni\u00f3n, el Gobierno argentino\u00a0<b>mantuvo su posici\u00f3n<\/b>\u00a0y ratific\u00f3 que\u00a0<b>no se disculpar\u00e1<\/b>. Espa\u00f1a<b>\u00a0insiste con una retractaci\u00f3n\u00a0<\/b>y no enviar\u00e1 nuevamente a su representante diplom\u00e1tica hasta que la situaci\u00f3n se normalice.<\/p>\n<div class=\"headline-wrapper\">\n<h2 class=\"header headline-class-h2\">El origen del conflicto<\/h2>\n<\/div>\n<div class=\"visual__image\"><img loading=\"lazy\" decoding=\"async\" class=\"\" src=\"https:\/\/www.infobae.com\/new-resizer\/QX0m-nfNSNUWyEpleaiE4-pJzfI=\/420x280\/filters:format(webp):quality(85)\/cloudfront-us-east-1.images.arcpublishing.com\/infobae\/WYQ3X7ID25CSLDGVH2FA3QPZ3E.jpg%20420w\" sizes=\"auto, (min-width: 1560px) 856px, (min-width: 1000px) calc(74.63vw - 293px), (min-width: 780px) calc(100vw - 376px), (min-width: 580px) calc(100vw - 32px), 100vw\" srcset=\"https:\/\/www.infobae.com\/new-resizer\/QX0m-nfNSNUWyEpleaiE4-pJzfI=\/420x280\/filters:format(webp):quality(85)\/cloudfront-us-east-1.images.arcpublishing.com\/infobae\/WYQ3X7ID25CSLDGVH2FA3QPZ3E.jpg 420w,https:\/\/www.infobae.com\/new-resizer\/RT0AbvOsdMfK2Xsb1Ld9wWUDBGI=\/768x512\/filters:format(webp):quality(85)\/cloudfront-us-east-1.images.arcpublishing.com\/infobae\/WYQ3X7ID25CSLDGVH2FA3QPZ3E.jpg 768w,https:\/\/www.infobae.com\/new-resizer\/4ruj1-PvRBG-eVJqXMZVVJ0vnaQ=\/992x661\/filters:format(webp):quality(85)\/cloudfront-us-east-1.images.arcpublishing.com\/infobae\/WYQ3X7ID25CSLDGVH2FA3QPZ3E.jpg 992w,https:\/\/www.infobae.com\/new-resizer\/hiE7V8_RfWSs4NkBnK9gAp9LGsY=\/1200x800\/filters:format(webp):quality(85)\/cloudfront-us-east-1.images.arcpublishing.com\/infobae\/WYQ3X7ID25CSLDGVH2FA3QPZ3E.jpg 1200w,https:\/\/www.infobae.com\/new-resizer\/fWpjzWzFbvnAgVqmVgVM12EfSSM=\/1440x960\/filters:format(webp):quality(85)\/cloudfront-us-east-1.images.arcpublishing.com\/infobae\/WYQ3X7ID25CSLDGVH2FA3QPZ3E.jpg 1440w\" alt=\"Javier Milei en el evento de Vox en Espa\u00f1a (Rodrigo Jim\u00e9nez\/EFE)\" width=\"1920\" height=\"1280\" data-src=\"https:\/\/www.infobae.com\/new-resizer\/QX0m-nfNSNUWyEpleaiE4-pJzfI=\/420x280\/filters:format(webp):quality(85)\/cloudfront-us-east-1.images.arcpublishing.com\/infobae\/WYQ3X7ID25CSLDGVH2FA3QPZ3E.jpg 420w\" \/>Javier Milei en el evento de Vox en Espa\u00f1a (Rodrigo Jim\u00e9nez\/EFE)<\/div>\n<p class=\"paragraph\" data-mrf-recirculation=\"Links inline\">La\u00a0<b>tensi\u00f3n\u00a0<\/b>diplom\u00e1tica se desat\u00f3 el fin de semana. Atento a la presencia de su par argentino en Espa\u00f1a,<b>\u00a0Pedro S\u00e1nchez<\/b>\u00a0hab\u00eda apuntado el viernes contra el\u00a0<b>acto que organiz\u00f3 Vox<\/b>, partido de la derecha espa\u00f1ola, en el que particip\u00f3 Milei como uno de los principales oradores. \u201cEsta misma semana va a haber alg\u00fan<b>\u00a0encuentro de ultraderechistas<\/b>\u00a0desgraciadamente en nuestro pa\u00eds\u201d, se\u00f1al\u00f3 el presidente espa\u00f1ol en su discurso en la IV edici\u00f3n del foro \u201cFondos Europeos\u201d.<\/p>\n<p class=\"paragraph\" data-mrf-recirculation=\"Links inline\">S\u00e1nchez reivindic\u00f3 a Espa\u00f1a como una sociedad que est\u00e1 a favor de la \u201cigualdad de g\u00e9nero, la justicia social\u201d y el ambientalismo como una forma de diferenciarse de Vox y Milei. El domingo, el presidente argentino habl\u00f3 en el evento Viva 24, organizado po<b>r Santiago Abascal<\/b>, l\u00edder de ese partido de la derecha espa\u00f1ola, y\u00a0<b>recogi\u00f3 el guante<\/b>. \u201cNo saben qu\u00e9 tipo de sociedad y pa\u00eds pueden producir y qu\u00e9 cala\u00f1a de gente atornillada al poder y qu\u00e9 niveles de abuso puede llegar a generar, aun cuando tenga la\u00a0<b>mujer corrupta<\/b>,\u00a0<b>ensucia<\/b>\u00a0y\u00a0<b>se tome cinco d\u00edas para pensarlo<\/b>\u201d, dispar\u00f3 el Jefe de Estado de Argentina.<\/p>\n<div class=\"visual__image\"><img loading=\"lazy\" decoding=\"async\" class=\"\" src=\"https:\/\/www.infobae.com\/new-resizer\/Dbqr_io82Hi5e4n9o46uAEi332E=\/420x236\/filters:format(webp):quality(85)\/cloudfront-us-east-1.images.arcpublishing.com\/infobae\/OPYK5PX64JCLPIV45K4B7YKWEE.jpg%20420w\" sizes=\"auto, (min-width: 1560px) 856px, (min-width: 1000px) calc(74.63vw - 293px), (min-width: 780px) calc(100vw - 376px), (min-width: 580px) calc(100vw - 32px), 100vw\" srcset=\"https:\/\/www.infobae.com\/new-resizer\/Dbqr_io82Hi5e4n9o46uAEi332E=\/420x236\/filters:format(webp):quality(85)\/cloudfront-us-east-1.images.arcpublishing.com\/infobae\/OPYK5PX64JCLPIV45K4B7YKWEE.jpg 420w,https:\/\/www.infobae.com\/new-resizer\/Vbq6ttV3QzVoaHwJf10M554LIsA=\/768x432\/filters:format(webp):quality(85)\/cloudfront-us-east-1.images.arcpublishing.com\/infobae\/OPYK5PX64JCLPIV45K4B7YKWEE.jpg 768w,https:\/\/www.infobae.com\/new-resizer\/WM3Rk1fd4GRcT5cWQG5t52cxOv0=\/992x558\/filters:format(webp):quality(85)\/cloudfront-us-east-1.images.arcpublishing.com\/infobae\/OPYK5PX64JCLPIV45K4B7YKWEE.jpg 992w,https:\/\/www.infobae.com\/new-resizer\/x9RpLbCbuvaOTicYq1ZEISGKPmQ=\/1200x675\/filters:format(webp):quality(85)\/cloudfront-us-east-1.images.arcpublishing.com\/infobae\/OPYK5PX64JCLPIV45K4B7YKWEE.jpg 1200w,https:\/\/www.infobae.com\/new-resizer\/aBlsZDJzwDA4b4fb-vRgELh-1FI=\/1440x810\/filters:format(webp):quality(85)\/cloudfront-us-east-1.images.arcpublishing.com\/infobae\/OPYK5PX64JCLPIV45K4B7YKWEE.jpg 1440w\" alt=\"La embajadora de Espa\u00f1a en Argentina, Mar\u00eda Jes\u00fas Alonso Jim\u00e9nez, (EFE\/ Juan Ignacio Roncoroni)\n\" width=\"1920\" height=\"1080\" data-src=\"https:\/\/www.infobae.com\/new-resizer\/Dbqr_io82Hi5e4n9o46uAEi332E=\/420x236\/filters:format(webp):quality(85)\/cloudfront-us-east-1.images.arcpublishing.com\/infobae\/OPYK5PX64JCLPIV45K4B7YKWEE.jpg 420w\" \/>La embajadora de Espa\u00f1a en Argentina, Mar\u00eda Jes\u00fas Alonso Jim\u00e9nez, (EFE\/ Juan Ignacio Roncoroni)<\/div>\n<p class=\"paragraph\" data-mrf-recirculation=\"Links inline\">Las declaraciones fueron una alusi\u00f3n impl\u00edcita a\u00a0<b>Bego\u00f1a G\u00f3mez<\/b>, la esposa de Pedro S\u00e1nchez, quien fue\u00a0<b>investigada<\/b>\u00a0por un caso de presunto\u00a0<b>tr\u00e1fico de influencias<\/b>, en el marco de una causa penal en la que se la involucr\u00f3 por supuestas recomendaciones a una empresa contratista del estado espa\u00f1ol.<\/p>\n<p class=\"paragraph\" data-mrf-recirculation=\"Links inline\">R\u00e1pidamente, S\u00e1nchez sali\u00f3 a exigir un pedido de \u201c<b>disculpas<\/b>\u201d y \u201c<b>rectificaci\u00f3n<\/b>\u201d por parte de Milei. El Gobierno argentino\u00a0<b>rechaz\u00f3\u00a0<\/b>las declaraciones del Palacio de la Moncloa. La Casa Rosada opt\u00f3 por mantener la tensi\u00f3n y evitar una desescalada del conflicto.<\/p>\n<div class=\"headline-wrapper\">\n<h2 class=\"header headline-class-h2\">La chispa que tension\u00f3 la relaci\u00f3n entre Milei y S\u00e1nchez<\/h2>\n<\/div>\n<p class=\"paragraph\" data-mrf-recirculation=\"Links inline\">El 3 de mayo,\u00a0<b>\u00d3scar Puente<\/b>, ministro de Transporte y Movilidad Sostenible espa\u00f1ol, hab\u00eda agraviado a Milei al insinuar que el Presidente argentino<b>\u00a0ingiri\u00f3 sustancias\u00a0<\/b>y que es \u201cmala persona\u201d. Durante una conferencia, el funcionario expres\u00f3: \u201cHe visto a Milei en una tele. Cuando sali\u00f3 no s\u00e9 en qu\u00e9 estado y previa a la ingesta o\u00a0<b>despu\u00e9s de la ingesta de qu\u00e9 sustancias<\/b>. Yo dije: \u2018Es imposible que gane las elecciones\u2019\u201d.<\/p>\n<div class=\"visual__image\"><img loading=\"lazy\" decoding=\"async\" class=\"\" src=\"https:\/\/www.infobae.com\/new-resizer\/_3YCNsfgekzXtfSGEcUncMSUQl4=\/420x236\/filters:format(webp):quality(85)\/cloudfront-us-east-1.images.arcpublishing.com\/infobae\/2OJRYXPEMZCZ5BRYAFKKIGZDR4.jpg%20420w\" sizes=\"auto, (min-width: 1560px) 856px, (min-width: 1000px) calc(74.63vw - 293px), (min-width: 780px) calc(100vw - 376px), (min-width: 580px) calc(100vw - 32px), 100vw\" srcset=\"https:\/\/www.infobae.com\/new-resizer\/_3YCNsfgekzXtfSGEcUncMSUQl4=\/420x236\/filters:format(webp):quality(85)\/cloudfront-us-east-1.images.arcpublishing.com\/infobae\/2OJRYXPEMZCZ5BRYAFKKIGZDR4.jpg 420w,https:\/\/www.infobae.com\/new-resizer\/Y7QemgUm8dK9kuw6Lzl0TM44SN8=\/768x432\/filters:format(webp):quality(85)\/cloudfront-us-east-1.images.arcpublishing.com\/infobae\/2OJRYXPEMZCZ5BRYAFKKIGZDR4.jpg 768w,https:\/\/www.infobae.com\/new-resizer\/6QCNZglYtCVdP19iDYLVtU2P92I=\/992x558\/filters:format(webp):quality(85)\/cloudfront-us-east-1.images.arcpublishing.com\/infobae\/2OJRYXPEMZCZ5BRYAFKKIGZDR4.jpg 992w,https:\/\/www.infobae.com\/new-resizer\/uJYKKNn01BVOyPTtFJO5iRyqStk=\/1200x675\/filters:format(webp):quality(85)\/cloudfront-us-east-1.images.arcpublishing.com\/infobae\/2OJRYXPEMZCZ5BRYAFKKIGZDR4.jpg 1200w,https:\/\/www.infobae.com\/new-resizer\/D8viTXlnuhFBTUY6ncJAA3C2P38=\/1440x810\/filters:format(webp):quality(85)\/cloudfront-us-east-1.images.arcpublishing.com\/infobae\/2OJRYXPEMZCZ5BRYAFKKIGZDR4.jpg 1440w\" alt=\"Javier Milei y  Pedro S\u00e1nchez, presidente de Espa\u00f1a\" width=\"1920\" height=\"1080\" data-src=\"https:\/\/www.infobae.com\/new-resizer\/_3YCNsfgekzXtfSGEcUncMSUQl4=\/420x236\/filters:format(webp):quality(85)\/cloudfront-us-east-1.images.arcpublishing.com\/infobae\/2OJRYXPEMZCZ5BRYAFKKIGZDR4.jpg 420w\" \/>Javier Milei y Pedro S\u00e1nchez, presidente de Espa\u00f1a<\/div>\n<p class=\"paragraph\" data-mrf-recirculation=\"Links inline\">El Gobierno argentino emiti\u00f3 entonces un comunicado para\u00a0<b>exigir retractaciones\u00a0<\/b>por las \u201c<b>calumnias e injurias<\/b>\u201d contra el Jefe de Estado. Pero no s\u00f3lo eso, sino que apunt\u00f3 contra el titular del Poder Ejecutivo espa\u00f1ol: \u201cEl gobierno de Pedro S\u00e1nchez tiene problemas m\u00e1s importantes de los que ocuparse, como las<b>\u00a0acusaciones de corrupci\u00f3n que caen sobre su esposa<\/b>, asunto que lo llev\u00f3 incluso a evaluar su renuncia. Por el bien del Reino de Espa\u00f1a, esperamos que la justicia act\u00faa con celeridad para esclarecer semejante esc\u00e1ndalo de corrupci\u00f3n que afecta la estabilidad de su Naci\u00f3n\u201d.<\/p>\n<p class=\"paragraph\" data-mrf-recirculation=\"Links inline\">Si bien luego el Gobierno de Milei busc\u00f3 \u201c<a href=\"https:\/\/www.infobae.com\/politica\/2024\/05\/06\/el-gobierno-evito-escalar-la-tension-diplomatica-con-espana-y-dio-por-cerrado-el-conflicto\/\" target=\"_blank\" rel=\"noopener noreferrer\" data-mrf-link=\"https:\/\/www.infobae.com\/politica\/2024\/05\/06\/el-gobierno-evito-escalar-la-tension-diplomatica-con-espana-y-dio-por-cerrado-el-conflicto\/\"><b>dar por cerrado<\/b><\/a>\u201d el tema, desde aquel momento la relaci\u00f3n no volvi\u00f3 a ser igual. De hecho, el Presidente argentino viaj\u00f3 a Espa\u00f1a el jueves pasado y su agenda no incluy\u00f3 ninguna reuni\u00f3n con autoridades del Estado espa\u00f1ol. El \u00fanico encuentro \u201coficial\u201d del Jefe de Estado fue el s\u00e1bado en la Embajada de Argentina en Madrid, en un c\u00f3nclave con empresas del pa\u00eds europeo.<\/p>\n<p class=\"paragraph\" data-mrf-recirculation=\"Links inline\">All\u00ed, Milei se reuni\u00f3 junto a<b>\u00a0Karina Milei<\/b>, secretaria general de la Presidencia, y a\u00a0<b>Alberto Bosch<\/b>, embajador argentino en Madrid, con altos representantes de\u00a0<b>firmas\u00a0<\/b>que tienen inter\u00e9s de invertir en Argentina (y que ya lo hacen) como Santander Mapfre, Telef\u00f3nica, BBVA, Iberia, Indra, Ecoener, Dia, Consello Group y CEOE. Seg\u00fan supo este medio, fue una \u201c<b>muy buena reuni\u00f3n de trabajo<\/b>\u201d. En los mismos t\u00e9rminos se expres\u00f3 esta ma\u00f1ana Manuel Adorni, vocero presidencial.<\/p>\n<div class=\"visual__image\"><img loading=\"lazy\" decoding=\"async\" class=\"\" src=\"https:\/\/www.infobae.com\/new-resizer\/YK1TS8R4D3jgW81-wznFlmaP4F4=\/420x280\/filters:format(webp):quality(85)\/cloudfront-us-east-1.images.arcpublishing.com\/infobae\/NQTUZMNDNNHBHK36ZE2QUQLFOI.jpg%20420w\" sizes=\"auto, (min-width: 1560px) 856px, (min-width: 1000px) calc(74.63vw - 293px), (min-width: 780px) calc(100vw - 376px), (min-width: 580px) calc(100vw - 32px), 100vw\" srcset=\"https:\/\/www.infobae.com\/new-resizer\/YK1TS8R4D3jgW81-wznFlmaP4F4=\/420x280\/filters:format(webp):quality(85)\/cloudfront-us-east-1.images.arcpublishing.com\/infobae\/NQTUZMNDNNHBHK36ZE2QUQLFOI.jpg 420w,https:\/\/www.infobae.com\/new-resizer\/nJwxDYVF5B3SOPSlwxRv66Mmm8E=\/768x512\/filters:format(webp):quality(85)\/cloudfront-us-east-1.images.arcpublishing.com\/infobae\/NQTUZMNDNNHBHK36ZE2QUQLFOI.jpg 768w,https:\/\/www.infobae.com\/new-resizer\/BXw5r9nCx0-45NEd6LnrYYt0WKI=\/992x661\/filters:format(webp):quality(85)\/cloudfront-us-east-1.images.arcpublishing.com\/infobae\/NQTUZMNDNNHBHK36ZE2QUQLFOI.jpg 992w,https:\/\/www.infobae.com\/new-resizer\/PSfRXR-y1nd7tJONuYam-b94E2k=\/1200x800\/filters:format(webp):quality(85)\/cloudfront-us-east-1.images.arcpublishing.com\/infobae\/NQTUZMNDNNHBHK36ZE2QUQLFOI.jpg 1200w,https:\/\/www.infobae.com\/new-resizer\/DYMTn-JwcSAPMiE-lOcQsCW0WX4=\/1440x960\/filters:format(webp):quality(85)\/cloudfront-us-east-1.images.arcpublishing.com\/infobae\/NQTUZMNDNNHBHK36ZE2QUQLFOI.jpg 1440w\" alt=\"El embajador de Argentina en Espa\u00f1a, Roberto Bosch, tras su reuni\u00f3n con el ministro de Asuntos Exteriores, Uni\u00f3n Europea y Cooperaci\u00f3n, Jos\u00e9 Manuel Albares (Diego Radam\u00e9s - Europa Press)\n\" width=\"1920\" height=\"1280\" data-src=\"https:\/\/www.infobae.com\/new-resizer\/YK1TS8R4D3jgW81-wznFlmaP4F4=\/420x280\/filters:format(webp):quality(85)\/cloudfront-us-east-1.images.arcpublishing.com\/infobae\/NQTUZMNDNNHBHK36ZE2QUQLFOI.jpg 420w\" \/>El embajador de Argentina en Espa\u00f1a, Roberto Bosch, tras su reuni\u00f3n con el ministro de Asuntos Exteriores, Uni\u00f3n Europea y Cooperaci\u00f3n, Jos\u00e9 Manuel Albares (Diego Radam\u00e9s &#8211; Europa Press)<\/div>\n<p class=\"paragraph\" data-mrf-recirculation=\"Links inline\">No obstante,\u00a0<b>Antonio Garamendi<\/b>, titular de CEOE, que nuclea a las principales empresas espa\u00f1olas -que se reunieron el s\u00e1bado con Milei-, emiti\u00f3 un comunicado hoy en el que\u00a0<b>rechaz\u00f3\u00a0<\/b>las declaraciones del presidente argentino contra Espa\u00f1a por considerarlas \u201c<b>fuera de tono.<\/b>\u00a0No era ni el sitio ni el lugar ni lo que se pide a dos pa\u00edses amigos y hermanos\u201d.<\/p>\n<div class=\"headline-wrapper\">\n<h2 class=\"header headline-class-h2\">Las elecciones en el Parlamento Europeo<\/h2>\n<\/div>\n<p class=\"paragraph\" data-mrf-recirculation=\"Links inline\">\u201cRespectos a las<b>\u00a0llamativas e impulsivas<\/b>\u00a0<b>amenazas\u00a0<\/b>del Ministro de Relaciones Exteriores del Reino de Espa\u00f1a, aclararles que no entendemos el motivo de su resquemor. El presidente argentino no hizo menci\u00f3n a nadie en particular.<b>\u00a0Llama poderosamente la atenci\u00f3n que se ponga en tensi\u00f3n las relaciones entre dos pa\u00edses hist\u00f3ricamente hermanados<\/b>\u00a0por una decisi\u00f3n poco meditadas\u201d, sostuvo Manuel Adorni esta ma\u00f1ana en su habitual conferencia de prensa<\/p>\n<p class=\"paragraph\" data-mrf-recirculation=\"Links inline\">A trav\u00e9s de Adorni, el Gobierno argentino consider\u00f3 que la actitud de Pedro S\u00e1nchez responde a las \u201c<b>instancias electorales en Europa<\/b>\u201d. El Parlamento Europeo tiene elecciones entre el 6 y el 9 de junio para renovar sus miembros. El presidente espa\u00f1ol integra una coalici\u00f3n de partidos socialistas y de centro izquierda que actualmente ponen en juego la mayor\u00eda de los esca\u00f1os en Bruselas.<\/p>\n<p class=\"paragraph\" data-mrf-recirculation=\"Links inline\">Milei eval\u00faa que S\u00e1nchez busca tensionar con Argentina como una forma de confrontar con Vox y la derecha europea, que est\u00e1 en ascenso y apuesta a posicionarse en las elecciones el parlamento de la Uni\u00f3n Europea.<\/p>\n<p class=\"paragraph\" data-mrf-recirculation=\"Links inline\">Al mismo tiempo, Pedro S\u00e1nchez es un exponente del \u201cprogresismo\u201d en Europa. Milei conoce que eso le permite diferenciarse con nitidez del l\u00edder de espa\u00f1ol para fortalecer su narrativa y darle vuelo internacional a su figura.<\/p>\n","protected":false},"excerpt":{"rendered":"<p>En medio del\u00a0conflicto diplom\u00e1tico\u00a0entre Argentina y Espa\u00f1a, desatado por las declaraciones de\u00a0Javier Milei\u00a0contra la esposa de\u00a0Pedro S\u00e1nchez, presidente espa\u00f1ol, y el pedido de disculpas por parte del Gobierno del pa\u00eds europeo, la embajadora de Espa\u00f1a en Buenos Aires,\u00a0Mar\u00eda Jes\u00fas Alonso Jim\u00e9nez (68), abandon\u00f3 la Embajada y\u00a0lleg\u00f3 a Madrid esta tarde (14 hora local). La diplom\u00e1tica [&hellip;]<\/p>\n","protected":false},"author":2,"featured_media":20537,"comment_status":"closed","ping_status":"closed","sticky":false,"template":"","format":"standard","meta":{"footnotes":""},"categories":[1],"tags":[],"class_list":{"0":"post-20536","1":"post","2":"type-post","3":"status-publish","4":"format-standard","5":"has-post-thumbnail","7":"category-sin-categoria"},"_links":{"self":[{"href":"https:\/\/radiobitacora.com.ar\/web\/wp-json\/wp\/v2\/posts\/20536","targetHints":{"allow":["GET"]}}],"collection":[{"href":"https:\/\/radiobitacora.com.ar\/web\/wp-json\/wp\/v2\/posts"}],"about":[{"href":"https:\/\/radiobitacora.com.ar\/web\/wp-json\/wp\/v2\/types\/post"}],"author":[{"embeddable":true,"href":"https:\/\/radiobitacora.com.ar\/web\/wp-json\/wp\/v2\/users\/2"}],"replies":[{"embeddable":true,"href":"https:\/\/radiobitacora.com.ar\/web\/wp-json\/wp\/v2\/comments?post=20536"}],"version-history":[{"count":0,"href":"https:\/\/radiobitacora.com.ar\/web\/wp-json\/wp\/v2\/posts\/20536\/revisions"}],"wp:featuredmedia":[{"embeddable":true,"href":"https:\/\/radiobitacora.com.ar\/web\/wp-json\/wp\/v2\/media\/20537"}],"wp:attachment":[{"href":"https:\/\/radiobitacora.com.ar\/web\/wp-json\/wp\/v2\/media?parent=20536"}],"wp:term":[{"taxonomy":"category","embeddable":true,"href":"https:\/\/radiobitacora.com.ar\/web\/wp-json\/wp\/v2\/categories?post=20536"},{"taxonomy":"post_tag","embeddable":true,"href":"https:\/\/radiobitacora.com.ar\/web\/wp-json\/wp\/v2\/tags?post=20536"}],"curies":[{"name":"wp","href":"https:\/\/api.w.org\/{rel}","templated":true}]}}