{"id":20545,"date":"2024-05-21T08:18:21","date_gmt":"2024-05-21T11:18:21","guid":{"rendered":"https:\/\/radiobitacora.com.ar\/web\/?p=20545"},"modified":"2024-05-21T08:18:21","modified_gmt":"2024-05-21T11:18:21","slug":"programa-educativo-barrial-desarrollo-de-la-ciudad-como-eje-de-gestion","status":"publish","type":"post","link":"https:\/\/radiobitacora.com.ar\/web\/2024\/05\/21\/programa-educativo-barrial-desarrollo-de-la-ciudad-como-eje-de-gestion\/","title":{"rendered":"PROGRAMA EDUCATIVO BARRIAL: DESARROLLO DE LA CIUDAD COMO EJE DE GESTI\u00d3N"},"content":{"rendered":"<h3><strong>El Intendente Mariano Hormaechea consider\u00f3 fundamental esta iniciativa para el desarrollo de la ciudad.<\/strong><\/h3>\n<p>Durante la presentaci\u00f3n de este programa municipal ante la prensa el Intendente ratific\u00f3 que el desarrollo es un eje de esta administraci\u00f3n municipal, es fundamental lograr ese objetivo a partir de la formaci\u00f3n y capacitaci\u00f3n de los ciudadanos en l\u00edneas generales, hacer este acompa\u00f1amiento desde la edad de los niveles escolares primarios y secundarios.<\/p>\n<p>&nbsp;<\/p>\n<p><strong>DESARROLLO DE LA CIUDAD<\/strong><\/p>\n<p>El Mandatario local, se\u00f1al\u00f3: \u201cPlanteamos uno de los ejes de la gesti\u00f3n, el tema de desarrollo de la ciudad, que\u00a0<em>va de la mano<\/em>\u00a0en todas las acciones que est\u00e9n relacionadas con seguir mejorando la calidad de vida del ciudadano, en l\u00edneas generales.<\/p>\n<p>Tenemos un plan de acci\u00f3n \u2013enumero el Intendente- que estamos llevando a cabo en distintos puntos de la ciudad; el pavimento, cord\u00f3n cuneta, la cantidad de obras que se est\u00e1n realizando en la urbanizaci\u00f3n de distintos espacios p\u00fablicos, las mejoras de avenidas, la ampliaci\u00f3n de espacios como el parque tecnol\u00f3gico, que est\u00e1 terminando, una obra que contribuye a la ampliaci\u00f3n de ese espacio, como punto de uno de los ejes de la gesti\u00f3n, el Desarrollo de la Ciudad.\u201d Reiter\u00f3.<\/p>\n<p>&nbsp;<\/p>\n<p><strong>GOYA UN POLO UNIVERSITARIO<\/strong><\/p>\n<p>M\u00e1s adelante, agreg\u00f3: \u201cNo solo desde las estructuras, obras, sino algo que es de fundamental importancia el acompa\u00f1amiento en la formaci\u00f3n y en la educaci\u00f3n del ciudadano. En ese sentido, venimos avanzando claramente en uno de los puntos planteados: potenciar la propuesta universitaria. Goya como polo universitario de la zona sur. Hemos avanzado en varios pasos, firma de convenios con el rector de la UNNE y con tres gobernadores de las provincias Chaco, Santa Fe y Corrientes. Esto tambi\u00e9n hace a este trabajo complementario que venimos haciendo desde la educaci\u00f3n de la ciudad.<\/p>\n<p>Para ratificar: \u201cEste es un aspecto donde consideramos vital las acciones desde la Secretar\u00eda de Educaci\u00f3n, para trabajar en la formaci\u00f3n de los j\u00f3venes y los adultos. Venimos haciendo desde la Municipalidad con la Secretar\u00eda de Educaci\u00f3n este acompa\u00f1amiento con estas clases de apoyo escolar en los diferentes barrios y esa labor complementaria que venimos a ofrecer son oportunidades en ese marco de formaci\u00f3n que planteamos. Nos parece trascendental que el Estado est\u00e9 trabajando en los diferentes barrios de la ciudad junto a los presidentes barriales, en un trabajo en equipo.\u201d<\/p>\n<p><strong>PROGRAMA COMPLEMENTARIO<\/strong><\/p>\n<p>El Intendente sostuvo: \u201cEste programa complementa el trabajo en la educaci\u00f3n como eje del desarrollo de la ciudad. Es as\u00ed que venimos trabajando. La idea era estar en la mayor cantidad de barrios posible. Por eso es fundamental el trabajo con los consejos vecinales, con sus presidentes barriales para seguir generando acompa\u00f1amiento para nuestros j\u00f3venes, que son el futuro de la ciudad. \u201c<\/p>\n<p>\u201cEse es el camino, el trabajo en equipo donde todos aportamos un granito de arena para hacer una Goya mejor. Felicitaciones y aprovechemos esta nueva oportunidad que se genera desde la Secretar\u00eda de Educaci\u00f3n con este programa Educativo Barrial\u201d finaliz\u00f3.<\/p>\n","protected":false},"excerpt":{"rendered":"<p>El Intendente Mariano Hormaechea consider\u00f3 fundamental esta iniciativa para el desarrollo de la ciudad. Durante la presentaci\u00f3n de este programa municipal ante la prensa el Intendente ratific\u00f3 que el desarrollo es un eje de esta administraci\u00f3n municipal, es fundamental lograr ese objetivo a partir de la formaci\u00f3n y capacitaci\u00f3n de los ciudadanos en l\u00edneas generales, [&hellip;]<\/p>\n","protected":false},"author":2,"featured_media":20546,"comment_status":"closed","ping_status":"closed","sticky":false,"template":"","format":"standard","meta":{"footnotes":""},"categories":[79],"tags":[],"class_list":{"0":"post-20545","1":"post","2":"type-post","3":"status-publish","4":"format-standard","5":"has-post-thumbnail","7":"category-politica"},"_links":{"self":[{"href":"https:\/\/radiobitacora.com.ar\/web\/wp-json\/wp\/v2\/posts\/20545","targetHints":{"allow":["GET"]}}],"collection":[{"href":"https:\/\/radiobitacora.com.ar\/web\/wp-json\/wp\/v2\/posts"}],"about":[{"href":"https:\/\/radiobitacora.com.ar\/web\/wp-json\/wp\/v2\/types\/post"}],"author":[{"embeddable":true,"href":"https:\/\/radiobitacora.com.ar\/web\/wp-json\/wp\/v2\/users\/2"}],"replies":[{"embeddable":true,"href":"https:\/\/radiobitacora.com.ar\/web\/wp-json\/wp\/v2\/comments?post=20545"}],"version-history":[{"count":0,"href":"https:\/\/radiobitacora.com.ar\/web\/wp-json\/wp\/v2\/posts\/20545\/revisions"}],"wp:featuredmedia":[{"embeddable":true,"href":"https:\/\/radiobitacora.com.ar\/web\/wp-json\/wp\/v2\/media\/20546"}],"wp:attachment":[{"href":"https:\/\/radiobitacora.com.ar\/web\/wp-json\/wp\/v2\/media?parent=20545"}],"wp:term":[{"taxonomy":"category","embeddable":true,"href":"https:\/\/radiobitacora.com.ar\/web\/wp-json\/wp\/v2\/categories?post=20545"},{"taxonomy":"post_tag","embeddable":true,"href":"https:\/\/radiobitacora.com.ar\/web\/wp-json\/wp\/v2\/tags?post=20545"}],"curies":[{"name":"wp","href":"https:\/\/api.w.org\/{rel}","templated":true}]}}