{"id":20548,"date":"2024-05-21T08:22:40","date_gmt":"2024-05-21T11:22:40","guid":{"rendered":"https:\/\/radiobitacora.com.ar\/web\/?p=20548"},"modified":"2024-05-21T08:22:40","modified_gmt":"2024-05-21T11:22:40","slug":"milei-redoblo-el-ataque-a-pedro-sanchez-y-lo-vinculo-al-kirchnerismo","status":"publish","type":"post","link":"https:\/\/radiobitacora.com.ar\/web\/2024\/05\/21\/milei-redoblo-el-ataque-a-pedro-sanchez-y-lo-vinculo-al-kirchnerismo\/","title":{"rendered":"Milei redobl\u00f3 el ataque a Pedro S\u00e1nchez y lo vincul\u00f3 al kirchnerismo"},"content":{"rendered":"<p>Javier Milei es el primer l\u00edder pol\u00edtico del siglo XXI que hubo en Argentina. Todos los presidentes que gobernaron entre el 2000 y 2023 son dirigentes que se formaron en la era anal\u00f3gica y aplicaron m\u00e9todos de la centuria anterior. El libertario se inici\u00f3 en la pol\u00edtica en la era de la comunicaci\u00f3n digital algor\u00edtmica y entendi\u00f3 a la perfecci\u00f3n c\u00f3mo construir poder y moverse en tiempos de redes sociales. Id\u00e9ntica l\u00f3gica aplica a la pol\u00edtica exterior. Cada una de sus decisiones se enmarca en su estrategia narrativa. El conflicto con Pedro S\u00e1nchez, presidente de Espa\u00f1a, es otro ejemplo de eso.<\/p>\n<p>El jefe de Estado argentino considera que sali\u00f3 fortalecido en el cruce verbal con el presidente espa\u00f1ol. Sin detenerse en los \u201ccostos pol\u00edticos\u201d -concepto de la vieja pol\u00edtica-, fue a Espa\u00f1a el fin de semana para criticar a S\u00e1nchez y polarizar con el Palacio de la Moncloa, lugar sobresaliente del progresismo en la pol\u00edtica de Europa.<\/p>\n<p>\u201cHace un mes que vienen agredi\u00e9ndome sistem\u00e1ticamente. Cuando me atac\u00f3 el ministro (\u00d3scar) Puente, me hizo esta agresi\u00f3n, yo le contest\u00e9 y como se comieron un tortazo enorme salieron a pedirme disculpas. No S\u00e1nchez. Dicho sea de paso, \u00e9l nunca me llam\u00f3 para felicitarme cuando asum\u00ed\u201d, sostuvo anoche el Presidente en una entrevista con el periodista Jonatan Viale en el canal TN.<\/p>\n<p>&nbsp;<\/p>\n<p><strong>Milei responsabiliz\u00f3 al kirchnerismo<\/strong><\/p>\n<p>Milei conoc\u00eda que la gresca con S\u00e1nchez le permitir\u00eda consolidar su figura como \u201ccelebrity\u201d internacional. \u201cLa gira demostr\u00f3 que soy el m\u00e1ximo exponente de la libertad a nivel mundial\u201d, asegur\u00f3 el jefe de Estado.<\/p>\n<div class=\"container_publi\" data-tipo=\"tipo_desktop \" data-pos=\"AMP_P1_cuerpo\">\n<div class=\"gpt-load\" data-gpt=\"\/22675780113\/nota\/AMP_cuerpo_x\" data-size=\"[750,300]\"><\/div>\n<\/div>\n<p>En seguida, el presidente aplic\u00f3 otra estrategia que ejecuta en su marco narrativo: subordinar la pol\u00edtica exterior a la pol\u00edtica interior. \u201cCuando vieron que les sali\u00f3 mal, que hizo el cobarde de S\u00e1nchez, se meti\u00f3 abajo de la pollera de las mujeres. Dado que uno de sus asesores es Alberto Fern\u00e1ndez, la vi venir. Est\u00e1n buscando este tipo de provocaci\u00f3n para acusarme de mis\u00f3gino\u201d, se expres\u00f3 Milei durante el reportaje en TN y lo relacion\u00f3 con el espacio de Cristina Fern\u00e1ndez de Kirchner: \u201cEn ese contexto, lo que pasa en Espa\u00f1a no es independiente del accionar del kirchnerismo. Esa situaci\u00f3n est\u00e1 promovida por el kirchnerismo desde ac\u00e1 para armar revuelo en Argentina\u201d.<\/p>\n<p>&nbsp;<\/p>\n<p><strong>Un conflicto sin luz al fondo del t\u00fanel<\/strong><\/p>\n<p>Sin intenci\u00f3n de retractarse, Milei mantiene su postura y exige que sea S\u00e1nchez quien se disculpe. Considera que el Gobierno espa\u00f1ol es responsable de comenzar el conflicto. Aluden a los agravios de \u00d3scar Puente, ministro de Transporte de S\u00e1nchez, que atac\u00f3 el 3 de mayo al presidente de Argentina.<\/p>\n<p>El ministro de Transporte y Movilidad Sostenible espa\u00f1ol hab\u00eda insinuado que el Presidente argentino ingiri\u00f3 sustancias y que es \u201cmala persona\u201d. Las declaraciones desataron una dura respuesta por parte el Gobierno argentino. Desde Madrid, la tensi\u00f3n continu\u00f3. Esta semana sum\u00f3 cr\u00edticas a Milei, la ministra de Ciencia y Tecnolog\u00eda de Pedro S\u00e1nchez. El l\u00edder de La Libertad Avanza tom\u00f3 nota de cada cr\u00edtica. Y el domingo, al participar en un acto pol\u00edtico de Vox en Espa\u00f1a, recogi\u00f3 el guante.<\/p>\n<p>La magnitud de la tensi\u00f3n diplom\u00e1tica entre Espa\u00f1a y Argentina de las \u00faltimas horas no conoce antecedentes cercanos en la larga historia de la relaci\u00f3n entre ambas naciones. Ninguno de los dos Gobiernos adopta una actitud que tienda a desescalar el conflicto. Por el contrario, la Casa Rosada exigi\u00f3 una retractaci\u00f3n por parte de Pedro S\u00e1nchez. \u201cNo hay nada sobre lo que tengamos que disculparnos. Esto lo empezaron ellos atacando al presidente Milei\u201d, asegur\u00f3 ante Infobae un funcionario del Balcarce 50 que frecuenta al jefe de Estado.<\/p>\n<div class=\"container_publi\" data-tipo=\"tipo_desktop \" data-pos=\"AMP_P2_cuerpo\">\n<div class=\"gpt-load\" data-gpt=\"\/22675780113\/nota\/AMP_cuerpo_x\" data-size=\"[750,300]\"><\/div>\n<\/div>\n<p>&nbsp;<\/p>\n<p><strong>Milei descarta consecuencias en la relaci\u00f3n comercial con Espa\u00f1a<\/strong><\/p>\n<p>Argentina y Espa\u00f1a tienen un v\u00ednculo diplom\u00e1tico de larga data. Hay una cercan\u00eda cultural y tambi\u00e9n fuertes lazos comerciales. Madrid es uno de los 10 principales socios comerciales de la Casa Rosada. Entre inversiones y exportaciones, la balanza ronda los 4.00 millones de d\u00f3lares con super\u00e1vit para Buenos Aires<\/p>\n<p>A su vez, Espa\u00f1a est\u00e1 entre los 10 principales destinos de exportaciones argentinas, es el segundo mayor aportante de Inversiones Extranjeras Directas. En 2023, Argentina realiz\u00f3 ventas a Espa\u00f1a por 1.441 millones de d\u00f3lares y en el primer trimestre de este a\u00f1o las exportaciones sumaron 264 millones de d\u00f3lares. Los principales insumos de exportaci\u00f3n son la harina y el aceite de soja, as\u00ed como tambi\u00e9n el biodiesel.<\/p>\n<p>Espa\u00f1a es la principal inversi\u00f3n de la Uni\u00f3n Europea en Argentina. En tanto que ese bloque internacional ocupa el tercer lugar de inversores en el pa\u00eds, s\u00f3lo detr\u00e1s de Brasil y China. Un quiebre total de la relaci\u00f3n diplom\u00e1tica con Madrid no ser\u00eda sin costos.<\/p>\n<p>No obstante, en el Gobierno descartan que el conflicto entre Milei y S\u00e1nchez tenga un correlato comercial. Pese al posicionamiento p\u00fablico de la C\u00e1mara empresaria de Espa\u00f1a y un grupo de empresas espa\u00f1olas, que cuestionaron la actitud de Milei, la Casa Rosada eval\u00faa que las relaciones entre ambas naciones no est\u00e1n en riesgo.<\/p>\n","protected":false},"excerpt":{"rendered":"<p>Javier Milei es el primer l\u00edder pol\u00edtico del siglo XXI que hubo en Argentina. Todos los presidentes que gobernaron entre el 2000 y 2023 son dirigentes que se formaron en la era anal\u00f3gica y aplicaron m\u00e9todos de la centuria anterior. El libertario se inici\u00f3 en la pol\u00edtica en la era de la comunicaci\u00f3n digital algor\u00edtmica [&hellip;]<\/p>\n","protected":false},"author":2,"featured_media":20549,"comment_status":"closed","ping_status":"closed","sticky":false,"template":"","format":"standard","meta":{"footnotes":""},"categories":[79],"tags":[],"class_list":{"0":"post-20548","1":"post","2":"type-post","3":"status-publish","4":"format-standard","5":"has-post-thumbnail","7":"category-politica"},"_links":{"self":[{"href":"https:\/\/radiobitacora.com.ar\/web\/wp-json\/wp\/v2\/posts\/20548","targetHints":{"allow":["GET"]}}],"collection":[{"href":"https:\/\/radiobitacora.com.ar\/web\/wp-json\/wp\/v2\/posts"}],"about":[{"href":"https:\/\/radiobitacora.com.ar\/web\/wp-json\/wp\/v2\/types\/post"}],"author":[{"embeddable":true,"href":"https:\/\/radiobitacora.com.ar\/web\/wp-json\/wp\/v2\/users\/2"}],"replies":[{"embeddable":true,"href":"https:\/\/radiobitacora.com.ar\/web\/wp-json\/wp\/v2\/comments?post=20548"}],"version-history":[{"count":0,"href":"https:\/\/radiobitacora.com.ar\/web\/wp-json\/wp\/v2\/posts\/20548\/revisions"}],"wp:featuredmedia":[{"embeddable":true,"href":"https:\/\/radiobitacora.com.ar\/web\/wp-json\/wp\/v2\/media\/20549"}],"wp:attachment":[{"href":"https:\/\/radiobitacora.com.ar\/web\/wp-json\/wp\/v2\/media?parent=20548"}],"wp:term":[{"taxonomy":"category","embeddable":true,"href":"https:\/\/radiobitacora.com.ar\/web\/wp-json\/wp\/v2\/categories?post=20548"},{"taxonomy":"post_tag","embeddable":true,"href":"https:\/\/radiobitacora.com.ar\/web\/wp-json\/wp\/v2\/tags?post=20548"}],"curies":[{"name":"wp","href":"https:\/\/api.w.org\/{rel}","templated":true}]}}