{"id":20551,"date":"2024-05-21T08:25:07","date_gmt":"2024-05-21T11:25:07","guid":{"rendered":"https:\/\/radiobitacora.com.ar\/web\/?p=20551"},"modified":"2024-05-21T08:25:07","modified_gmt":"2024-05-21T11:25:07","slug":"gremios-docentes-convocaron-a-un-paro-nacional-para-este-jueves","status":"publish","type":"post","link":"https:\/\/radiobitacora.com.ar\/web\/2024\/05\/21\/gremios-docentes-convocaron-a-un-paro-nacional-para-este-jueves\/","title":{"rendered":"Gremios docentes convocaron a un paro nacional para este jueves"},"content":{"rendered":"<p>Los sindicatos docentes Ctera y los que integran la CGT convocaron a un paro de 24 horas para este jueves en las escuelas de todo el pa\u00eds, en reclamo de un aumento salarial.<\/p>\n<p>La medida de fuerza afectar\u00e1 a todo el sistema educativo (inicial, primaria, secundaria, t\u00e9cnica, institutos de educaci\u00f3n superior y nivel universitario) \u201cante la falta de respuestas a las demandas salariales, laborales y de financiamiento educativo\u201d, inform\u00f3 Ctera en un comunicado.<\/p>\n<p>El mismo jueves del paro sesionar\u00e1n en el Congreso de la Naci\u00f3n, las Comisiones de Presupuesto y de Educaci\u00f3n de Diputados, por lo que el gremio mayoritario del sector anunci\u00f3 que realizar\u00e1 una concentraci\u00f3n frente al parlamento \u201cpara exigir el tratamiento de financiamiento universitario, la convocatoria a Paritaria Nacional Docente y restituci\u00f3n del Fonid\u201d, entre otros puntos.<\/p>\n<p>La huelga es impulsada por Ctera, columna vertebral de la CTA de los Trabajadores, pero tambi\u00e9n por los cuatro gremios docentes de la CGT: UDA, Amet, CEA y Sadop.<\/p>\n<div class=\"container_publi\" data-tipo=\"tipo_desktop \" data-pos=\"AMP_P1_cuerpo\">\n<div class=\"gpt-load\" data-gpt=\"\/22675780113\/nota\/AMP_cuerpo_x\" data-size=\"[750,300]\"><\/div>\n<\/div>\n<p>\u201cLa falta de respuestas han ocasionado p\u00e9rdida del poder adquisitivo de nuestros salarios \u2013desde diciembre de 2023 hay docentes con salarios de 250 mil pesos-, desfinanciamiento educativo en todas las \u00e1reas, ocasionando y profundizando los \u00a0conflictos provinciales, ante la ausencia del Estado como garante del piso salarial docente y los recursos necesarios para el funcionamiento del sistema educativo\u201d, sostuvo Ctera.<\/p>\n","protected":false},"excerpt":{"rendered":"<p>Los sindicatos docentes Ctera y los que integran la CGT convocaron a un paro de 24 horas para este jueves en las escuelas de todo el pa\u00eds, en reclamo de un aumento salarial. La medida de fuerza afectar\u00e1 a todo el sistema educativo (inicial, primaria, secundaria, t\u00e9cnica, institutos de educaci\u00f3n superior y nivel universitario) \u201cante [&hellip;]<\/p>\n","protected":false},"author":2,"featured_media":20552,"comment_status":"closed","ping_status":"closed","sticky":false,"template":"","format":"standard","meta":{"footnotes":""},"categories":[79],"tags":[],"class_list":{"0":"post-20551","1":"post","2":"type-post","3":"status-publish","4":"format-standard","5":"has-post-thumbnail","7":"category-politica"},"_links":{"self":[{"href":"https:\/\/radiobitacora.com.ar\/web\/wp-json\/wp\/v2\/posts\/20551","targetHints":{"allow":["GET"]}}],"collection":[{"href":"https:\/\/radiobitacora.com.ar\/web\/wp-json\/wp\/v2\/posts"}],"about":[{"href":"https:\/\/radiobitacora.com.ar\/web\/wp-json\/wp\/v2\/types\/post"}],"author":[{"embeddable":true,"href":"https:\/\/radiobitacora.com.ar\/web\/wp-json\/wp\/v2\/users\/2"}],"replies":[{"embeddable":true,"href":"https:\/\/radiobitacora.com.ar\/web\/wp-json\/wp\/v2\/comments?post=20551"}],"version-history":[{"count":0,"href":"https:\/\/radiobitacora.com.ar\/web\/wp-json\/wp\/v2\/posts\/20551\/revisions"}],"wp:featuredmedia":[{"embeddable":true,"href":"https:\/\/radiobitacora.com.ar\/web\/wp-json\/wp\/v2\/media\/20552"}],"wp:attachment":[{"href":"https:\/\/radiobitacora.com.ar\/web\/wp-json\/wp\/v2\/media?parent=20551"}],"wp:term":[{"taxonomy":"category","embeddable":true,"href":"https:\/\/radiobitacora.com.ar\/web\/wp-json\/wp\/v2\/categories?post=20551"},{"taxonomy":"post_tag","embeddable":true,"href":"https:\/\/radiobitacora.com.ar\/web\/wp-json\/wp\/v2\/tags?post=20551"}],"curies":[{"name":"wp","href":"https:\/\/api.w.org\/{rel}","templated":true}]}}