{"id":20593,"date":"2024-05-27T08:07:24","date_gmt":"2024-05-27T11:07:24","guid":{"rendered":"https:\/\/radiobitacora.com.ar\/web\/?p=20593"},"modified":"2024-05-27T08:07:24","modified_gmt":"2024-05-27T11:07:24","slug":"la-iglesia-le-exigio-al-gobierno-que-reparta-los-alimentos-que-mantiene-retenidos","status":"publish","type":"post","link":"https:\/\/radiobitacora.com.ar\/web\/2024\/05\/27\/la-iglesia-le-exigio-al-gobierno-que-reparta-los-alimentos-que-mantiene-retenidos\/","title":{"rendered":"La Iglesia le exigi\u00f3 al Gobierno que reparta los alimentos que mantiene retenidos"},"content":{"rendered":"<p>El presidente del Episcopado, el obispo Oscar Ojea, le exigi\u00f3 al gobierno que reparta a los comedores comunitarios los alimentos que mantiene retenidos.\u00a0<b>\u201cNos hemos enterado sobre la existencia de dos dep\u00f3sitos en el Ministerio de Desarrollo Social que tienen cinco mil toneladas de alimentos guardados\u201d,<\/b>\u00a0dijo en un video difundido por las redes sociales. &#8220;No entro en las razones por las que est\u00e1n guardados, pero pienso que en un tiempo de emergencia alimentaria esto debe llamarnos a la reflexi\u00f3n\u201d. Ojea insisti\u00f3 en que el gobierno debe distribuirlos y agreg\u00f3 que tiene que hacerlo \u201cr\u00e1pidamente\u201d.<\/p>\n<p>El mensaje de la iglesia fue difundido despu\u00e9s de que Milei dijera, el viernes, que no es cierto que a la mayor\u00eda de los argentinos los ingresos no les alcanzan. \u201cSi la gente no llegara a fin de mes ya se hubiera muerto\u201d, contest\u00f3 el presidente a un movilero que le preguntaba, justamente, por qu\u00e9 el gobierno no reparte esos alimentos.<\/p>\n<div id=\"talkFireEvent\"><\/div>\n<div class=\"slot-available\"><\/div>\n<p>\u00bfFue lo de Ojea una r\u00e9plica a Milei? Eso est\u00e1 abierto a interpretaciones. Lo que es claro es que el obispo le respondi\u00f2 a uno de sus funcionarios, Pablo de la Torre, secretario de Ni\u00f1ez y Adolescencia y segundo de la ministra de Capital Humano, Sandra Pettovello, en el \u00e1rea de asistencia social. De la Torre sostuvo este fin de semana que los alimentos que permanecen sin distribuir desde diciembre est\u00e1n guardados \u201cpara situaciones de emergencia\u201d.<\/p>\n<p><b>El obispo us\u00f3 esa misma palabra en su mensaje: dijo que el pa\u00eds est\u00e1 en emergencia alimentaria.<\/b><\/p>\n<h2>Las explicaciones<\/h2>\n<p>El ministerio de Capital Humano que conduce Pettovello fue puesto al descubierto la semana pasada, cuando debi\u00f3 admitir que nunca distribuy\u00f3 miles de kilos de leche en polvo, harina, aceite, yerba, pur\u00e9 de tomate y otros alimentos comprados por la gesti\u00f3n anterior, que mantiene en dos galpones, uno en Caba y el segundo en Tucum\u00e1n.<b>\u00a0<\/b>El se\u00f1alamiento a Pettovello no es s\u00f3lo que no los haya repartido en momentos en que la poblaci\u00f3n pasa una de las peores crisis alimentarias,<b>\u00a0parangonable a la del 2001 o a las hiperinflaciones que terminaron anticipadamente con el mandato de Ra\u00fal Alfons\u00edn, sino adem\u00e1s que esos alimentos tienen fecha de vencimiento.<\/b><\/p>\n<div class=\"slot-available\"><\/div>\n<p>Desde que el tema se conoci\u00f3, el gobierno libertario se vio obligado a dar explicaciones. Su discurso fue cambiando. Inicialmente el vocero presidencial, Manuel Adorni, dijo: \u201cpor supuesto que los alimentos se van a repartir, es una obviedad, van a llegar a la gente que le tiene que llegar\u201d. Luego Milei asegur\u00f3 que los alimentos \u201cs\u00ed se est\u00e1n repartiendo, pero hay gente que curra\u201d. Finalmente, De la Torre sostuvo que son alimentos para \u201csituaciones de cat\u00e1strofe\u201d. Se supone que sus declaraciones expresan la posici\u00f3n de la ministra.<\/p>\n<p>\u00bfA qu\u00e9 alude la afirmaci\u00f3n de la iglesia sobre que el pa\u00eds est\u00e1 en emergencia alimentaria? Hace apenas una semana el director del Observatorio de la Deuda Social de la Universidad Cat\u00f3lica,\u00a0<b>Agust\u00edn Salvia, confirm\u00f3 que los informes preliminares del observatorio muestran que la indigencia se agrav\u00f3 abruptamente y ya afecta al 18% de la poblaci\u00f3n, el doble de lo registrado hace apenas un a\u00f1o.<\/b><\/p>\n<div class=\"slot-available\"><\/div>\n<p>Ese 18% est\u00e1 muy por encima de la media, que tiende a estar por debajo del 10%. Otro modo de medir la dimensi\u00f3n de lo que est\u00e1 ocurriendo es compararlo con lo sucedido durante los gobiernos de Macri y Cristina, \u201ccuando estaba debajo del 6%\u201d, record\u00f3 el investigador.<\/p>\n<p>Salvia tambi\u00e9n dijo que hubo un pico de la crisis en febrero y que luego hubo una recomposici\u00f3n de los ingresos. Con todo, cualquiera que salga a la calle puede constatar que desde enero, cada vez se ven m\u00e1s personas buscando comida en la basura.<\/p>\n<p>La l\u00ednea de indigencia de la que habl\u00f3 Salvia se calcula seg\u00fan el costo de una canasta alimentaria imprescindible (este es el t\u00e9rmino que utiliza el Indec). En abril, esa canasta compuesta solo por alimentos tuvo un costo de 121 mil pesos por adulto.\u00a0<b>Una familia de dos adultos y dos ni\u00f1os necesit\u00f3 ingresos por 373 mil pesos para poder comer.<\/b><\/p>\n<div class=\"slot-available\"><\/div>\n<h2>Sensibilidad<\/h2>\n<p>En su mensaje, Ojea se\u00f1al\u00f3 que a la iglesia le preocupa \u201cque se vaya perdiendo sensibilidad frente a un derecho que es primario como es el derecho al alimento\u201d.<\/p>\n<p>El obispo habl\u00f3 de la \u201csensibilidad\u201d frente a la falta de comida y plante\u00f3 que se trata de un valor primordial.<\/p>\n<p>\u201cHay una vieja tradici\u00f3n cristiana asumida por mi abuela materna; ella me dec\u00eda que cuando tirara un poquito de pan besara el pan y pensara en ese pan que yo pude comer y que no iba a comer, porque hab\u00eda otro que realmente lo necesitaba\u201d.<\/p>\n<div class=\"slot-available\"><\/div>\n<p><b>\u201cDios quiera que r\u00e1pidamente se abran esos dep\u00f3sitos para que los hermanos con tant\u00edsimas necesidades puedan disfrutar su alimento diario\u201d,<\/b>\u00a0insisti\u00f3.<\/p>\n<h2>La disputa de fondo<\/h2>\n<p>La decisi\u00f3n de no entregar alimentos a los comedores y merenderos es consecuencia de una estrategia pol\u00edtica adoptada por el gobierno libertario, la de \u201cempobrecer\u201d y debilitar a los movimientos sociales, a los que ve como una amenaza.<\/p>\n<p>Esta pol\u00edtica fue blanqueada por el asesor presidencial (y futuro ministro) Federico Sturzenegger, quien postula que en la Argentina, un gobierno liberal debe \u201cempobrecer a los grupos de inter\u00e9s\u201d, si quiere \u201ccambiar el statu quo\u201d.<\/p>\n<div class=\"slot-available\"><\/div>\n<p>Es s\u00f3lo en base a esta idea que la postura del ministerio de Capital Humano, que se mantiene intransigente ante todos los reclamos de que mande alimentos a las organizaciones sociales, se vuelve comprensible.<\/p>\n<p>Pettovello firm\u00f3 convenios de asistencia alimentaria con Aciera, el sector m\u00e1s conservador de la iglesia evangelista, y los renov\u00f3 con C\u00e1ritas en la iglesia cat\u00f3lica.<b>\u00a0Pero a\u00fan recost\u00e1ndose en las iglesias, los datos de ejecuci\u00f3n del presupuesto muestran que redujo en un 45 por ciento el gasto destinado a los comedores.<\/b><\/p>\n<p><b>Como reacci\u00f3n a este brutal recorte, los movimientos vienen haciendo protestas callejeras.\u00a0<\/b>Llevan m\u00e1s de cuatro meses con marchas y jornadas de lucha semanales, pero no han conseguido que se inicie una instancia de negociaci\u00f3n. Por el contrario, la respuesta a sus movilizaciones ha sido la represi\u00f3n (en uno de esos operativos un manifestante perdi\u00f3 la visi\u00f3n en un ojo, por un balazo de goma) y una tremenda campa\u00f1a de deslegitimaci\u00f3n, que incluye dos denuncias en los tribunales federales. El se\u00f1alamiento es que los dirigentes sociales extorsionan a los beneficiarios de las pol\u00edticas de asistencia. M\u00e1s all\u00e1 del tema de si las denuncias est\u00e1n fundadas o constituyen una operaci\u00f3n medi\u00e1tica, en los hechos en base a casos puntuales de abusos, el ministerio justifica el quite de la asistencia al conjunto.<\/p>\n<div class=\"slot-available\"><\/div>\n<h2>C\u00f3mo sigue el conflicto<\/h2>\n<p>Adem\u00e1s de la Conferencia Episcopal, este domingo habl\u00f3 del tema de los comedores Juan Grabois, el dirigente social con m\u00e1s llegada al Papa Francisco. Grabois inici\u00f3, junto con el Cels, una demanda judicial para que el gobierno restablezca el env\u00edo de alimentos a los comedores.<\/p>\n<p>Ayer respondi\u00f3 el argumento gubernamental que sostiene que la mitad de los comedores no existen. El planteo es sostenido por la ministra Petovello en base a una auditor\u00eda.<\/p>\n<p>\u201cEs falso que auditaron los comedores que reciben alimentos del Estado: auditaron comedores que se inscribieron durante la pandemia\u201d, plante\u00f3 Grabois. \u201cEn el expediente de la denuncia que hicimos, tuvieron que reconocer que solo el 17% de los comedores relevados recib\u00edan asistencia nacional. Es decir, relevaron cualquier cosa\u201d, asegur\u00f3.<\/p>\n<div class=\"slot-available\"><\/div>\n<p>Agreg\u00f3 que de los supuestos comedores fantasma, los movimientos encontraron \u201cdecenas de casos\u201d en los que el ministerio \u201cminti\u00f3 impune y groseramente porque sus propios relevadores registraban que el comedor exist\u00eda, pero no recib\u00eda alimentos desde enero. Por ende, obviamente, no pod\u00eda funcionar\u201d.<\/p>\n<p>Grabois tambi\u00e9n sali\u00f3 al cruce del argumento de que los alimentos \u201cest\u00e1n guardados para cat\u00e1strofes\u201d: \u201c\u00bfAcaso el temporal de Bah\u00eda Blanca del 16 de diciembre no fue cat\u00e1strofe suficientemente para entregar los alimentos?\u201d, se pregunt\u00f3. \u201c\u00bfO el temporal de Corrientes en marzo de este a\u00f1o? \u00bfEl que hubo en Buenos Aires ese mismo mes?\u201d. Para el dirigente, s\u00f3lo hay una explicaci\u00f3n y es que \u201cel gobierno nos est\u00e1 tomando el pelo\u201d.<\/p>\n<p>La discusi\u00f3n p\u00fablica sobre la asistencia alimentaria tendr\u00e1 un nuevo cap\u00edtulo en la calle,\u00a0<b>los pr\u00f3ximos d\u00edas, ya que las organizaciones sociales eval\u00faan la posibilidad de que el dep\u00f3sito de alimentos en Caba sea el escenario de su pr\u00f3xima movilizaci\u00f3n.<\/b><\/p>\n","protected":false},"excerpt":{"rendered":"<p>El presidente del Episcopado, el obispo Oscar Ojea, le exigi\u00f3 al gobierno que reparta a los comedores comunitarios los alimentos que mantiene retenidos.\u00a0\u201cNos hemos enterado sobre la existencia de dos dep\u00f3sitos en el Ministerio de Desarrollo Social que tienen cinco mil toneladas de alimentos guardados\u201d,\u00a0dijo en un video difundido por las redes sociales. &#8220;No entro [&hellip;]<\/p>\n","protected":false},"author":2,"featured_media":20594,"comment_status":"closed","ping_status":"closed","sticky":false,"template":"","format":"standard","meta":{"footnotes":""},"categories":[65],"tags":[],"class_list":{"0":"post-20593","1":"post","2":"type-post","3":"status-publish","4":"format-standard","5":"has-post-thumbnail","7":"category-economia"},"_links":{"self":[{"href":"https:\/\/radiobitacora.com.ar\/web\/wp-json\/wp\/v2\/posts\/20593","targetHints":{"allow":["GET"]}}],"collection":[{"href":"https:\/\/radiobitacora.com.ar\/web\/wp-json\/wp\/v2\/posts"}],"about":[{"href":"https:\/\/radiobitacora.com.ar\/web\/wp-json\/wp\/v2\/types\/post"}],"author":[{"embeddable":true,"href":"https:\/\/radiobitacora.com.ar\/web\/wp-json\/wp\/v2\/users\/2"}],"replies":[{"embeddable":true,"href":"https:\/\/radiobitacora.com.ar\/web\/wp-json\/wp\/v2\/comments?post=20593"}],"version-history":[{"count":0,"href":"https:\/\/radiobitacora.com.ar\/web\/wp-json\/wp\/v2\/posts\/20593\/revisions"}],"wp:featuredmedia":[{"embeddable":true,"href":"https:\/\/radiobitacora.com.ar\/web\/wp-json\/wp\/v2\/media\/20594"}],"wp:attachment":[{"href":"https:\/\/radiobitacora.com.ar\/web\/wp-json\/wp\/v2\/media?parent=20593"}],"wp:term":[{"taxonomy":"category","embeddable":true,"href":"https:\/\/radiobitacora.com.ar\/web\/wp-json\/wp\/v2\/categories?post=20593"},{"taxonomy":"post_tag","embeddable":true,"href":"https:\/\/radiobitacora.com.ar\/web\/wp-json\/wp\/v2\/tags?post=20593"}],"curies":[{"name":"wp","href":"https:\/\/api.w.org\/{rel}","templated":true}]}}