{"id":20596,"date":"2024-05-27T08:10:24","date_gmt":"2024-05-27T11:10:24","guid":{"rendered":"https:\/\/radiobitacora.com.ar\/web\/?p=20596"},"modified":"2024-05-27T08:10:24","modified_gmt":"2024-05-27T11:10:24","slug":"milei-comienza-a-terminarse-o-recien-empieza","status":"publish","type":"post","link":"https:\/\/radiobitacora.com.ar\/web\/2024\/05\/27\/milei-comienza-a-terminarse-o-recien-empieza\/","title":{"rendered":"\u00bfMilei comienza a terminarse o reci\u00e9n empieza?"},"content":{"rendered":"<p lang=\"es-ES\" xml:lang=\"es-ES\"><b>Tomados casi todos los hechos de lo sucedido esta semana, que no fueron precisamente pocos, se ratifica la impresi\u00f3n de que hay una \u00fanica agenda. Es la fijada por el Gobierno, incluyendo aquellos aspectos que sin duda lo perjudican.<\/b><\/p>\n<p lang=\"es-ES\" xml:lang=\"es-ES\">Fue<b>\u00a0<\/b>el propio Javier Milei quien se encarg\u00f3 no ya de desmentir cambios ministeriales, sino de alentarlos. A la cabeza est\u00e1 el jefe de Gabinete, Nicol\u00e1s Posse, cuya suerte parece echada desde que la hermana presidencial le pic\u00f3 el boleto.<\/p>\n<div id=\"talkFireEvent\"><\/div>\n<p lang=\"es-ES\" xml:lang=\"es-ES\">Las versiones var\u00edan entre fuertes desavenencias de car\u00e1cter personal, ineficiencia ejecutiva y encontronazos por motivos de negocios.\u00a0<b>Lo m\u00e1s probable es lo tercero, de acuerdo con varias fuentes que requirieron estricta reserva.\u00a0<\/b>Se liga a la cantidad de gente e intereses con que el mudo llen\u00f3 organismos estatales. Entre ellos, la Agencia Federal de Inteligencia con andanzas de las que habr\u00edan sido v\u00edctimas miembros del equipo gubernamental.<\/p>\n<div class=\"slot-available\"><\/div>\n<p lang=\"es-ES\" xml:lang=\"es-ES\"><b>La causa principal sigue siendo un Gobierno en manos de quienes jam\u00e1s pensaron que lo ser\u00edan y que, en consecuencia, tiene una gesti\u00f3n absolutamente improvisada.<\/b>\u00a0No es un juicio de valor, sino un dato de constataci\u00f3n p\u00fablica.<\/p>\n<p lang=\"es-ES\" xml:lang=\"es-ES\">La cantidad de funcionarios despedidos y renunciados, desde el 10 de diciembre, se cuenta por decenas. El mi\u00e9rcoles pasado,\u00a0<b>P\u00e1gina\/12\u00a0<\/b>public\u00f3 una detallada cr\u00f3nica al respecto. La lista es abrumadora y comprende a las \u00e1reas m\u00e1s diversas. Pero no semeja afectar a nadie porque es un paisaje naturalizado, aunque estemos hablando de que eyectaron a unos 40 ejemplares sin haberse llegado a 6 meses de gobierno.<\/p>\n<p lang=\"es-ES\" xml:lang=\"es-ES\"><b>Por lo que fuere, medio mundo conoce o sabe que, cuando comienzan a circular reemplazos de ministros con peso y movimientos del d\u00f3lar, algo no anda bien.<\/b><\/p>\n<div class=\"slot-available\"><\/div>\n<p lang=\"es-ES\" xml:lang=\"es-ES\">En el acting de Milei en el Luna Park hubo un pormenor que, de inmediato a producirse, pas\u00f3 inadvertido o relativizado para la inmensa mayor\u00eda de los medios, redes y opin\u00f3logos.<\/p>\n<p lang=\"es-ES\" xml:lang=\"es-ES\">Fue, quiz\u00e1s, porque la tela que dej\u00f3 ese espect\u00e1culo surrealista se teji\u00f3 alrededor de la escenograf\u00eda. Del tipo de c\u00e1nticos y reacciones, que comprendieron a \u201cKeynes Ladr\u00f3n\u201d. De Yuyito Gonz\u00e1lez en primera fila, en la butaca que justamente deb\u00eda ocupar Posse. O del remate lis\u00e9rgico con el fondo de la Bersuit acerca de que se viene el estallido.<\/p>\n<p lang=\"es-ES\" xml:lang=\"es-ES\"><b>La cuesti\u00f3n es que Milei dijo cual si nada que Federico Sturzenneger ser\u00e1 ministro, como si fuera a serlo en el escenario tur\u00edstico o en una competencia por qui\u00e9n escupe m\u00e1s lejos.\u00a0<\/b>Manuel Adorno se\u00f1al\u00f3 que \u201cno est\u00e1 definida la posici\u00f3n\u201d. Es maravilloso. Puede ir de arquero, cinco raspador, falso nueve o bien de punta.<\/p>\n<div class=\"slot-available\"><\/div>\n<p lang=\"es-ES\" xml:lang=\"es-ES\">Ll\u00e1menle incre\u00edble o cuanto prefieran: el Presidente de la Naci\u00f3n anuncia que se viene un reemplazo a nivel del manejo de la econom\u00eda -en el espacio propiamente dicho, en rango s\u00faperministerial o alrededores- y no pasa nada.\u00a0<b>Por el momento, es cierto. Pero es un momento desconcertante que se proyecta mucho m\u00e1s all\u00e1.<\/b><\/p>\n<p lang=\"es-ES\" xml:lang=\"es-ES\">Si mencion\u00e1ramos a algo o alguien en las diez de \u00faltimas, producto de sus yerros y de que enfrente hay una alternativa relativamente eficaz o percibida como tal, es una cosa. Pero es otra al tratarse de una instancia epocal y con caracter\u00edsticas locales que refuerzan el desconcierto.<\/p>\n<p lang=\"es-ES\" xml:lang=\"es-ES\">No es que \u201cno pasa nada\u201d al cabo de Milei actuando de rockstar en medio de una situaci\u00f3n social dram\u00e1tica. Y en lo particular, en una semana que concentr\u00f3 m\u00e1s y m\u00e1s \u00edndices recesivos. De Misiones.\u00a0<b>De haberse descubierto el dep\u00f3sito donde el ministerio de Sandra Pettovello tiene encanutadas miles de toneladas de alimentos, mientras el Gobierno sigue ampar\u00e1ndose en la denuncia de \u201ccomedores fantasmas\u201d que se revel\u00f3 como otra fake porque no pudo presentar pruebas judiciales.<\/b><\/p>\n<div class=\"slot-available\"><\/div>\n<p lang=\"es-ES\" xml:lang=\"es-ES\">No es que Milei cant\u00f3, porque si es por eso todos cantaron o tuvieron raptos de show. Vamos. Esa chicana es barata. La pol\u00edtica misma implica concepto de show, desde hace todos los tiempos.\u00a0<b>El tema es si ese dispositivo est\u00e1 contenido en un argumento mayor.<\/b><\/p>\n<p lang=\"es-ES\" xml:lang=\"es-ES\">Como destac\u00f3 el soci\u00f3logo Luis Alberto Quevedo, si es por actuaci\u00f3n Cristina tambi\u00e9n impone decorados, frasea para la tribuna y muestra gr\u00e1ficos. Pero lo hace de manera pedag\u00f3gica y encierra o desaf\u00eda en marcos hist\u00f3ricos que todos entienden, al margen de si se la denuesta o admira: la deuda externa, la cultura bimonetaria, c\u00f3mo se produce qu\u00e9 para que se la lleven qui\u00e9nes y cu\u00e1ntos, etc\u00e9tera. O Alfons\u00edn recitaba el pre\u00e1mbulo constitucional con un sentido de atenci\u00f3n patri\u00f3tica.<\/p>\n<p lang=\"es-ES\" xml:lang=\"es-ES\"><b>Milei, por el contrario, es el espect\u00e1culo por el espect\u00e1culo mismo.<\/b>\u00a0En un acto o en las parodias de entrevistas que concede a sus promotores, sin repreguntas siquiera bien ensayadas, es capaz de enumerar la secuencia del PBI planetario desde el comienzo civilizatorio que se le ocurra. O de citar autores que ni apenas sabe pronunciar correctamente, y que no le importan a nadie en ninguna parte porque no tienen lugar preponderante en la consideraci\u00f3n cient\u00edfica, t\u00e9cnica, argumental.<\/p>\n<div class=\"slot-available\"><\/div>\n<p lang=\"es-ES\" xml:lang=\"es-ES\"><b>Pero tampoco es eso, como no lo es haber llegado a la tapa de Time en una nota que lo destruye. Ni prevenir que el d\u00f3lar empez\u00f3 a moverse porque la casta no termina de aprobarle la ley Bases, mientras ven\u00eda de reiterar que si el instrumento no sale le importa \u201ctres carajos\u201d. Ni subrayar alegremente que los salarios le ganan a la inflaci\u00f3n. Ni mandar a responder que lo de Misiones es un asunto policial como si, a la par de ser veraz que los manifestantes se cuidan de criticarlo, pudiera aislarse del clima de protesta. Ni decir que ya se hubieran muerto los que dicen que no llegan a fin de mes\u00a0<\/b><i>(confesi\u00f3n personal sobre esto \u00faltimo: al recibir el primer posteo f\u00edlmico del episodio, el firmante pens\u00f3 que era una ingeniosa artima\u00f1a de Inteligencia Artificial de las que tanto abundan).<\/i><\/p>\n<p lang=\"es-ES\" xml:lang=\"es-ES\">A la hora de hablar de qu\u00e9 es, si no es \u00fanicamente eso, ser\u00eda mejor mirar a lo que (no) se encuentra en la vereda adversaria.<\/p>\n<div class=\"slot-available\"><\/div>\n<p lang=\"es-ES\" xml:lang=\"es-ES\">Hay un asunto que se entiende f\u00e1cil. Es el fracaso del gobierno anterior,\u00a0<b>que no abarca a todos los campos.<\/b>\u00a0Pero s\u00ed alcanza a la lucha contra la inflaci\u00f3n, que en rigor no dio. O que no demostr\u00f3 que diera.\u00a0<b>Milei se cuela por ah\u00ed, para incurrir en una obviedad y aunque sea a costa de una recesi\u00f3n espantosa. \u00bfAcaso el Frente de Todos exhibi\u00f3 una ilusi\u00f3n o ilusionismo m\u00e1s potente?<\/b><\/p>\n<p lang=\"es-ES\" xml:lang=\"es-ES\">Junto con eso, el presente de la ex Uni\u00f3n por la Patria s\u00f3lo puede mostrar el m\u00e9rito de sus bloques parlamentarios. Enfrenta a las brutales iniciativas oficialistas. No es un dato menor, porque el \u00f3mnibus de la ley Bases se convirti\u00f3 primero en combi y ahora en triciclo. Incluso, permite registrar la aparici\u00f3n de figuras confrontadoras, s\u00f3lidas, atractivas en lo medi\u00e1tico, que no estaban en el radar. Germ\u00e1n Mart\u00ednez, por ejemplo.<\/p>\n<div class=\"slot-available\"><\/div>\n<p lang=\"es-ES\" xml:lang=\"es-ES\"><b>Pero no pasa del mundillo politizado porque, encima, lo que s\u00ed trasciende es la interna desgastante del peronismo bonaerense (casi, o derecho viejo, se dir\u00eda que del peronismo a secas).\u00a0<\/b>Y en eso queda insertada la falta de reflejos para responder a casos como el de Fernando Espinoza, intendente de La Matanza, que desat\u00f3 otra interna dentro de la interna. Una fiesta para el gui\u00f3n libertarista.<\/p>\n<p lang=\"es-ES\" xml:lang=\"es-ES\">Entonces, no solamente puede responderse a los \u00edndices de popularidad que conserva Milei con la grilla de que baja la inflaci\u00f3n.<\/p>\n<p lang=\"es-ES\" xml:lang=\"es-ES\">Si enfrente no hay de qu\u00e9 agarrarse, \u00bfes justo el solitario mecanismo de putear a tanta buena parte de \u201cla gente\u201d que contin\u00faa confiando o resign\u00e1ndose a su verdugo? \u00bfS\u00ed? Puede ser.<\/p>\n<div class=\"slot-available\"><\/div>\n<p lang=\"es-ES\" xml:lang=\"es-ES\"><b>Pero m\u00e1s parece que la pregunta no es \u00e9sa. Ser\u00eda con qui\u00e9nes, cu\u00e1ndo, y c\u00f3mo, la oposici\u00f3n podr\u00e1 superar este estado de mera catarsis.<\/b><\/p>\n","protected":false},"excerpt":{"rendered":"<p>Tomados casi todos los hechos de lo sucedido esta semana, que no fueron precisamente pocos, se ratifica la impresi\u00f3n de que hay una \u00fanica agenda. Es la fijada por el Gobierno, incluyendo aquellos aspectos que sin duda lo perjudican. Fue\u00a0el propio Javier Milei quien se encarg\u00f3 no ya de desmentir cambios ministeriales, sino de alentarlos. [&hellip;]<\/p>\n","protected":false},"author":2,"featured_media":20597,"comment_status":"closed","ping_status":"closed","sticky":false,"template":"","format":"standard","meta":{"footnotes":""},"categories":[79],"tags":[],"class_list":{"0":"post-20596","1":"post","2":"type-post","3":"status-publish","4":"format-standard","5":"has-post-thumbnail","7":"category-politica"},"_links":{"self":[{"href":"https:\/\/radiobitacora.com.ar\/web\/wp-json\/wp\/v2\/posts\/20596","targetHints":{"allow":["GET"]}}],"collection":[{"href":"https:\/\/radiobitacora.com.ar\/web\/wp-json\/wp\/v2\/posts"}],"about":[{"href":"https:\/\/radiobitacora.com.ar\/web\/wp-json\/wp\/v2\/types\/post"}],"author":[{"embeddable":true,"href":"https:\/\/radiobitacora.com.ar\/web\/wp-json\/wp\/v2\/users\/2"}],"replies":[{"embeddable":true,"href":"https:\/\/radiobitacora.com.ar\/web\/wp-json\/wp\/v2\/comments?post=20596"}],"version-history":[{"count":0,"href":"https:\/\/radiobitacora.com.ar\/web\/wp-json\/wp\/v2\/posts\/20596\/revisions"}],"wp:featuredmedia":[{"embeddable":true,"href":"https:\/\/radiobitacora.com.ar\/web\/wp-json\/wp\/v2\/media\/20597"}],"wp:attachment":[{"href":"https:\/\/radiobitacora.com.ar\/web\/wp-json\/wp\/v2\/media?parent=20596"}],"wp:term":[{"taxonomy":"category","embeddable":true,"href":"https:\/\/radiobitacora.com.ar\/web\/wp-json\/wp\/v2\/categories?post=20596"},{"taxonomy":"post_tag","embeddable":true,"href":"https:\/\/radiobitacora.com.ar\/web\/wp-json\/wp\/v2\/tags?post=20596"}],"curies":[{"name":"wp","href":"https:\/\/api.w.org\/{rel}","templated":true}]}}