{"id":20599,"date":"2024-05-27T08:13:16","date_gmt":"2024-05-27T11:13:16","guid":{"rendered":"https:\/\/radiobitacora.com.ar\/web\/?p=20599"},"modified":"2024-05-27T08:13:16","modified_gmt":"2024-05-27T11:13:16","slug":"empezo-el-juego-de-la-silla-todos-los-nombres-en-danza-para-reemplazar-a-nicolas-posse","status":"publish","type":"post","link":"https:\/\/radiobitacora.com.ar\/web\/2024\/05\/27\/empezo-el-juego-de-la-silla-todos-los-nombres-en-danza-para-reemplazar-a-nicolas-posse\/","title":{"rendered":"Empez\u00f3 el juego de la silla: todos los nombres en danza para reemplazar a Nicol\u00e1s Posse"},"content":{"rendered":"<p>El acto libertario en C\u00f3rdoba termin\u00f3 de exponer la ca\u00edda en desgracia del jefe de Gabinete,\u00a0<b>Nicol\u00e1s Posse<\/b>. Los rumores respecto a una salida del ministro coordinador se intensificaron a partir del desplante del Presidente, quien le neg\u00f3 el saludo ante la vista de todo el mundo desde el sector VIP de la Plaza San Mart\u00edn, minutos antes de su discurso. M\u00e1s all\u00e1 de los gestos, el propio Milei hab\u00eda advertido antes del fin de semana que la mesa chica que toma decisiones en la Rosada estaba en proceso de \u201crevisi\u00f3n\u201d y que habr\u00eda cambios toda vez que se destrabe en el Congreso la ley bases, como una suerte de relanzamiento de una gesti\u00f3n asediada por turbulencias internas. La danza de nombres se abri\u00f3 a partir de entonces. En punta picaron el ministro de Interior,\u00a0<b>Guillermo Grancos<\/b>, y el subsecretario de Gesti\u00f3n Institucional,\u00a0<b>Eduardo \u201cLule\u201d Menem<\/b>, muy cercano a\u00a0<b>Karina Milei<\/b>, \u201cEl Jefe\u201d. El listado lo completan el presidente de la Comisi\u00f3n de Presupuesto de Diputados,<b>\u00a0Jos\u00e9 Luis Espert<\/b>\u00a0\u2013de relaci\u00f3n cada vez m\u00e1s estrecha con el Presidente\u2013 y hasta algunos de los dirigentes del PRO vinculados a\u00a0<b>Mauricio Macri<\/b>\u00a0que desde el\u00a0<b>\u201cpacto de Acassuso\u201d\u00a0<\/b>vienen sonando para ocupar distintos cargos al interior del Ejecutivo. Otro apellido de peso, que siempre est\u00e1 tras bambalinas y fue auscultado por Milei es el de\u00a0<b>Sturzenegger<\/b>. El juego de la silla ya comenz\u00f3.<\/p>\n<div class=\"slot-available\"><\/div>\n<div id=\"talkFireEvent\"><\/div>\n<p>La certeza de que Posse ten\u00eda el boleto picado comenz\u00f3 a partir de su faltazo a la presentaci\u00f3n en el Luna Park del \u00faltimo libro de Milei y termin\u00f3 de instalarse con fuerza el 25 de Mayo. Su nombre ni siquiera fue mencionado durante el Ted\u00e9um en la Catedral porte\u00f1a, horas antes que la plana mayor del gabinete se trasladara hacia C\u00f3rdoba. En la docta fue nuevamente ninguneado, y en la Libertad Avanza completaron el proceso de desgaste haciendo trascender posibles cambios en el organigrama del Estado,\u00a0<b>incluso dando a entender que ya fue confeccionado uno nuevo<\/b>, al que s\u00f3lo le faltar\u00eda la firma del Presidente.<\/p>\n<h2><b>El juego de la silla<\/b><\/h2>\n<p>A la hora de los trascendidos, Francos, por su rol de articulaci\u00f3n pol\u00edtica con los gobernadores, la oposici\u00f3n light y las espadas negociadoras del Congreso, surgi\u00f3 como una opci\u00f3n razonable, aunque por eso mismo comparte con Posse la responsabilidad de que la ley bases y el paquete fiscal permanezcan empantanadas en el Senado. Milei lleg\u00f3 al 25 de Mayo sin su proyecto insignia sancionado ni tampoco pudo reunir a una buena porci\u00f3n de los mandatarios provinciales detr\u00e1s de la firma de los famosos \u201cdiez puntos para la libertad\u201d, por lo que, a fin de cuentas, parte de sus objetivos pol\u00edticos m\u00e1s inmediatos redundaron en un fracaso liso y llano. Si la idea de cambio en la Rosada se basa en auscultar al ala pol\u00edtica, la b\u00fasqueda podr\u00eda incluir a funcionarios que no carguen con el peso de la derrota en sus espaldas.<\/p>\n<div class=\"slot-available\"><\/div>\n<p>Si el cambio, por el contrario, se debe al empoderamiento absoluto de Karina Milei, la historia podr\u00eda ser m\u00e1s bien otra. El poder al interior del gabinete de la secretaria general y hermana del presidente, a seis meses de iniciada la gesti\u00f3n, es total. La opci\u00f3n \u201cLule\u201d Menem, del ri\u00f1\u00f3n de \u201cEl Jefe\u201d, como reemplazo de Posse no s\u00f3lo dejar\u00eda a la mesa chica sin una de sus patas importantes, sino que \u2013a su vez, en el mismo movimiento\u2013 producir\u00eda un desbalance de jerarqu\u00edas a su favor.<\/p>\n<p>El ascenso de \u201cLule\u201d en ese marco funcionar\u00eda como la entronizaci\u00f3n absoluta de Karina, pero adem\u00e1s le ahorrar\u00eda al Gobierno el problema de tener que reemplazar a Francos en Interior, desde donde viene tejiendo los pocos avances \u2013a pesar de las distintas idas y vueltas\u2013 del Gobierno en su relaci\u00f3n con las provincias y el Congreso. Uno que son\u00f3 para ese cargo, a esta altura, ya no sorprende: se trata del siempre listo Daniel Scioli, que espera su oportunidad.<\/p>\n<div class=\"slot-available\"><\/div>\n<p>Otro que se anota es Espert, un \u201cperdonado\u201d. Durante la campa\u00f1a, el economista de ultraderecha hab\u00eda jugado para Horacio Rodr\u00edguez Larreta, como parte de la boleta de Juntos por el Cambio. Hasta fines del a\u00f1o pasado, su relaci\u00f3n con Milei estaba rota y ambos se propinan descalificaciones de todo tipo por los medios. Esa situaci\u00f3n cambi\u00f3 radicalmente desde que se hizo cargo de la comisi\u00f3n de Presupuesto de Diputados: su alineamiento con el oficialismo es total y el propio Presidente se encarg\u00f3 de subirlo al escenario del Luna Park, durante su noche de gala. A lo hora los gestos presidenciales, Espert es el caso opuesto al de Posse.<\/p>\n<p>La salida del jefe de gabinete, igualmente, servir\u00eda para descomprimir algunas ri\u00f1as internas que fueron creciendo de tono en las \u00faltimas semanas. Especialmente con Sandra Pettovello, la principal enemiga de Posse, con quien lleg\u00f3 a pelearse incluso por la repartija de oficinas y mobiliario en el edificio c\u00e9ntrico del Consejo de Pol\u00edticas Sociales.<\/p>\n<div class=\"slot-available\"><\/div>\n<h3><b>Sturzenneger sale a la palestra<\/b><\/h3>\n<p>Todav\u00eda no est\u00e1 claro en qu\u00e9 cargo, pero Federico Sturzenegger tomar\u00e1 en adelante un rol mucho m\u00e1s protag\u00f3nico en el gabinete del que ya tiene, tras bambalinas. El autor del DNU 70\/23 es una fija, tal como lo dijo el propio Milei. &#8220;Entra Federico como ministro&#8221;, dijo el Presidente en la misma entrevista en la que adelant\u00f3 que el organigrama &#8220;est\u00e1 en revisi\u00f3n&#8221;. Ser\u00eda, seg\u00fan dijo, luego de que el Congreso sancione la ley bases, con la idea de afrontar una segunda &#8220;etapa de reformas estructurales&#8221;.<\/p>\n<p>Seg\u00fan cont\u00f3\u00a0<b>P\u00e1gina\/12,<\/b>\u00a0el entorno m\u00e1s preocupado ante el asunto es el del ministro de Econom\u00eda, Luis &#8220;Toto&#8221; Caputo, quien viene de una semana complicada ante la mini-corrida que sufri\u00f3 el d\u00f3lar. De todos modos, en el viaje de vuelta desde C\u00f3rdoba, varios ministros del gabinete &#8211;inclu\u00eddo el vocero presidencial, Manuel Adorni&#8211; subieron fotos a sus redes sociales respaldando al ministro e intentando mostrar concordia al interior del gabinete econ\u00f3mico.<\/p>\n<div class=\"slot-available\"><\/div>\n<h3><b>Macri y la hip\u00f3tesis del entrismo<\/b><\/h3>\n<p>Dentro de la estructura del gabinete, Posse ven\u00eda siendo una de las trabas m\u00e1s importante al ingreso de funcionarios provenientes del PRO. El jefe de Gabinete era uno de los escollos para el famoso &#8220;desembarco&#8221; de cuadros t\u00e9cnicos del macrismo, y sostuvo esa idea incluso al punto de renovarle a muchos &#8220;ravioles&#8221; (como se conoce a los secretarios y directores en la jerga estatal) que incluso proven\u00edan de la gesti\u00f3n del Frente de Todos, algo que tambi\u00e9n le vali\u00f3 reproches internos.<\/p>\n<p>Su salida le abrir\u00eda las puertas a muchas segundas l\u00edneas del partido fundado por Macri, quien espera casi desde el momento mismo de la conformaci\u00f3n del gabinete su oportunidad para colocar a dirigentes de su ri\u00f1\u00f3n. Tanto el presidente del bloque del PRO en Diputados, Cristian Ritondo, como Diego Santilli &#8211;quienes pasaron a tomar el control partidario en la provincia de Buenos Aires&#8211; redoblaron en las \u00faltimas horas sus gestos de acercamiento hacia la Libertad Avanza. Estuvieron en el Luna Park, hasta donde llegaron escoltando a Mart\u00edn Menem.<\/p>\n<div class=\"slot-available\"><\/div>\n<p>De todos modos, Ritondo todav\u00eda tiene un rol clave en la c\u00e1mara baja, como articulador de las negociaciones para el avance de las leyes caras al oficialismo, como el paquete que se viene post ley de bases, con la baja de edad de imputabilidad entre otros temas. Macri siempre pidi\u00f3 por \u00e9l en el lugar donde hoy est\u00e1 el propio Menem, como parte del &#8220;pacto de Acasusso&#8221;. Habr\u00e1 que ver si semejante enroque es posible, con el que el expresidente completar\u00eda su &#8220;entrismo&#8221; en la Libertad Avanza, una fuerza a la que hab\u00eda considerado como &#8220;f\u00e1cilmente infiltrable&#8221;.<\/p>\n","protected":false},"excerpt":{"rendered":"<p>El acto libertario en C\u00f3rdoba termin\u00f3 de exponer la ca\u00edda en desgracia del jefe de Gabinete,\u00a0Nicol\u00e1s Posse. Los rumores respecto a una salida del ministro coordinador se intensificaron a partir del desplante del Presidente, quien le neg\u00f3 el saludo ante la vista de todo el mundo desde el sector VIP de la Plaza San Mart\u00edn, [&hellip;]<\/p>\n","protected":false},"author":2,"featured_media":20600,"comment_status":"closed","ping_status":"closed","sticky":false,"template":"","format":"standard","meta":{"footnotes":""},"categories":[79],"tags":[],"class_list":{"0":"post-20599","1":"post","2":"type-post","3":"status-publish","4":"format-standard","5":"has-post-thumbnail","7":"category-politica"},"_links":{"self":[{"href":"https:\/\/radiobitacora.com.ar\/web\/wp-json\/wp\/v2\/posts\/20599","targetHints":{"allow":["GET"]}}],"collection":[{"href":"https:\/\/radiobitacora.com.ar\/web\/wp-json\/wp\/v2\/posts"}],"about":[{"href":"https:\/\/radiobitacora.com.ar\/web\/wp-json\/wp\/v2\/types\/post"}],"author":[{"embeddable":true,"href":"https:\/\/radiobitacora.com.ar\/web\/wp-json\/wp\/v2\/users\/2"}],"replies":[{"embeddable":true,"href":"https:\/\/radiobitacora.com.ar\/web\/wp-json\/wp\/v2\/comments?post=20599"}],"version-history":[{"count":0,"href":"https:\/\/radiobitacora.com.ar\/web\/wp-json\/wp\/v2\/posts\/20599\/revisions"}],"wp:featuredmedia":[{"embeddable":true,"href":"https:\/\/radiobitacora.com.ar\/web\/wp-json\/wp\/v2\/media\/20600"}],"wp:attachment":[{"href":"https:\/\/radiobitacora.com.ar\/web\/wp-json\/wp\/v2\/media?parent=20599"}],"wp:term":[{"taxonomy":"category","embeddable":true,"href":"https:\/\/radiobitacora.com.ar\/web\/wp-json\/wp\/v2\/categories?post=20599"},{"taxonomy":"post_tag","embeddable":true,"href":"https:\/\/radiobitacora.com.ar\/web\/wp-json\/wp\/v2\/tags?post=20599"}],"curies":[{"name":"wp","href":"https:\/\/api.w.org\/{rel}","templated":true}]}}