{"id":20605,"date":"2024-05-27T08:23:58","date_gmt":"2024-05-27T11:23:58","guid":{"rendered":"https:\/\/radiobitacora.com.ar\/web\/?p=20605"},"modified":"2024-05-27T08:23:58","modified_gmt":"2024-05-27T11:23:58","slug":"ley-de-bases-y-paquete-fiscal-una-por-una-las-ultimas-modificaciones-que-pidio-la-oposicion-en-el-senado-para-dar-dictamen","status":"publish","type":"post","link":"https:\/\/radiobitacora.com.ar\/web\/2024\/05\/27\/ley-de-bases-y-paquete-fiscal-una-por-una-las-ultimas-modificaciones-que-pidio-la-oposicion-en-el-senado-para-dar-dictamen\/","title":{"rendered":"Ley de Bases y paquete fiscal: una por una las \u00faltimas modificaciones que pidi\u00f3 la oposici\u00f3n en el Senado para dar dictamen"},"content":{"rendered":"<article class=\"article-body article-body--first-paragraph content-protected-false\" data-td-script-src=\"https:\/\/www.ambito.com\/td\/modulos\/encuestas\/js\/function-embeds-min-version-1716523673.js\"><a href=\"https:\/\/www.ambito.com\/politica\/expectativa-y-realidad-congreso-traba-gobernadores-recalculan-y-opositores-se-reacomodan-n6004656\" target=\"_blank\" rel=\"follow noopener\">El Gobierno se juega una parada importante en el\u00a0<strong>Senado<\/strong><\/a>\u00a0con\u00a0<a href=\"https:\/\/www.ambito.com\/politica\/javier-milei-anuncio-que-el-gobierno-avanzara-una-reduccion-significativa-impuestos-n6004537\" target=\"_blank\" rel=\"follow noopener\">el proyecto de<strong>\u00a0ley Bases y el paquete fiscal<\/strong><\/a>. Despu\u00e9s de tres semanas de sesiones informativas en las comisiones y las trabas en las negociaciones con la oposici\u00f3n para introducir cambios, las iniciativas que impulsa el gobierno de<strong>\u00a0Javier Milei<\/strong>\u00a0podr\u00edan finalmente lograr un consenso en los pr\u00f3ximos d\u00edas y conseguir el dictamen para llevarlas al recinto de la C\u00e1mara alta.\u00a0<a href=\"https:\/\/www.ambito.com\/politica\/mauricio-macri-confirmo-que-el-pro-acompanara-la-ley-bases-debemos-ser-generosos-n6004765\" target=\"_blank\" rel=\"follow noopener\">Mauricio Macri confirm\u00f3 que el PRO acompa\u00f1ar\u00e1 al oficialismo<\/a>.<\/p>\n<\/article>\n<article class=\"article-body article-body--second-paragraph content-protected-false\">El mi\u00e9rcoles pasado, el oficialismo termin\u00f3 de recabar todos los pedidos de modificaciones por parte de los senadores dialoguistas por escrito y el plenario de comisi\u00f3n y la comisi\u00f3n de Presupuesto y Hacienda entr\u00f3 en cuarto intermedio hasta el martes o mi\u00e9rcoles pr\u00f3ximo.<\/p>\n<\/article>\n<article class=\"article-body article-body--third-paragraph content-protected-false\">Si bien el Poder Ejecutivo ya acept\u00f3 varias modificaciones como el RIGI, a\u00fan resta saber qu\u00e9 har\u00e1 con el resto de los cambios solicitados. Uno de los nuevos reclamos que apareci\u00f3 fue la eliminaci\u00f3n de algunas palabras del texto referido a las facultades delegadas y su incidencia en el sector p\u00fablico.<\/p>\n<\/article>\n<article class=\"article-body article-body--fourth-paragraph content-protected-false\">El senador de Unidad Federal,\u00a0<strong>Edgardo Kueider<\/strong>\u00a0de Entre R\u00edos, pidi\u00f3 eliminar la palabra &#8220;disoluci\u00f3n total o parcial&#8221;. De no prosperar esta propuesta, el entrerriano pidi\u00f3 la exclusi\u00f3n de una serie de empresas y organismo p\u00fablicos para que, eventualmente, no puedan ser eliminadas:\u00a0<strong>Instituto Nacional de Tecnolog\u00eda Industrial (INTI); Banco nacional de Datos Gen\u00e9ticos; CONADI; Senasa<\/strong>.<\/p>\n<\/article>\n<article class=\"article-body article-body--remaining-paragraph content-protected-false\">\n<div id=\"7936329-Libre-1546920956_wrap\" class=\"embed_cont type_imagen\" contenteditable=\"false\">\n<div id=\"7936329-Libre-1546920956_content\" class=\"embed_content\"><img decoding=\"async\" id=\"7936329-Libre-1546920956_embed\" title=\"Senado debate la ley Bases en comisiones.\" src=\"https:\/\/media.ambito.com\/p\/49933d7645fc30b5160a607afe7fdf52\/adjuntos\/239\/imagenes\/041\/525\/0041525162\/730x0\/smart\/senado-ley-bases-reforma-fiscal-plenario.jpeg\" alt=\"Senado debate la ley Bases en comisiones.\" width=\"730\" height=\"undefined\" data-td-src-property=\"https:\/\/media.ambito.com\/p\/49933d7645fc30b5160a607afe7fdf52\/adjuntos\/239\/imagenes\/041\/525\/0041525162\/730x0\/smart\/senado-ley-bases-reforma-fiscal-plenario.jpeg\" \/><\/div>\n<div id=\"7936329-Libre-1546920956_epigrafe\" class=\"embed_epigrafe\">\n<p>Senado debate la ley Bases en comisiones.<\/p>\n<\/div>\n<div id=\"7936329-Libre-1546920956_copyright\" class=\"embed_copyright\">Foto: Mariano Fuchila.<\/div>\n<\/div>\n<p>En esa l\u00ednea,\u00a0<strong>Kueider<\/strong>\u00a0solicit\u00f3 la quita de\u00a0<strong>Aerol\u00edneas Argentinas<\/strong>\u00a0de las empresas sujetas a privatizaci\u00f3n. Para defender su postura, asegur\u00f3 que &#8220;no todos los organismos del Estado pueden dar super\u00e1vit&#8221;.<\/p>\n<p>Tambi\u00e9n aspira a que se aparte el texto administrativo de\u00a0<strong>ley de Bases<\/strong>\u00a0y lo mismo con el\u00a0<strong>R\u00e9gimen de Incentivos para Grandes Inversiones (RIGI)<\/strong>.<\/p>\n<h2>Los cambios que se negocian a \u00faltimo momento en la ley Bases<\/h2>\n<p>No obstante, no le cerr\u00f3 la puerta a un posible apoyo a las modificaciones que podr\u00eda proponer el l\u00edder de la Uni\u00f3n C\u00edvica Radical (UCR) y senador porte\u00f1o,<strong>\u00a0Mart\u00edn Lousteau<\/strong>.<\/p>\n<p>El senador radical\u00a0<strong>V\u00edctor Zimmermann\u00a0<\/strong>(Chaco) le pidi\u00f3 al oficialismo que garantice el financiamiento de los organismos de ciencia y t\u00e9cnica bajo el\u00a0<strong>Plan 2030<\/strong>. Adem\u00e1s, en la misma l\u00ednea de\u00a0<strong>Kueider<\/strong>, objet\u00f3<strong>\u00a0la privatizaci\u00f3n de Aerol\u00edneas y sum\u00f3 al Correo Argentino<\/strong>.<\/p>\n<p>No obstante, el chaque\u00f1o sostuvo que, de concretarse las privatizaciones, pidi\u00f3 que los eventuales due\u00f1os mantengan las rutas deficitarias. Lo mismo para el\u00a0<strong>Correo Argentino<\/strong>: &#8220;Es un tema central para los pueblos del interior&#8221;.<\/p>\n<p>En el plano\u00a0<strong>laboral<\/strong>, habl\u00f3 de las cuotas sindicales y pidi\u00f3 que &#8220;sean v\u00e1lidas siempre y cuando haya una manifestaci\u00f3n manifiesta en contrario&#8221;. Los dardos siguieron para el\u00a0<strong>RIGI<\/strong>, donde pidi\u00f3 claridad para las competencias provinciales.<\/p>\n<p>En ese sentido, profundiz\u00f3 en la necesidad de ajustar art\u00edculos que protejan la producci\u00f3n local y la industria nacional para favorecer a la cadena de bienes y servicios: &#8220;Ser\u00eda positivo que, a partir de los 10 a\u00f1os, los beneficios empiecen a ser decrecientes&#8221;.<\/p>\n<p>Tambi\u00e9n toc\u00f3 el\u00a0<strong>tema previsional<\/strong>: &#8220;Creemos que la edad de la adhesi\u00f3n deber\u00eda\u00a0<strong>ser 60 a\u00f1os para las mujeres y 65 los hombres<\/strong>&#8220;.<\/p>\n<\/article>\n<div class=\"detail-gallery\">\n<div class=\"detail-gallery__slide-wrapper\">\n<div class=\"detail-gallery__slide\">\n<figure class=\"detail-gallery__figure\"><img loading=\"lazy\" decoding=\"async\" class=\"detail-gallery__figure-img img-fluid\" src=\"https:\/\/media.ambito.com\/p\/392d84fdbff0537b3e418830c115b0dc\/adjuntos\/239\/imagenes\/041\/509\/0041509915\/senado-comisiones-ley-basesjpg.jpg\" alt=\"SENADO COMISIONES LEY BASES.jpg\" width=\"690\" height=\"460\" \/><\/figure>\n<div class=\"detail-gallery__nav\"><\/div>\n<\/div>\n<\/div>\n<\/div>\n","protected":false},"excerpt":{"rendered":"<p>El Gobierno se juega una parada importante en el\u00a0Senado\u00a0con\u00a0el proyecto de\u00a0ley Bases y el paquete fiscal. Despu\u00e9s de tres semanas de sesiones informativas en las comisiones y las trabas en las negociaciones con la oposici\u00f3n para introducir cambios, las iniciativas que impulsa el gobierno de\u00a0Javier Milei\u00a0podr\u00edan finalmente lograr un consenso en los pr\u00f3ximos d\u00edas y [&hellip;]<\/p>\n","protected":false},"author":2,"featured_media":20606,"comment_status":"closed","ping_status":"closed","sticky":false,"template":"","format":"standard","meta":{"footnotes":""},"categories":[79],"tags":[],"class_list":{"0":"post-20605","1":"post","2":"type-post","3":"status-publish","4":"format-standard","5":"has-post-thumbnail","7":"category-politica"},"_links":{"self":[{"href":"https:\/\/radiobitacora.com.ar\/web\/wp-json\/wp\/v2\/posts\/20605","targetHints":{"allow":["GET"]}}],"collection":[{"href":"https:\/\/radiobitacora.com.ar\/web\/wp-json\/wp\/v2\/posts"}],"about":[{"href":"https:\/\/radiobitacora.com.ar\/web\/wp-json\/wp\/v2\/types\/post"}],"author":[{"embeddable":true,"href":"https:\/\/radiobitacora.com.ar\/web\/wp-json\/wp\/v2\/users\/2"}],"replies":[{"embeddable":true,"href":"https:\/\/radiobitacora.com.ar\/web\/wp-json\/wp\/v2\/comments?post=20605"}],"version-history":[{"count":0,"href":"https:\/\/radiobitacora.com.ar\/web\/wp-json\/wp\/v2\/posts\/20605\/revisions"}],"wp:featuredmedia":[{"embeddable":true,"href":"https:\/\/radiobitacora.com.ar\/web\/wp-json\/wp\/v2\/media\/20606"}],"wp:attachment":[{"href":"https:\/\/radiobitacora.com.ar\/web\/wp-json\/wp\/v2\/media?parent=20605"}],"wp:term":[{"taxonomy":"category","embeddable":true,"href":"https:\/\/radiobitacora.com.ar\/web\/wp-json\/wp\/v2\/categories?post=20605"},{"taxonomy":"post_tag","embeddable":true,"href":"https:\/\/radiobitacora.com.ar\/web\/wp-json\/wp\/v2\/tags?post=20605"}],"curies":[{"name":"wp","href":"https:\/\/api.w.org\/{rel}","templated":true}]}}