{"id":20608,"date":"2024-05-27T08:29:12","date_gmt":"2024-05-27T11:29:12","guid":{"rendered":"https:\/\/radiobitacora.com.ar\/web\/?p=20608"},"modified":"2024-05-27T08:29:12","modified_gmt":"2024-05-27T11:29:12","slug":"la-iglesia-reclamo-al-gobierno-que-entregue-las-5-toneladas-de-alimentos-almacenadas","status":"publish","type":"post","link":"https:\/\/radiobitacora.com.ar\/web\/2024\/05\/27\/la-iglesia-reclamo-al-gobierno-que-entregue-las-5-toneladas-de-alimentos-almacenadas\/","title":{"rendered":"La Iglesia reclam\u00f3 al Gobierno que entregue las 5 toneladas de alimentos almacenadas"},"content":{"rendered":"<article class=\"article-body article-body--first-paragraph content-protected-false\" data-td-script-src=\"https:\/\/www.ambito.com\/td\/modulos\/encuestas\/js\/function-embeds-min-version-1716523673.js\">El presidente de la\u00a0<strong>Conferencia Episcopal Argentina, Oscar Ojea<\/strong>,\u00a0<a href=\"https:\/\/www.ambito.com\/politica\/el-gobierno-afirmo-que-los-alimentos-que-tiene-stock-estan-perfecto-estado-y-son-emergencias-n6004504\" target=\"_blank\" rel=\"follow noopener\">reclam\u00f3 al\u00a0<strong>Gobierno<\/strong><\/a>\u00a0que entregue la\u00a0<strong>m\u00e1s de\u00a0<a href=\"https:\/\/www.ambito.com\/politica\/la-respuesta-los-comedores-javier-milei-no-llegamos-ni-mitad-mes-n6004835\" target=\"_blank\" rel=\"follow noopener\">cinco toneladas de comida<\/a>\u00a0almacenadas\u00a0<\/strong>en dep\u00f3sitos, bajo el riesgo de que se echen a perder. &#8220;No entro en las razones por las que est\u00e1n guardados&#8221;, expres\u00f3.<\/p>\n<\/article>\n<article class=\"article-body article-body--second-paragraph content-protected-false\">En un video de la\u00a0<strong>Conferencia Episcopal Argentina<\/strong>, Ojea pidi\u00f3 celeridad al Gobierno para la entrega de estos productos: &#8220;Existen dos dep\u00f3sitos de alimentos que\u00a0<strong>tienen 5 millones de kilos de alimentos guardados.<\/strong> No entro en las razones por las que est\u00e1n guardados pero pienso que en un tiempo de emergencia alimentaria tienen que llamarnos a la reflexi\u00f3n. R\u00e1pidamente tienen que ser entregados&#8221;.<\/p>\n<\/article>\n<article class=\"article-body article-body--third-paragraph content-protected-false\">&#8220;Esta sensibilidad frente al pan que yo tengo y<strong>\u00a0puede faltar en otras mesas va contra todo lo que significa por ejemplo tirar<\/strong>, cuando tiramos comida. Mi abuela\u00a0<strong>dec\u00eda que cuando tirara un poquito de pan lo besara\u00a0<\/strong>y pensara que ese pan que\u00a0<strong>pude comer y no lo com\u00ed hay otro que realmente lo necesita.<\/strong>\u00a0Realmente nos preocupa que se vaya perdiendo esta sensibilidad frente a un derecho esencial y primario: el derecho al alimento&#8221;, enfatiz\u00f3 el religioso.<\/p>\n<\/article>\n<article class=\"article-body article-body--fourth-paragraph content-protected-false\">Para cerrar el mensaje, volvi\u00f3 a insistir con el pedido de que se distribuyan los alimentos a quienes los necesiten: &#8220;Dios quiera que\u00a0<strong>r\u00e1pidamente se abran esos dep\u00f3sitos para que los hermanos con tant\u00edsimas necesidades puedan disfrutar de su alimento diario<\/strong>&#8220;.<\/p>\n<\/article>\n<article class=\"article-body article-body--remaining-paragraph content-protected-false\">\n<h2>El Gobierno asegur\u00f3 que los alimentos en stock &#8220;est\u00e1n en perfecto estado&#8221;<\/h2>\n<p>Ante los fuertes reclamos por el almacenamiento de estos alimentos, desde el\u00a0<strong>Ministerio de Capital Humano<\/strong>\u00a0aseguraron que los productos que guarda desde hace 6 meses en dep\u00f3sitos\u00a0<strong>&#8220;est\u00e1n en perfecto estado&#8221;<\/strong>\u00a0y son almacenados &#8220;para situaciones de emergencias&#8221;.<\/p>\n<p>Seg\u00fan explic\u00f3 el\u00a0<strong>secretario de Ni\u00f1ez y Familia<\/strong>,\u00a0<strong>Pablo De la Torre<\/strong>, la asistencia a la poblaci\u00f3n se canaliza a trav\u00e9s de la\u00a0<strong>Tarjeta Alimentar<\/strong>\u00a0y la\u00a0<strong>Asignaci\u00f3n Universal por Hijo (AUH)<\/strong>.<\/p>\n<p>&#8220;<strong>La comida est\u00e1 en perfecto estado<\/strong>, no est\u00e1 vencida, no se est\u00e1 pudriendo y se utiliza directamente para todo lo que son emergencias&#8221;, sostuvo en una entrevista radial el funcionario de la cartera que dirige\u00a0<strong>Sandra Petovello<\/strong>. En esta l\u00ednea, explic\u00f3: &#8220;En la Argentina hay una cat\u00e1strofe cada 10 o 15 d\u00edas y hay que asistir&#8221;.<\/p>\n<\/article>\n","protected":false},"excerpt":{"rendered":"<p>El presidente de la\u00a0Conferencia Episcopal Argentina, Oscar Ojea,\u00a0reclam\u00f3 al\u00a0Gobierno\u00a0que entregue la\u00a0m\u00e1s de\u00a0cinco toneladas de comida\u00a0almacenadas\u00a0en dep\u00f3sitos, bajo el riesgo de que se echen a perder. &#8220;No entro en las razones por las que est\u00e1n guardados&#8221;, expres\u00f3. En un video de la\u00a0Conferencia Episcopal Argentina, Ojea pidi\u00f3 celeridad al Gobierno para la entrega de estos productos: &#8220;Existen [&hellip;]<\/p>\n","protected":false},"author":2,"featured_media":20609,"comment_status":"closed","ping_status":"closed","sticky":false,"template":"","format":"standard","meta":{"footnotes":""},"categories":[79],"tags":[],"class_list":{"0":"post-20608","1":"post","2":"type-post","3":"status-publish","4":"format-standard","5":"has-post-thumbnail","7":"category-politica"},"_links":{"self":[{"href":"https:\/\/radiobitacora.com.ar\/web\/wp-json\/wp\/v2\/posts\/20608","targetHints":{"allow":["GET"]}}],"collection":[{"href":"https:\/\/radiobitacora.com.ar\/web\/wp-json\/wp\/v2\/posts"}],"about":[{"href":"https:\/\/radiobitacora.com.ar\/web\/wp-json\/wp\/v2\/types\/post"}],"author":[{"embeddable":true,"href":"https:\/\/radiobitacora.com.ar\/web\/wp-json\/wp\/v2\/users\/2"}],"replies":[{"embeddable":true,"href":"https:\/\/radiobitacora.com.ar\/web\/wp-json\/wp\/v2\/comments?post=20608"}],"version-history":[{"count":0,"href":"https:\/\/radiobitacora.com.ar\/web\/wp-json\/wp\/v2\/posts\/20608\/revisions"}],"wp:featuredmedia":[{"embeddable":true,"href":"https:\/\/radiobitacora.com.ar\/web\/wp-json\/wp\/v2\/media\/20609"}],"wp:attachment":[{"href":"https:\/\/radiobitacora.com.ar\/web\/wp-json\/wp\/v2\/media?parent=20608"}],"wp:term":[{"taxonomy":"category","embeddable":true,"href":"https:\/\/radiobitacora.com.ar\/web\/wp-json\/wp\/v2\/categories?post=20608"},{"taxonomy":"post_tag","embeddable":true,"href":"https:\/\/radiobitacora.com.ar\/web\/wp-json\/wp\/v2\/tags?post=20608"}],"curies":[{"name":"wp","href":"https:\/\/api.w.org\/{rel}","templated":true}]}}