{"id":20611,"date":"2024-05-27T08:33:26","date_gmt":"2024-05-27T11:33:26","guid":{"rendered":"https:\/\/radiobitacora.com.ar\/web\/?p=20611"},"modified":"2024-05-27T08:33:26","modified_gmt":"2024-05-27T11:33:26","slug":"expectativa-y-realidad-congreso-traba-gobernadores-recalculan-y-opositores-se-reacomodan","status":"publish","type":"post","link":"https:\/\/radiobitacora.com.ar\/web\/2024\/05\/27\/expectativa-y-realidad-congreso-traba-gobernadores-recalculan-y-opositores-se-reacomodan\/","title":{"rendered":"Expectativa y realidad: Congreso traba, gobernadores recalculan y opositores se reacomodan"},"content":{"rendered":"<article class=\"article-body article-body--first-paragraph content-protected-false\" data-td-script-src=\"https:\/\/www.ambito.com\/td\/modulos\/encuestas\/js\/function-embeds-min-version-1716523673.js\">Si al ep\u00edlogo de esta semana de\u00a0<strong>Javier Milei<\/strong>, encabezando un modesto acto en\u00a0<strong>C\u00f3rdoba<\/strong>, hubiese que graficarlo en los t\u00e9rminos tuiteros que bien domina el Presidente, se deber\u00eda optar por un meme del estilo\u00a0<strong>\u201cexpectativa \/ realidad\u201d<\/strong>.<\/p>\n<\/article>\n<article class=\"article-body article-body--second-paragraph content-protected-false\">El pacto refundacional con los gobernadores al pie y el Congreso disciplinado (al igual que el resto de los actores pol\u00edticos) que anhelaba el l\u00edder libertario tuvo otro final. Su llegada a la Docta fue en soledad, el<em>\u00a0proyecto Bases<\/em>\u00a0sigue empantanado en las comisiones del Senado -repleto de inc\u00f3gnitas-, mientras estall\u00f3 en\u00a0<strong>Misiones<\/strong>, provincia aliada de Milei, una crisis social que mira el resto del pa\u00eds con temor a un efecto contagio. De yapa, las turbulencias internas mostraron una foto inc\u00f3moda en el Gabinete, con<strong>\u00a0Nicol\u00e1s Posse\u00a0<\/strong>en el ojo de la tormenta. Ni alineamiento externo ni cohesi\u00f3n interna.<\/p>\n<\/article>\n<article class=\"article-body article-body--third-paragraph content-protected-false\">As\u00ed, el Gobierno observa estos s\u00edntomas que podr\u00e1n determinar un final de la luna de miel y un reacomodamiento de las fichas en el tablero, con una particularidad que se alumbr\u00f3 esta semana: se corri\u00f3, t\u00edmidamente, la divisoria de aguas y sectores de la\u00a0<strong>oposici\u00f3n no peronista<\/strong>\u00a0se animaron a tomar posturas conjuntas con\u00a0<strong>Uni\u00f3n por la Patria<\/strong>.<\/p>\n<\/article>\n<article class=\"article-body article-body--fourth-paragraph content-protected-false\">\n<h2>Se demora el Congreso y Milei presiona<\/h2>\n<p>As\u00ed como los sucesos del verano vieron morir a la\u00a0<strong>Ley Bases<\/strong>\u00a0de forma violenta, ahora el proyecto clave del gobierno agoniza con lentitud. Lo sabe\u00a0<strong>Milei<\/strong>, que ya acusa a los legisladores por cualquiera de los males que se vengan si no se sanciona la ley: suba del riesgo pa\u00eds, del d\u00f3lar paralelo, presi\u00f3n impositiva y falta de confianza. Un acorralamiento a senadores, y tambi\u00e9n a diputados, que podr\u00e1 tener un efecto contrario al esperado. Desconocimiento del Congreso. En especial, del Senado.<\/p>\n<\/article>\n<article class=\"article-body article-body--remaining-paragraph content-protected-false\">\u201cVinieron a la primera reuni\u00f3n con un dictamen para que lo firmemos.<strong>\u00a0Pasaba Abdala recolectando firmas<\/strong>. Quer\u00edan que saliera as\u00ed, sin debatir\u201d, mencionaba azorado un senador nacional. En rigor, como se viene anticipando, pesan las diferencias insalvables respecto al\u00a0<strong>R\u00e9gimen de Incentivo a las Grandes Inversiones (RIGI)<\/strong>, al generoso blanqueo de capitales y la negativa de las provincias al retorno de la cuarta categor\u00eda del\u00a0<strong>Impuesto a las Ganancias<\/strong>\u00a0en el paquete de alivio fiscal. Bajo el peine fino: facultades delegadas y el listado de empresas a privatizar.<\/p>\n<p>\u201cAdem\u00e1s de que la votaci\u00f3n fue por cap\u00edtulos y no por art\u00edculos, se suma que en Diputados ten\u00edan los n\u00fameros. En el Senado, no. Por eso se alarga ahora el debate. Pero no es que no le\u00edmos el proyecto como est\u00e1n diciendo\u201d, se excusaba un diputado de uno de los\u00a0<strong>bloques federales<\/strong>, ante reflectores que ahora se posan en el an\u00e1lisis laxo de la C\u00e1mara Baja.<\/p>\n<p>Como fuera, el Gobierno intent\u00f3 dinamizar la negociaci\u00f3n con los opositores con la<a href=\"https:\/\/www.ambito.com\/politica\/ley-bases-villarruel-se-pone-al-frente-negociacion-senado-y-reune-hoy-jefes-bloque-n6001475\" target=\"_blank\" rel=\"follow noopener\">\u00a0inclusi\u00f3n de\u00a0<strong>Victoria Villarruel<\/strong>\u00a0en la mesa<\/a>. El primer objetivo es que no haya dispersiones y centralizar el di\u00e1logo con los jefes de bloque. Una forma de apostar a la mayor\u00eda que la vicepresidenta logr\u00f3 obtener en el verano para designar autoridades, pero tambi\u00e9n para neutralizar a los l\u00edberos<strong>\u00a0Mart\u00edn Lousteau (UCR) y Guadalupe Tagliaferri (PRO)<\/strong>, ambos porte\u00f1os, que tienen un listado de pedidos aut\u00f3nomos.<\/p>\n<p>El punteo de objeciones del radical es extenso. En cuanto al paquete fiscal, defini\u00f3 al blanqueo como\u00a0<strong>\u201cel m\u00e1s generoso de la historia\u201d<\/strong>, ya que permite blanquear a tasa cero. La flexibilidad en torno a los familiares, la aceptaci\u00f3n de la figura del testaferro, los plazos para que ingresen exfuncionarios son otros de los art\u00edculos en cuesti\u00f3n, que se cruzan con los an\u00e1lisis de Uni\u00f3n por la Patria.<\/p>\n<p>\u201cEl que tiene el dinero afuera, va a poder pagar con 2,25% cinco a\u00f1os del impuesto a los\u00a0<strong>Bienes Personales<\/strong>; mientras la tasa de inter\u00e9s por un plazo fijo en los\u00a0<strong>Estados Unidos\u00a0<\/strong>es del 5% anual. Con cinco meses de un plazo fijo en los Estados Unidos, se pagan los impuestos a los bienes personales de los pr\u00f3ximos cinco a\u00f1os\u201d, apunta el presidente de la UCR. Asimismo, observa que hay una rebaja impositiva para los sectores con mejor situaci\u00f3n patrimonial, que son aquellos que declaran Bienes Personales.<strong>\u00a0\u201cEs decir, para la parte m\u00e1s alta de la pir\u00e1mide de ingresos de nuestro pa\u00eds: los m\u00e1s ricos de la Argentina van a pagar menos\u201d<\/strong>, expresa el senador a su c\u00edrculo.<\/p>\n<p>En la Ley Bases, el\u00a0<strong>RIGI<\/strong>\u00a0sigue siendo el apartado m\u00e1s dif\u00edcil de digerir. A todos los puntos que se mencionaron respecto a los beneficios impositivos in\u00e9ditos y a la falta de un incentivo al desarrollo de proveedores locales, se van sumando m\u00e1s descubrimientos que traban el dictamen. Por ejemplo, la<strong>\u00a0transferencia de quebrantos<\/strong>. Si la empresa pierde plata, puede darse vuelta y transferirla a alguien. A los tres meses, puede usar el cr\u00e9dito fiscal de IVA y, de hecho, transferirlo si no lo usa.<\/p>\n<p>\u201c\u00bfCon este r\u00e9gimen podr\u00edan, por ejemplo, venir inversiones china o saud\u00ed que est\u00e9n interesadas en hacer un puerto, comprar tierras y, despu\u00e9s, exportar sin derechos de exportaci\u00f3n los alimentos? \u00bfest\u00e1 restringida o no est\u00e1 restringida? \u00bfPaga derecho de exportaci\u00f3n o no paga derecho de exportaci\u00f3n?\u201d, pregunta\u00a0<strong>Lousteau<\/strong>\u00a0en sus apuntes.<\/p>\n<p>Tambi\u00e9n persisten dudas sobre la autonom\u00eda de las provincias, respecto a sus propios programas de compre nacional o el uso de recursos naturales.\u00a0<a href=\"https:\/\/www.ambito.com\/politica\/la-inconstitucionalidad-del-rigi-la-mira-un-pj-que-se-aleja-del-progresismo-n5996979\" target=\"_blank\" rel=\"follow noopener\">Ya se dijo en esta columna:\u00a0<strong>anticipa peleas judiciales<\/strong><\/a>\u00a0por la prevalencia de las normas, que terminar\u00e1 en planteos de inconstitucionalidad del RIGI, llegado el caso.<\/p>\n<p>En ese punto, en los cuarteles del peronismo entienden que el RIGI fue escrito lisa y llanamente por los estudios de las grandes empresas que estar\u00edan en condiciones de hacer las inversiones, y que el primer punto que quieren blindar es que\u00a0<strong>cualquier controversia se dirima en los tribunales internacionales<\/strong>, como dice el texto actual.<\/p>\n<p>En el oficialismo empiezan a darse cuenta de que acelerar el dictamen puede ser perjudicial, ya que es un complejo juego de jenga en el cual tocar una ficha puede tirar abajo todo el edificio.\u00a0<strong>Villarruel alert\u00f3 que recibir senadores \u201csueltos\u201d duplica problemas<\/strong>. \u201cEn cuanto te sentaste con un provincial, golpea la puerta uno de otra provincia. Entonces, pasaste de tener una demanda, a tener dos\u201d, dijo la vice a los otros negociadores, el\u00a0<strong>ministro del Interior Guillermo Francos y el vicejefe de Gabinete, Jos\u00e9 Rolandi<\/strong>. Lo mismo ocurre con los gobernadores: si para conseguir un voto se giran recursos o se destraban obras, los pedidos se multiplican. Nadie quiere ceder un centavo, y en las provincias ya no se contentan con promesas porque luego pueden no cumplirse.\u00a0<strong>\u201cNo le creen al Gobierno\u201d<\/strong>, dijo un conocedor de las ligas del interior.<\/p>\n<p>A hoy, el dictamen no est\u00e1. Algunos senadores clave como los santacruce\u00f1os, que pueden definir la votaci\u00f3n, no pondr\u00e1n la firma. Ni siquiera piensan en el recinto, en si acompa\u00f1ar\u00e1n o rechazar\u00e1n la ley en general. Falta para eso una eternidad.<\/p>\n<p>Asimismo, hay voces en el oficialismo que ruegan descartar la estrategia para que, si el texto se aprobara con cambios en el Senado, los diputados insistan con el proyecto original. Lo ven como una declaraci\u00f3n de guerra que llevar\u00eda a tener que lidiar con un Congreso en contra durante toda la gesti\u00f3n.<\/p>\n<h2><strong>Los l\u00edmites dejan de ser K<\/strong><\/h2>\n<p>Esos movimientos en el Congreso marcaron una novedad: los<strong>\u00a0radicales empezaron a tomar posiciones comunes con el peronismo\u00a0<\/strong>en ciertos temas. Se vio no solo en las comisiones de la\u00a0<strong>C\u00e1mara Alta<\/strong>, sino tambi\u00e9n en los debates por la emergencia presupuestaria en las universidades en Diputados.<\/p>\n<p>Notaron que son\u00a0<strong>opositores a Milei<\/strong>\u00a0y que coincidir en algunas iniciativas con el kirchnerismo no los deja atados a los bolsos de L\u00f3pez.\u00a0<strong>Las equivalencias son fluctuantes\u00a0<\/strong>y pueden mover el arco pol\u00edtico. Lo graficaba un dirigente del PRO porte\u00f1o, a trav\u00e9s de una analog\u00eda con las marchas contra la primera Ley Bases. \u201cPrimero vino la izquierda a pedir que se permitiera manifestar, despu\u00e9s el peronismo por el accionar de la polic\u00eda, despu\u00e9s los radicales cuando se llevaron detenidas a dos chicas que se sentaron en la calle. En un rato,\u00a0<strong>si no desactiv\u00e1bamos la bomba, ten\u00edan los dos tercios para remover a un funcionario de seguridad<\/strong>\u00a0en la Legislatura\u201d, dec\u00eda.<\/p>\n<p>Es una mala noticia para el Gobierno. Porque si el espanto deja de ser el kirchnerismo y pasa a ser\u00a0<strong>La Libertad Avanza<\/strong>, puede hacer mella en una fuerza escu\u00e1lida en el parlamento y sin capilaridad territorial.<\/p>\n<p>La lealtad a la\u00a0<strong>Casa Rosada\u00a0<\/strong>es repensada adem\u00e1s en las gobernaciones, sobre todo despu\u00e9s del estallido en\u00a0<strong>Misiones<\/strong>, que tiene condimentos locales como el verticalismo del sello gobernante, el\u00a0<strong>Frente Renovador de la Concordia<\/strong>, sin disidencias internas. Al provincialismo misionero Francos le prometi\u00f3 que\u00a0<strong>La Libertad Avanza<\/strong>\u00a0no jugar\u00eda en el distrito, aunque tampoco tendr\u00eda con qu\u00e9. Esa promesa en las boletas 2025 no alcanza para desactivar los\u00a0<strong>conflictos sociales<\/strong>, generados por una motosierra feroz hacia las provincias y por una recesi\u00f3n que deja ramas productivas en niveles de pandemia, pese a que Covid es historia.<\/p>\n<p>En ese punto, est\u00e1n todos los gobernadores en la misma bolsa. Adem\u00e1s de acelerar paritarias para que act\u00faen como cortafuegos, los\u00a0<strong>mandatarios recalculan la relaci\u00f3n con la Casa Rosada<\/strong>. El salte\u00f1o<strong>\u00a0Gustavo S\u00e1enz<\/strong>, de los primeros en arrimarse al calor libertario,\u00a0<a href=\"https:\/\/www.ambito.com\/politica\/saenz-desafia-milei-y-convoca-gobernadores-al-pacto-guemes-el-17-junio-n6002064\" target=\"_blank\" rel=\"follow noopener\">convoc\u00f3 a la dirigencia local a un<strong>\u00a0Pacto de G\u00fcemes<\/strong><\/a>, una suerte de contrapacto de Mayo aut\u00f3ctono, con cuestionamientos a Naci\u00f3n. Los patag\u00f3nicos, que hab\u00edan dejado de ser tan combativos como en marzo\/abril, se rearman para mostrar de nuevo los dientes.\u00a0<strong>Misiones<\/strong>\u00a0es una inc\u00f3gnita. Los mandatarios de<strong>\u00a0Juntos por el Cambio\u00a0<\/strong>se morigeran: \u201cApoyamos darle herramientas, pero si vemos algo que est\u00e1 mal levantamos la mano y ah\u00ed no acompa\u00f1amos\u201d, dijo uno de ellos, consultado por\u00a0<strong>\u00c1mbito<\/strong>.<\/p>\n<p>Para todos fue un alivio no colgarse la medalla de patriota en C\u00f3rdoba. Se descuenta al peronismo duro, que alert\u00f3 de movida. El\u00a0<strong>pampeano Sergio Zilotto\u00a0<\/strong>el 2 de marzo, apenas lanzada la convocatoria, ya se hab\u00eda bajado. Los m\u00e1s combativos se fueron acoplando con el correr del tiempo.<\/p>\n<p>Puertas adentro, el piso tambi\u00e9n cruje.\u00a0<strong>\u201cHay un clima enrarecido, el anuncio de anoche del Presidente movi\u00f3 el avispero\u201d<\/strong>, confesaba un ministro el viernes, luego de que Milei pusiera a todo el Gabinete en duda, en funci\u00f3n de la Ley Bases. El jefe de Gabinete camina por la cornisa: tras confirmar con demoras presencia en los actos de ayer, el Presidente evit\u00f3 saludarlo y tampoco lo nombr\u00f3 el locutor en el Tedeum.<\/p>\n<p>Aunque est\u00e1 claro que la interna la est\u00e1 ganando\u00a0<strong>Luis \u201cToto\u201d Caputo<\/strong>, la salida de\u00a0<strong>Posse<\/strong>\u00a0traer\u00e1 nuevos espadeos, ya que se trata de un sill\u00f3n codiciado, no solo por soldados de origen libertario, sino por los importados del PRO.<\/p>\n<\/article>\n","protected":false},"excerpt":{"rendered":"<p>Si al ep\u00edlogo de esta semana de\u00a0Javier Milei, encabezando un modesto acto en\u00a0C\u00f3rdoba, hubiese que graficarlo en los t\u00e9rminos tuiteros que bien domina el Presidente, se deber\u00eda optar por un meme del estilo\u00a0\u201cexpectativa \/ realidad\u201d. El pacto refundacional con los gobernadores al pie y el Congreso disciplinado (al igual que el resto de los actores [&hellip;]<\/p>\n","protected":false},"author":2,"featured_media":20612,"comment_status":"closed","ping_status":"closed","sticky":false,"template":"","format":"standard","meta":{"footnotes":""},"categories":[79],"tags":[],"class_list":{"0":"post-20611","1":"post","2":"type-post","3":"status-publish","4":"format-standard","5":"has-post-thumbnail","7":"category-politica"},"_links":{"self":[{"href":"https:\/\/radiobitacora.com.ar\/web\/wp-json\/wp\/v2\/posts\/20611","targetHints":{"allow":["GET"]}}],"collection":[{"href":"https:\/\/radiobitacora.com.ar\/web\/wp-json\/wp\/v2\/posts"}],"about":[{"href":"https:\/\/radiobitacora.com.ar\/web\/wp-json\/wp\/v2\/types\/post"}],"author":[{"embeddable":true,"href":"https:\/\/radiobitacora.com.ar\/web\/wp-json\/wp\/v2\/users\/2"}],"replies":[{"embeddable":true,"href":"https:\/\/radiobitacora.com.ar\/web\/wp-json\/wp\/v2\/comments?post=20611"}],"version-history":[{"count":0,"href":"https:\/\/radiobitacora.com.ar\/web\/wp-json\/wp\/v2\/posts\/20611\/revisions"}],"wp:featuredmedia":[{"embeddable":true,"href":"https:\/\/radiobitacora.com.ar\/web\/wp-json\/wp\/v2\/media\/20612"}],"wp:attachment":[{"href":"https:\/\/radiobitacora.com.ar\/web\/wp-json\/wp\/v2\/media?parent=20611"}],"wp:term":[{"taxonomy":"category","embeddable":true,"href":"https:\/\/radiobitacora.com.ar\/web\/wp-json\/wp\/v2\/categories?post=20611"},{"taxonomy":"post_tag","embeddable":true,"href":"https:\/\/radiobitacora.com.ar\/web\/wp-json\/wp\/v2\/tags?post=20611"}],"curies":[{"name":"wp","href":"https:\/\/api.w.org\/{rel}","templated":true}]}}