{"id":20629,"date":"2024-05-27T09:05:55","date_gmt":"2024-05-27T12:05:55","guid":{"rendered":"https:\/\/radiobitacora.com.ar\/web\/?p=20629"},"modified":"2024-05-27T09:05:55","modified_gmt":"2024-05-27T12:05:55","slug":"corrientes-peligran-200-puestos-de-trabajo-tras-posible-cierre-de-fabrica-textil","status":"publish","type":"post","link":"https:\/\/radiobitacora.com.ar\/web\/2024\/05\/27\/corrientes-peligran-200-puestos-de-trabajo-tras-posible-cierre-de-fabrica-textil\/","title":{"rendered":"Corrientes: Peligran 200 puestos de trabajo tras posible cierre de f\u00e1brica t\u00e9xtil"},"content":{"rendered":"<p>Desde el 1 de junio, la reconocida f\u00e1brica textil de Goya, Hilanderia Alal, ha decidido paralizar toda su producci\u00f3n, seg\u00fan comunic\u00f3 la empresa a sus empleados. La planta, conocida por la calidad de sus hilados y tejidos, enfrenta una crisis que afecta tanto a sus trabajadores como a la econom\u00eda local.<\/p>\n<p>La medida se debe a la acumulaci\u00f3n de hilo y telas en sus dep\u00f3sitos, lo que impide continuar con la producci\u00f3n. En principio, el cierre ser\u00eda temporal, con una duraci\u00f3n de 60 d\u00edas. Sin embargo, en el contexto actual de fuerte recesi\u00f3n, existe una gran incertidumbre sobre el futuro de la planta. No se descartan despidos o medidas m\u00e1s dr\u00e1sticas que podr\u00edan afectar a\u00fan m\u00e1s a la plantilla de empleados.<\/p>\n<p>La empresa, propiedad de Emilio Alal, hab\u00eda experimentado un crecimiento constante hasta el a\u00f1o 2023. Durante ese per\u00edodo, incluso hab\u00eda ampliado su plantilla para hacer frente a la demanda de hilados de algod\u00f3n y tejidos. Sin embargo, las pol\u00edticas econ\u00f3micas implementadas recientemente por la administraci\u00f3n de Javier Milei han impactado de manera negativa en el sector textil, especialmente en Corrientes, donde representa una fuente importante de empleo calificado.<\/p>\n<div class=\" large m_image\">\n<figure><picture><source srcset=\"https:\/\/www.radiodos.com.ar\/content\/bucket\/5\/233885w790h526c.png.webp\" type=\"image\/webp\" media=\"(min-width: 640px)\" \/><source srcset=\"https:\/\/www.radiodos.com.ar\/content\/bucket\/5\/233885w440h293c.png.webp\" type=\"image\/webp\" media=\"(min-width: 300px)\" \/><source srcset=\"https:\/\/www.radiodos.com.ar\/content\/bucket\/5\/233885w790h526c.png\" media=\"(min-width: 300px)\" \/><img loading=\"lazy\" decoding=\"async\" class=\"pic\" src=\"https:\/\/www.radiodos.com.ar\/content\/bucket\/5\/233885w790h526c.png.webp\" alt=\"\" width=\"790\" height=\"526\" \/><\/picture><figcaption>F\u00e1brica textil de Goya paraliza su producci\u00f3n: incertidumbre para los trabajadores<\/figcaption><\/figure>\n<\/div>\n<p>En un esfuerzo por mitigar la crisis, la empresa ha decidido pagar a los trabajadores entre el 50% y el 70% de sus salarios durante el per\u00edodo de cierre. Aun as\u00ed, esta medida agrava la situaci\u00f3n de pobreza y la ca\u00edda del consumo en Goya, incrementando la incertidumbre y la preocupaci\u00f3n entre los habitantes de la ciudad.<\/p>\n<p>Los empleados de la f\u00e1brica, muchos de los cuales han dedicado a\u00f1os de servicio a la empresa, enfrentan ahora un futuro incierto. La comunidad espera que esta paralizaci\u00f3n sea realmente temporal y que la empresa pueda retomar su producci\u00f3n, garantizando as\u00ed el sustento de muchas familias que dependen de esta industria.<\/p>\n<p>&nbsp;<\/p>\n<div class=\"external\"><iframe loading=\"lazy\" src=\"https:\/\/www.google.com\/maps\/embed?pb=!1m18!1m12!1m3!1d3485.1551164370053!2d-59.256599824480865!3d-29.13061487539638!2m3!1f0!2f0!3f0!3m2!1i1024!2i768!4f13.1!3m3!1m2!1s0x944e84edfdaf3175%3A0xd2d4b187089b4006!2sEmilio%20Alal!5e0!3m2!1ses-419!2sar!4v1716760792125!5m2!1ses-419!2sar\" width=\"100%\" height=\"450\" allowfullscreen=\"allowfullscreen\" data-mce-fragment=\"1\"><\/iframe><\/div>\n<p>&nbsp;<\/p>\n","protected":false},"excerpt":{"rendered":"<p>Desde el 1 de junio, la reconocida f\u00e1brica textil de Goya, Hilanderia Alal, ha decidido paralizar toda su producci\u00f3n, seg\u00fan comunic\u00f3 la empresa a sus empleados. La planta, conocida por la calidad de sus hilados y tejidos, enfrenta una crisis que afecta tanto a sus trabajadores como a la econom\u00eda local. La medida se debe [&hellip;]<\/p>\n","protected":false},"author":2,"featured_media":20630,"comment_status":"closed","ping_status":"closed","sticky":false,"template":"","format":"standard","meta":{"footnotes":""},"categories":[56],"tags":[],"class_list":{"0":"post-20629","1":"post","2":"type-post","3":"status-publish","4":"format-standard","5":"has-post-thumbnail","7":"category-locales"},"_links":{"self":[{"href":"https:\/\/radiobitacora.com.ar\/web\/wp-json\/wp\/v2\/posts\/20629","targetHints":{"allow":["GET"]}}],"collection":[{"href":"https:\/\/radiobitacora.com.ar\/web\/wp-json\/wp\/v2\/posts"}],"about":[{"href":"https:\/\/radiobitacora.com.ar\/web\/wp-json\/wp\/v2\/types\/post"}],"author":[{"embeddable":true,"href":"https:\/\/radiobitacora.com.ar\/web\/wp-json\/wp\/v2\/users\/2"}],"replies":[{"embeddable":true,"href":"https:\/\/radiobitacora.com.ar\/web\/wp-json\/wp\/v2\/comments?post=20629"}],"version-history":[{"count":0,"href":"https:\/\/radiobitacora.com.ar\/web\/wp-json\/wp\/v2\/posts\/20629\/revisions"}],"wp:featuredmedia":[{"embeddable":true,"href":"https:\/\/radiobitacora.com.ar\/web\/wp-json\/wp\/v2\/media\/20630"}],"wp:attachment":[{"href":"https:\/\/radiobitacora.com.ar\/web\/wp-json\/wp\/v2\/media?parent=20629"}],"wp:term":[{"taxonomy":"category","embeddable":true,"href":"https:\/\/radiobitacora.com.ar\/web\/wp-json\/wp\/v2\/categories?post=20629"},{"taxonomy":"post_tag","embeddable":true,"href":"https:\/\/radiobitacora.com.ar\/web\/wp-json\/wp\/v2\/tags?post=20629"}],"curies":[{"name":"wp","href":"https:\/\/api.w.org\/{rel}","templated":true}]}}