{"id":20638,"date":"2024-05-27T09:16:03","date_gmt":"2024-05-27T12:16:03","guid":{"rendered":"https:\/\/radiobitacora.com.ar\/web\/?p=20638"},"modified":"2024-05-27T09:16:03","modified_gmt":"2024-05-27T12:16:03","slug":"mas-presion-peronista-para-que-camau-no-vote-la-ley-bases","status":"publish","type":"post","link":"https:\/\/radiobitacora.com.ar\/web\/2024\/05\/27\/mas-presion-peronista-para-que-camau-no-vote-la-ley-bases\/","title":{"rendered":"M\u00e1s presi\u00f3n peronista para que &#8220;Camau&#8221; no vote la Ley Bases"},"content":{"rendered":"<p>La dirigencia de un sector del peronismo correntino suma presi\u00f3n pol\u00edtica para reclamar al senador Carlos Mauricio &#8220;Camau&#8221; Esp\u00ednola no vote a favor de aprobar la Ley Bases, que se espera tenga dictamen esta semana en la C\u00e1mara Alta del Congreso nacional. Para ello convocan a un encuentro del que participar\u00e1n los senadores de Uni\u00f3n por la Patria, Oscar Parrilli, de Neuqu\u00e9n, y la chaque\u00f1a, Mar\u00eda Pilatti Vergara, en la sede del Partido Justicialista (PJ).<\/p>\n<p>La cita es a las 18 en la sede Salta 663 de la capital correntina donde tambi\u00e9n estar\u00e1n referentes y militantes del peronismo con dirigentes de la Confederaci\u00f3n General del Trabajo (CGT), Central de Trabajadores Argentinos (CTA) y de organizaci\u00f3n estudiantiles.<\/p>\n<div class=\"center medium m_image\">\n<figure><picture><source srcset=\"https:\/\/www.diarioepoca.com\/content\/bucket\/9\/1364819w380h467c.jpg.webp\" type=\"image\/webp\" media=\"(min-width: 640px)\" \/><source srcset=\"https:\/\/www.diarioepoca.com\/content\/bucket\/9\/1364819w440h541c.jpg.webp\" type=\"image\/webp\" media=\"(min-width: 300px)\" \/><source srcset=\"https:\/\/www.diarioepoca.com\/content\/bucket\/9\/1364819w380h467c.jpg\" media=\"(min-width: 300px)\" \/><img loading=\"lazy\" decoding=\"async\" class=\"pic\" src=\"https:\/\/www.diarioepoca.com\/content\/bucket\/9\/1364819w380h467c.jpg.webp\" alt=\"\" width=\"380\" height=\"467\" \/><\/picture><\/figure>\n<\/div>\n<p>El lema del encuentro es &#8220;Mayo no es pacto, Mayo es Revoluci\u00f3n&#8221; y el objetivo es sumar expresiones de reclamo para el senador Esp\u00ednola que fue electo por el frente que encabeza el peronismo correntino y actualmente preside el bloque &#8220;Uni\u00f3n Federal&#8221;, que re\u00fane a legisladores que responden a sectores dialoguistas con el Gobierno de Milei.<\/p>\n<p>Desde las usinas peronistas informaron que se trata del &#8220;segundo encuentro del ciclo \u0091Formaci\u00f3n y Debate\u0092 organizado por Equipos T\u00e9cnicos y la Militancia social y pol\u00edtica del Justicialismo; las centrales sindicales CGT Regional Corrientes, la CTA de los Trabajadores de Corrientes y universitarias.&#8221;<\/p>\n<p>Explicaron que los expositores detallar\u00e1n el impacto que tendr\u00e1n, especialmente en Corrientes, la denominada Ley Bases, el DNU N\u00b070, el posible &#8220;Pacto de Ajuste&#8221; del presidente Milei con gobernadores y toda medida que afecte derechos laborales, previsionales, sociales, humanos; que generen p\u00e9rdida de puestos de trabajo, cierre de PYME, encarecimiento desmedido del costo de vida; disoluci\u00f3n del Estado nacional; p\u00e9rdida de Soberan\u00eda y de Independencia econ\u00f3mica; privatizaci\u00f3n de recursos naturales y de patrimonio estrat\u00e9gico de la Patria, entre otros puntos.<\/p>\n<h2>Con la prensa<\/h2>\n<p>El senador nacional, Oscar Parrilli, uno de los legisladores m\u00e1s cercanos a la expresidente, Cristina Fern\u00e1ndez de Kirchner, ofrecer\u00e1 una conferencia de prensa en la sede del PJ correntino, a las 10. El legislador explicitar\u00e1 las objeciones que tiene el kirchnerismo al proyecto de Ley Bases, su rechazo al Decreto de Necesidad y Urgencia N\u00famero70\/23 y otras iniciativas legislativa que impulsa la Presidencia y tienen fuerte impacto en la econom\u00eda y el trabajo en las provincias.<\/p>\n","protected":false},"excerpt":{"rendered":"<p>La dirigencia de un sector del peronismo correntino suma presi\u00f3n pol\u00edtica para reclamar al senador Carlos Mauricio &#8220;Camau&#8221; Esp\u00ednola no vote a favor de aprobar la Ley Bases, que se espera tenga dictamen esta semana en la C\u00e1mara Alta del Congreso nacional. Para ello convocan a un encuentro del que participar\u00e1n los senadores de Uni\u00f3n [&hellip;]<\/p>\n","protected":false},"author":2,"featured_media":20639,"comment_status":"closed","ping_status":"closed","sticky":false,"template":"","format":"standard","meta":{"footnotes":""},"categories":[79],"tags":[],"class_list":{"0":"post-20638","1":"post","2":"type-post","3":"status-publish","4":"format-standard","5":"has-post-thumbnail","7":"category-politica"},"_links":{"self":[{"href":"https:\/\/radiobitacora.com.ar\/web\/wp-json\/wp\/v2\/posts\/20638","targetHints":{"allow":["GET"]}}],"collection":[{"href":"https:\/\/radiobitacora.com.ar\/web\/wp-json\/wp\/v2\/posts"}],"about":[{"href":"https:\/\/radiobitacora.com.ar\/web\/wp-json\/wp\/v2\/types\/post"}],"author":[{"embeddable":true,"href":"https:\/\/radiobitacora.com.ar\/web\/wp-json\/wp\/v2\/users\/2"}],"replies":[{"embeddable":true,"href":"https:\/\/radiobitacora.com.ar\/web\/wp-json\/wp\/v2\/comments?post=20638"}],"version-history":[{"count":0,"href":"https:\/\/radiobitacora.com.ar\/web\/wp-json\/wp\/v2\/posts\/20638\/revisions"}],"wp:featuredmedia":[{"embeddable":true,"href":"https:\/\/radiobitacora.com.ar\/web\/wp-json\/wp\/v2\/media\/20639"}],"wp:attachment":[{"href":"https:\/\/radiobitacora.com.ar\/web\/wp-json\/wp\/v2\/media?parent=20638"}],"wp:term":[{"taxonomy":"category","embeddable":true,"href":"https:\/\/radiobitacora.com.ar\/web\/wp-json\/wp\/v2\/categories?post=20638"},{"taxonomy":"post_tag","embeddable":true,"href":"https:\/\/radiobitacora.com.ar\/web\/wp-json\/wp\/v2\/tags?post=20638"}],"curies":[{"name":"wp","href":"https:\/\/api.w.org\/{rel}","templated":true}]}}